{"id":12665,"date":"2022-11-06T08:57:00","date_gmt":"2022-11-06T07:57:00","guid":{"rendered":"http:\/\/armin-knab-gymnasium.de\/Home\/?p=12665"},"modified":"2022-11-06T19:13:59","modified_gmt":"2022-11-06T18:13:59","slug":"alpenueberquerung-2022","status":"publish","type":"post","link":"https:\/\/armin-knab-gymnasium.de\/Home\/2022\/11\/06\/alpenueberquerung-2022\/","title":{"rendered":"Alpen\u00fcberquerung 2022"},"content":{"rendered":"\n<figure class=\"wp-block-image\"><img loading=\"lazy\" decoding=\"async\" width=\"1280\" height=\"960\" src=\"https:\/\/armin-knab-gymnasium.de\/Home\/wp-content\/uploads\/2021\/12\/Gruppenbild-AKG.jpg\" alt=\"\" class=\"wp-image-12666\" srcset=\"https:\/\/armin-knab-gymnasium.de\/Home\/wp-content\/uploads\/2021\/12\/Gruppenbild-AKG.jpg 1280w, https:\/\/armin-knab-gymnasium.de\/Home\/wp-content\/uploads\/2021\/12\/Gruppenbild-AKG-300x225.jpg 300w, https:\/\/armin-knab-gymnasium.de\/Home\/wp-content\/uploads\/2021\/12\/Gruppenbild-AKG-1024x768.jpg 1024w, https:\/\/armin-knab-gymnasium.de\/Home\/wp-content\/uploads\/2021\/12\/Gruppenbild-AKG-768x576.jpg 768w, https:\/\/armin-knab-gymnasium.de\/Home\/wp-content\/uploads\/2021\/12\/Gruppenbild-AKG-624x468.jpg 624w, https:\/\/armin-knab-gymnasium.de\/Home\/wp-content\/uploads\/2021\/12\/Gruppenbild-AKG-240x180.jpg 240w\" sizes=\"auto, (max-width: 1280px) 100vw, 1280px\" \/><\/figure>\n\n\n\n<p class=\"is-style-styled has-large-font-size\"><strong>Filmpremiere f\u00fcr Sponsoren, Familien und Freunde<\/strong><\/p>\n\n\n\n<figure class=\"wp-block-gallery has-nested-images columns-default is-cropped wp-block-gallery-1 is-layout-flex wp-block-gallery-is-layout-flex\">\n<figure class=\"wp-block-image size-large\"><a href=\"https:\/\/armin-knab-gymnasium.de\/Home\/wp-content\/uploads\/2022\/11\/IMG_6120-scaled.jpg\"><img loading=\"lazy\" decoding=\"async\" width=\"1024\" height=\"768\" data-id=\"14382\" src=\"https:\/\/armin-knab-gymnasium.de\/Home\/wp-content\/uploads\/2022\/11\/IMG_6120-1024x768.jpg\" alt=\"\" class=\"wp-image-14382\" srcset=\"https:\/\/armin-knab-gymnasium.de\/Home\/wp-content\/uploads\/2022\/11\/IMG_6120-1024x768.jpg 1024w, https:\/\/armin-knab-gymnasium.de\/Home\/wp-content\/uploads\/2022\/11\/IMG_6120-300x225.jpg 300w, https:\/\/armin-knab-gymnasium.de\/Home\/wp-content\/uploads\/2022\/11\/IMG_6120-768x576.jpg 768w, https:\/\/armin-knab-gymnasium.de\/Home\/wp-content\/uploads\/2022\/11\/IMG_6120-1536x1152.jpg 1536w, https:\/\/armin-knab-gymnasium.de\/Home\/wp-content\/uploads\/2022\/11\/IMG_6120-2048x1536.jpg 2048w, https:\/\/armin-knab-gymnasium.de\/Home\/wp-content\/uploads\/2022\/11\/IMG_6120-624x468.jpg 624w, https:\/\/armin-knab-gymnasium.de\/Home\/wp-content\/uploads\/2022\/11\/IMG_6120-240x180.jpg 240w\" sizes=\"auto, (max-width: 1024px) 100vw, 1024px\" \/><\/a><\/figure>\n\n\n\n<figure class=\"wp-block-image size-large\"><a href=\"https:\/\/armin-knab-gymnasium.de\/Home\/wp-content\/uploads\/2022\/11\/IMG_6123-1-scaled.jpg\"><img loading=\"lazy\" decoding=\"async\" width=\"1024\" height=\"768\" data-id=\"14381\" src=\"https:\/\/armin-knab-gymnasium.de\/Home\/wp-content\/uploads\/2022\/11\/IMG_6123-1-1024x768.jpg\" alt=\"\" class=\"wp-image-14381\" srcset=\"https:\/\/armin-knab-gymnasium.de\/Home\/wp-content\/uploads\/2022\/11\/IMG_6123-1-1024x768.jpg 1024w, https:\/\/armin-knab-gymnasium.de\/Home\/wp-content\/uploads\/2022\/11\/IMG_6123-1-300x225.jpg 300w, https:\/\/armin-knab-gymnasium.de\/Home\/wp-content\/uploads\/2022\/11\/IMG_6123-1-768x576.jpg 768w, https:\/\/armin-knab-gymnasium.de\/Home\/wp-content\/uploads\/2022\/11\/IMG_6123-1-1536x1152.jpg 1536w, https:\/\/armin-knab-gymnasium.de\/Home\/wp-content\/uploads\/2022\/11\/IMG_6123-1-2048x1536.jpg 2048w, https:\/\/armin-knab-gymnasium.de\/Home\/wp-content\/uploads\/2022\/11\/IMG_6123-1-624x468.jpg 624w, https:\/\/armin-knab-gymnasium.de\/Home\/wp-content\/uploads\/2022\/11\/IMG_6123-1-240x180.jpg 240w\" sizes=\"auto, (max-width: 1024px) 100vw, 1024px\" \/><\/a><\/figure>\n\n\n\n<figure class=\"wp-block-image size-large\"><a href=\"https:\/\/armin-knab-gymnasium.de\/Home\/wp-content\/uploads\/2022\/11\/IMG_6121-scaled.jpg\"><img loading=\"lazy\" decoding=\"async\" width=\"1024\" height=\"768\" data-id=\"14383\" src=\"https:\/\/armin-knab-gymnasium.de\/Home\/wp-content\/uploads\/2022\/11\/IMG_6121-1024x768.jpg\" alt=\"\" class=\"wp-image-14383\" srcset=\"https:\/\/armin-knab-gymnasium.de\/Home\/wp-content\/uploads\/2022\/11\/IMG_6121-1024x768.jpg 1024w, https:\/\/armin-knab-gymnasium.de\/Home\/wp-content\/uploads\/2022\/11\/IMG_6121-300x225.jpg 300w, https:\/\/armin-knab-gymnasium.de\/Home\/wp-content\/uploads\/2022\/11\/IMG_6121-768x576.jpg 768w, https:\/\/armin-knab-gymnasium.de\/Home\/wp-content\/uploads\/2022\/11\/IMG_6121-1536x1152.jpg 1536w, https:\/\/armin-knab-gymnasium.de\/Home\/wp-content\/uploads\/2022\/11\/IMG_6121-2048x1536.jpg 2048w, https:\/\/armin-knab-gymnasium.de\/Home\/wp-content\/uploads\/2022\/11\/IMG_6121-624x468.jpg 624w, https:\/\/armin-knab-gymnasium.de\/Home\/wp-content\/uploads\/2022\/11\/IMG_6121-240x180.jpg 240w\" sizes=\"auto, (max-width: 1024px) 100vw, 1024px\" \/><\/a><\/figure>\n\n\n\n<figure class=\"wp-block-image size-large\"><a href=\"https:\/\/armin-knab-gymnasium.de\/Home\/wp-content\/uploads\/2022\/11\/5C5EA71-1.jpg\"><img loading=\"lazy\" decoding=\"async\" width=\"1024\" height=\"768\" data-id=\"14380\" src=\"https:\/\/armin-knab-gymnasium.de\/Home\/wp-content\/uploads\/2022\/11\/5C5EA71-1-1024x768.jpg\" alt=\"\" class=\"wp-image-14380\" srcset=\"https:\/\/armin-knab-gymnasium.de\/Home\/wp-content\/uploads\/2022\/11\/5C5EA71-1-1024x768.jpg 1024w, https:\/\/armin-knab-gymnasium.de\/Home\/wp-content\/uploads\/2022\/11\/5C5EA71-1-300x225.jpg 300w, https:\/\/armin-knab-gymnasium.de\/Home\/wp-content\/uploads\/2022\/11\/5C5EA71-1-768x576.jpg 768w, https:\/\/armin-knab-gymnasium.de\/Home\/wp-content\/uploads\/2022\/11\/5C5EA71-1-1536x1152.jpg 1536w, https:\/\/armin-knab-gymnasium.de\/Home\/wp-content\/uploads\/2022\/11\/5C5EA71-1-624x468.jpg 624w, https:\/\/armin-knab-gymnasium.de\/Home\/wp-content\/uploads\/2022\/11\/5C5EA71-1-240x180.jpg 240w, https:\/\/armin-knab-gymnasium.de\/Home\/wp-content\/uploads\/2022\/11\/5C5EA71-1.jpg 2048w\" sizes=\"auto, (max-width: 1024px) 100vw, 1024px\" \/><\/a><\/figure>\n<\/figure>\n\n\n\n<p>Am 19.10.2022 luden wir alle Sponsoren, Familien, Freunde und Interessierte zu &#8222;Ein Abend in den Alpen&#8220; ein. Die gut besuchte Aula des AKG zeugte von der Faszination, die vom Thema &#8222;Alpen\u00fcberquerung&#8220; ausgeht. Charlott Augustin, Sina Stadelmann und Finn Schleyer f\u00fchrten durch den Abend. Sie erkl\u00e4rten nochmals, wie vom Beginn der Planung bis zur \u00dcberquerung der Alpen alles abgelaufen ist. Als H\u00f6hepunkt stand dann die Filmpremiere an. Der von Dominik Sattes als Reportage geschnittene Film lies die G\u00e4ste in die Welt der Berge eintauchen. Das Publikum war begeistert und tauschte sich im Anschluss an den offiziellen Teil noch an einem kleinen Buffet und mit k\u00fchlen Getr\u00e4nken mit den Teilnehmern aus. Wer den Abend verpasst hat, kann auf Youtube noch einmal unsere Tour anschauen. Viel Spa\u00df damit. <\/p>\n\n\n\n<figure class=\"wp-block-embed is-type-video is-provider-youtube wp-block-embed-youtube wp-embed-aspect-16-9 wp-has-aspect-ratio\"><div class=\"wp-block-embed__wrapper\">\n<iframe loading=\"lazy\" title=\"Alpen\u00fcberquerung 2022 - von Mittenwald nach Sterzing - AKG Kitzingen\" width=\"625\" height=\"352\" src=\"https:\/\/www.youtube.com\/embed\/IYByGXxb_Uc?feature=oembed\" frameborder=\"0\" allow=\"accelerometer; autoplay; clipboard-write; encrypted-media; gyroscope; picture-in-picture; web-share\" referrerpolicy=\"strict-origin-when-cross-origin\" allowfullscreen><\/iframe>\n<\/div><\/figure>\n\n\n\n<h2 class=\"wp-block-heading\" id=\"ziel-erreicht-mittenwald-sterzing-zu-fuss-durch-die-alpen\">Ziel erreicht! Mittenwald &#8211; Sterzing: zu Fu\u00df durch die Alpen<\/h2>\n\n\n\n<figure class=\"wp-block-gallery has-nested-images columns-default is-cropped wp-block-gallery-2 is-layout-flex wp-block-gallery-is-layout-flex\">\n<figure class=\"wp-block-image size-large\"><a href=\"https:\/\/armin-knab-gymnasium.de\/Home\/wp-content\/uploads\/2022\/07\/IMG_5431-scaled.jpg\"><img loading=\"lazy\" decoding=\"async\" width=\"1024\" height=\"768\" data-id=\"13808\" src=\"https:\/\/armin-knab-gymnasium.de\/Home\/wp-content\/uploads\/2022\/07\/IMG_5431-1024x768.jpg\" alt=\"\" class=\"wp-image-13808\" srcset=\"https:\/\/armin-knab-gymnasium.de\/Home\/wp-content\/uploads\/2022\/07\/IMG_5431-1024x768.jpg 1024w, https:\/\/armin-knab-gymnasium.de\/Home\/wp-content\/uploads\/2022\/07\/IMG_5431-300x225.jpg 300w, https:\/\/armin-knab-gymnasium.de\/Home\/wp-content\/uploads\/2022\/07\/IMG_5431-768x576.jpg 768w, https:\/\/armin-knab-gymnasium.de\/Home\/wp-content\/uploads\/2022\/07\/IMG_5431-1536x1152.jpg 1536w, https:\/\/armin-knab-gymnasium.de\/Home\/wp-content\/uploads\/2022\/07\/IMG_5431-2048x1536.jpg 2048w, https:\/\/armin-knab-gymnasium.de\/Home\/wp-content\/uploads\/2022\/07\/IMG_5431-624x468.jpg 624w, https:\/\/armin-knab-gymnasium.de\/Home\/wp-content\/uploads\/2022\/07\/IMG_5431-240x180.jpg 240w\" sizes=\"auto, (max-width: 1024px) 100vw, 1024px\" \/><\/a><\/figure>\n<\/figure>\n\n\n\n<p>Wir haben es geschafft! Nach 135km, 8947hm hoch und 8775hm runter sind wir am 27.6. in S\u00fcdtirol angekommen. Am 18.6. brachen wir am letzten Ferienwochenende in Kitzingen am Bahnhof auf. In Mittenwald angekommen stand eine erste kurze Etappe auf dem Programm. 6,7km und 640hm bis zur Brunnsteinh\u00fctte waren ein guter Einstieg, um sich an die Berge zu gew\u00f6hnen. Nach einer Nacht ohne Dusche, daf\u00fcr mit Plumpsklo ;-), stand eine harte Etappe an. Der Tipp eines H\u00fcttenmitarbeiters erwies sich als echter Test f\u00fcr uns. Statt der angedachten Route \u00fcber das Tal liefen wir \u00fcber die Brunnsteinspitze zur N\u00f6rdlinger H\u00fctte. Der steile Abstieg erforderte gute Trittsicherheit und verz\u00f6gerte so unsere Wanderung. Am Ende brauchten wir fast 12 Stunden um die 18,6 km lange Strecke mit 1622 hm bergauf und 1198hm bergab zu bew\u00e4ltigen. Tag 3 marschierten wir dann bis zur Potsdamer H\u00fctte. Trotz einer kurzen Passage mit Zug und Bus kamen wir auch an diesem Tag wieder auf 20,9km, 1053hm hoch und 1465hm runter. Neben den Kilometern und H\u00f6henmetern machten uns an den ersten Tagen auch die hei\u00dfen Temperaturen zu schaffen. Da kam es allen gerade Recht, dass an den folgenden Tagen k\u00fcrzere Etappen anstanden. \u00dcber Franz-Senn-H\u00fctte und Neue Regensburger H\u00fctte kamen wir am 6. Tag zur N\u00fcrnberger H\u00fctte. Nachdem bereits am 5. Abend ein See zur Abk\u00fchlung neben der H\u00fctte war, machten sich an der N\u00fcrnberger H\u00fctte noch ein paar Sch\u00fcler und Lehrer zu einer Extratour zu einem Gletschersee auf den Weg. Das Bad im 4 &#8211; 6 Grad kalten Wasser war ein tolles Erlebnis. Tag 7 war die K\u00f6nigsetappe. 22,4 km, 1428hm bergauf und 1660hm bergab lagen auf dem Weg zum Tribulaunhaus. Auf dieser Strecke \u00fcberquerten wir auch den h\u00f6chsten Punkt unserer Tour. Das Simmingj\u00f6chl auf 2754m H\u00f6he war leider ein wenig in Wolken geh\u00fcllt, als wir es passierten (siehe Bild). Diese Wolken lie\u00dfen uns w\u00e4hrend des Tages auch noch richtig nass werden. Da kam das Verw\u00f6hnprogramm der H\u00fcttenomi mit Schnitzel und Kartoffelsalat am Abend im richtigen Moment. Gest\u00e4rkt starteten wir am n\u00e4chsten Morgen, um bei herrlichem Sonnenschein an der Schneetalscharte die Grenze von \u00d6sterreich nach Italien zu \u00fcberqueren. Nach einer Etappe, die nochmals \u00fcber 20km lang war und 1275hm hoch bzw. 1382 hm bergab ging, kamen wir zur letzten Nacht auf der Edelwei\u00dfh\u00fctte Ladurns an. Dort sprangen einige voller Freude noch einmal in den anliegenden See und wir feierten alle unser erreichtes Ziel. Nach der letzten Nacht gab es noch eine \u00dcberraschung. Statt zu laufen, ging es mit Mountaincarts ins Tal. Dort liefen wir die letzten 6km, um mit dem Flixbus und der Bahn wieder nach Kitzingen zu fahren. Das, worauf sich nach 8 N\u00e4chten in Lagern am meisten freuten, war wohl sicherlich das eigene Bett. <\/p>\n\n\n\n<h2 class=\"wp-block-heading\" id=\"erfolgreiche-testwanderung-am-vergangenen-wochenende\"><strong>Erfolgreiche Testwanderung am vergangenen Wochenende<\/strong><\/h2>\n\n\n\n<p>In knapp 6 Wochen ist es so weit. Nachdem  organisatorisch fast alles geschafft wurde, galt es am Samstag, einmal Kondition und Material zu testen. 10.30 Uhr trafen wir uns alle am Bahnhof in W\u00fcrzburg. \u00dcber die alte Mainbr\u00fccke starteten wir zum ersten Anstieg auf die Festung Marienberg. Diesem ersten &#8222;Berg&#8220; folgten noch einige Weinberge mehr. M\u00fcde und hungrig erreichten wir nach 25 km in sehr z\u00fcgigem Lauftempo unser Ziel in Estenfeld. Dort st\u00e4rkten wir uns mit gegrillten Bratw\u00fcrsten, bevor wir abends m\u00fcde ins Bett fielen. Fazit: Kondition und Ausr\u00fcstung stimmten an diesem sch\u00f6nen Fr\u00fchlingstag. Jetzt gilt es bis zu unserem Start am 18.6. nicht mehr nachzulassen. Wir freuen uns auf das, was kommt. <\/p>\n\n\n\n<div class=\"wp-block-columns is-layout-flex wp-container-core-columns-is-layout-9d6595d7 wp-block-columns-is-layout-flex\">\n<div class=\"wp-block-column is-layout-flow wp-block-column-is-layout-flow\" style=\"flex-basis:100%\">\n<div class=\"wp-block-group\"><div class=\"wp-block-group__inner-container is-layout-flow wp-block-group-is-layout-flow\">\n<div class=\"wp-block-columns is-layout-flex wp-container-core-columns-is-layout-9d6595d7 wp-block-columns-is-layout-flex\">\n<div class=\"wp-block-column is-layout-flow wp-block-column-is-layout-flow\" style=\"flex-basis:100%\">\n<figure class=\"wp-block-gallery has-nested-images columns-default wp-block-gallery-3 is-layout-flex wp-block-gallery-is-layout-flex\">\n<figure class=\"wp-block-image size-large\"><a href=\"https:\/\/armin-knab-gymnasium.de\/Home\/wp-content\/uploads\/2022\/05\/Gruppe-Testwanderung-2-scaled.jpg\"><img loading=\"lazy\" decoding=\"async\" width=\"1024\" height=\"768\" data-id=\"13589\" src=\"https:\/\/armin-knab-gymnasium.de\/Home\/wp-content\/uploads\/2022\/05\/Gruppe-Testwanderung-2-1024x768.jpg\" alt=\"\" class=\"wp-image-13589\" srcset=\"https:\/\/armin-knab-gymnasium.de\/Home\/wp-content\/uploads\/2022\/05\/Gruppe-Testwanderung-2-1024x768.jpg 1024w, https:\/\/armin-knab-gymnasium.de\/Home\/wp-content\/uploads\/2022\/05\/Gruppe-Testwanderung-2-300x225.jpg 300w, https:\/\/armin-knab-gymnasium.de\/Home\/wp-content\/uploads\/2022\/05\/Gruppe-Testwanderung-2-768x576.jpg 768w, https:\/\/armin-knab-gymnasium.de\/Home\/wp-content\/uploads\/2022\/05\/Gruppe-Testwanderung-2-1536x1152.jpg 1536w, https:\/\/armin-knab-gymnasium.de\/Home\/wp-content\/uploads\/2022\/05\/Gruppe-Testwanderung-2-2048x1536.jpg 2048w, https:\/\/armin-knab-gymnasium.de\/Home\/wp-content\/uploads\/2022\/05\/Gruppe-Testwanderung-2-624x468.jpg 624w, https:\/\/armin-knab-gymnasium.de\/Home\/wp-content\/uploads\/2022\/05\/Gruppe-Testwanderung-2-240x180.jpg 240w\" sizes=\"auto, (max-width: 1024px) 100vw, 1024px\" \/><\/a><\/figure>\n\n\n\n<figure class=\"wp-block-image size-large\"><a href=\"https:\/\/armin-knab-gymnasium.de\/Home\/wp-content\/uploads\/2022\/05\/Testwanderung-um-Wuerzburg.jpg\"><img loading=\"lazy\" decoding=\"async\" width=\"572\" height=\"709\" data-id=\"13587\" src=\"https:\/\/armin-knab-gymnasium.de\/Home\/wp-content\/uploads\/2022\/05\/Testwanderung-um-Wuerzburg.jpg\" alt=\"\" class=\"wp-image-13587\" srcset=\"https:\/\/armin-knab-gymnasium.de\/Home\/wp-content\/uploads\/2022\/05\/Testwanderung-um-Wuerzburg.jpg 572w, https:\/\/armin-knab-gymnasium.de\/Home\/wp-content\/uploads\/2022\/05\/Testwanderung-um-Wuerzburg-242x300.jpg 242w\" sizes=\"auto, (max-width: 572px) 100vw, 572px\" \/><\/a><\/figure>\n\n\n\n<figure class=\"wp-block-image size-large\"><a href=\"https:\/\/armin-knab-gymnasium.de\/Home\/wp-content\/uploads\/2022\/05\/Gruppe-Testwanderung-1-scaled.jpg\"><img loading=\"lazy\" decoding=\"async\" width=\"1024\" height=\"768\" data-id=\"13588\" src=\"https:\/\/armin-knab-gymnasium.de\/Home\/wp-content\/uploads\/2022\/05\/Gruppe-Testwanderung-1-1024x768.jpg\" alt=\"\" class=\"wp-image-13588\" srcset=\"https:\/\/armin-knab-gymnasium.de\/Home\/wp-content\/uploads\/2022\/05\/Gruppe-Testwanderung-1-1024x768.jpg 1024w, https:\/\/armin-knab-gymnasium.de\/Home\/wp-content\/uploads\/2022\/05\/Gruppe-Testwanderung-1-300x225.jpg 300w, https:\/\/armin-knab-gymnasium.de\/Home\/wp-content\/uploads\/2022\/05\/Gruppe-Testwanderung-1-768x576.jpg 768w, https:\/\/armin-knab-gymnasium.de\/Home\/wp-content\/uploads\/2022\/05\/Gruppe-Testwanderung-1-1536x1152.jpg 1536w, https:\/\/armin-knab-gymnasium.de\/Home\/wp-content\/uploads\/2022\/05\/Gruppe-Testwanderung-1-2048x1536.jpg 2048w, https:\/\/armin-knab-gymnasium.de\/Home\/wp-content\/uploads\/2022\/05\/Gruppe-Testwanderung-1-624x468.jpg 624w, https:\/\/armin-knab-gymnasium.de\/Home\/wp-content\/uploads\/2022\/05\/Gruppe-Testwanderung-1-240x180.jpg 240w\" sizes=\"auto, (max-width: 1024px) 100vw, 1024px\" \/><\/a><\/figure>\n<\/figure>\n<\/div>\n<\/div>\n<\/div><\/div>\n<\/div>\n<\/div>\n\n\n\n<p><strong>Routenplanung und H\u00fcttenreservierung <\/strong><\/p>\n\n\n\n<p>Geschafft! Die H\u00fctten wurden alle reserviert und die Route steht. Wir mussten erfahren, dass die Planung einer solchen Tour nicht einfach so aus dem \u00c4rmel zu sch\u00fctteln ist. Mehrfach haben wir umgeplant, da z.B. auch wegen des fr\u00fchen Zeitpunkts unserer Tour im Juni manche H\u00fctten noch gar nicht offen haben. Die jetzt entworfene Route stimmt uns aber zuversichtlich, dass wir unser Ziel erreichen werden und am 26.6.2022 in Sterzing ankommen.<\/p>\n\n\n\n<figure class=\"wp-block-gallery has-nested-images columns-default is-cropped wp-block-gallery-4 is-layout-flex wp-block-gallery-is-layout-flex\">\n<figure class=\"wp-block-image size-large\"><a href=\"https:\/\/armin-knab-gymnasium.de\/Home\/wp-content\/uploads\/2022\/04\/Route-Alpenueberquerung.jpg\"><img loading=\"lazy\" decoding=\"async\" width=\"1024\" height=\"1024\" data-id=\"13200\" src=\"https:\/\/armin-knab-gymnasium.de\/Home\/wp-content\/uploads\/2022\/04\/Route-Alpenueberquerung-1024x1024.jpg\" alt=\"\" class=\"wp-image-13200\" srcset=\"https:\/\/armin-knab-gymnasium.de\/Home\/wp-content\/uploads\/2022\/04\/Route-Alpenueberquerung-1024x1024.jpg 1024w, https:\/\/armin-knab-gymnasium.de\/Home\/wp-content\/uploads\/2022\/04\/Route-Alpenueberquerung-300x300.jpg 300w, https:\/\/armin-knab-gymnasium.de\/Home\/wp-content\/uploads\/2022\/04\/Route-Alpenueberquerung-150x150.jpg 150w, https:\/\/armin-knab-gymnasium.de\/Home\/wp-content\/uploads\/2022\/04\/Route-Alpenueberquerung-768x768.jpg 768w, https:\/\/armin-knab-gymnasium.de\/Home\/wp-content\/uploads\/2022\/04\/Route-Alpenueberquerung-1536x1536.jpg 1536w, https:\/\/armin-knab-gymnasium.de\/Home\/wp-content\/uploads\/2022\/04\/Route-Alpenueberquerung-624x624.jpg 624w, https:\/\/armin-knab-gymnasium.de\/Home\/wp-content\/uploads\/2022\/04\/Route-Alpenueberquerung-180x180.jpg 180w, https:\/\/armin-knab-gymnasium.de\/Home\/wp-content\/uploads\/2022\/04\/Route-Alpenueberquerung-60x60.jpg 60w, https:\/\/armin-knab-gymnasium.de\/Home\/wp-content\/uploads\/2022\/04\/Route-Alpenueberquerung.jpg 2048w\" sizes=\"auto, (max-width: 1024px) 100vw, 1024px\" \/><\/a><\/figure>\n\n\n\n<figure class=\"wp-block-image size-large\"><a href=\"https:\/\/armin-knab-gymnasium.de\/Home\/wp-content\/uploads\/2022\/04\/Routenplanung-im-Unterricht-1.jpg\"><img loading=\"lazy\" decoding=\"async\" width=\"1024\" height=\"584\" data-id=\"13201\" src=\"https:\/\/armin-knab-gymnasium.de\/Home\/wp-content\/uploads\/2022\/04\/Routenplanung-im-Unterricht-1-1024x584.jpg\" alt=\"\" class=\"wp-image-13201\" srcset=\"https:\/\/armin-knab-gymnasium.de\/Home\/wp-content\/uploads\/2022\/04\/Routenplanung-im-Unterricht-1-1024x584.jpg 1024w, https:\/\/armin-knab-gymnasium.de\/Home\/wp-content\/uploads\/2022\/04\/Routenplanung-im-Unterricht-1-300x171.jpg 300w, https:\/\/armin-knab-gymnasium.de\/Home\/wp-content\/uploads\/2022\/04\/Routenplanung-im-Unterricht-1-768x438.jpg 768w, https:\/\/armin-knab-gymnasium.de\/Home\/wp-content\/uploads\/2022\/04\/Routenplanung-im-Unterricht-1-1536x876.jpg 1536w, https:\/\/armin-knab-gymnasium.de\/Home\/wp-content\/uploads\/2022\/04\/Routenplanung-im-Unterricht-1-624x356.jpg 624w, https:\/\/armin-knab-gymnasium.de\/Home\/wp-content\/uploads\/2022\/04\/Routenplanung-im-Unterricht-1.jpg 1973w\" sizes=\"auto, (max-width: 1024px) 100vw, 1024px\" \/><\/a><\/figure>\n<\/figure>\n\n\n\n<p><strong>P-Seminare des AKGs bilden sich bei einem Medienseminar weiter<\/strong><\/p>\n\n\n\n<p>Im M\u00e4rz hatten die P-Seminare \u201eAlpen\u00fcberquerung\u201c und \u201eMathematische Erkl\u00e4rvideos\u201c die M\u00f6glichkeit, an einer Ma\u00dfnahme zur beruflichen Orientierung teilzunehmen. Sch\u00fcler*innen und Referenten waren besonders motiviert und engagiert, da sie ihre Inhalte in Pr\u00e4senz auf Kloster Banz bei Bad Staffelstein umsetzen konnten. Die Referenten der Hanns-Seidel-Stiftung f\u00fchrten die Sch\u00fcler*innen zun\u00e4chst in die theoretischen Grundlagen des Filmdrehs ein. Im Anschluss gab es die M\u00f6glichkeit, den Umgang mit Kamera und Schnitt an praktischen Beispielen zu erproben. So entstanden in drei sehr arbeitsintensiven und produktiven Tagen qualitativ hochwertige Videos. Das erworbene Wissen soll nun helfen, einen guten Dokumentarfilm \u00fcber die Alpen\u00fcberquerung und lehrreiche Erkl\u00e4rvideos f\u00fcr den Mathematikunterricht zu erstellen. &nbsp;<\/p>\n\n\n<div class=\"wp-block-image\">\n<figure class=\"aligncenter size-full is-resized\"><img loading=\"lazy\" decoding=\"async\" src=\"https:\/\/armin-knab-gymnasium.de\/Home\/wp-content\/uploads\/2022\/04\/Screenshot-6.png\" alt=\"\" class=\"wp-image-13199\" width=\"379\" height=\"283\" srcset=\"https:\/\/armin-knab-gymnasium.de\/Home\/wp-content\/uploads\/2022\/04\/Screenshot-6.png 1017w, https:\/\/armin-knab-gymnasium.de\/Home\/wp-content\/uploads\/2022\/04\/Screenshot-6-300x224.png 300w, https:\/\/armin-knab-gymnasium.de\/Home\/wp-content\/uploads\/2022\/04\/Screenshot-6-768x575.png 768w, https:\/\/armin-knab-gymnasium.de\/Home\/wp-content\/uploads\/2022\/04\/Screenshot-6-624x467.png 624w, https:\/\/armin-knab-gymnasium.de\/Home\/wp-content\/uploads\/2022\/04\/Screenshot-6-240x180.png 240w\" sizes=\"auto, (max-width: 379px) 100vw, 379px\" \/><\/figure>\n<\/div>\n\n\n<p><strong>Trainingsvorbereitung<\/strong><\/p>\n\n\n\n<p>\u00dcber die Wintermonate stand viel Theorie auf dem Plan. Neben Referaten und Informationen zur beruflichen Orientierung, mussten wir uns aber auch immer wieder sportliche Pausen g\u00f6nnen. Das geschah meist im kleinen Rahmen wie z.B. beim Mountainbiken oder auch mal einem Lauf. Einen Test, ob wirklich alle fit sind, machen wir dann Anfang Mai, wenn wir eine gr\u00f6\u00dfere Wanderung in Angriff nehmen.<\/p>\n\n\n\n<div class=\"ghostkit-grid ghostkit-grid-gap-md\"><div class=\"ghostkit-grid-inner\">\n<div class=\"ghostkit-col ghostkit-col-md-12 ghostkit-col-6\"><div class=\"ghostkit-col-content is-layout-flow wp-block-ghostkit-grid-column-is-layout-flow\"><div class=\"wp-block-image\">\n<figure class=\"aligncenter size-full\"><a href=\"https:\/\/armin-knab-gymnasium.de\/Home\/wp-content\/uploads\/2022\/04\/Trainingsauflug-Rad-1.jpg\"><img loading=\"lazy\" decoding=\"async\" width=\"640\" height=\"473\" src=\"https:\/\/armin-knab-gymnasium.de\/Home\/wp-content\/uploads\/2022\/04\/Trainingsauflug-Rad-1.jpg\" alt=\"\" class=\"wp-image-13195\" srcset=\"https:\/\/armin-knab-gymnasium.de\/Home\/wp-content\/uploads\/2022\/04\/Trainingsauflug-Rad-1.jpg 640w, https:\/\/armin-knab-gymnasium.de\/Home\/wp-content\/uploads\/2022\/04\/Trainingsauflug-Rad-1-300x222.jpg 300w, https:\/\/armin-knab-gymnasium.de\/Home\/wp-content\/uploads\/2022\/04\/Trainingsauflug-Rad-1-624x461.jpg 624w\" sizes=\"auto, (max-width: 640px) 100vw, 640px\" \/><\/a><\/figure>\n<\/div><\/div><\/div>\n\n\n\n<div class=\"ghostkit-col ghostkit-col-md-12 ghostkit-col-6\"><div class=\"ghostkit-col-content is-layout-flow wp-block-ghostkit-grid-column-is-layout-flow\"><div class=\"wp-block-image\">\n<figure class=\"aligncenter size-large is-resized\"><a href=\"https:\/\/armin-knab-gymnasium.de\/Home\/wp-content\/uploads\/2022\/04\/Weinturmlauf-6.jpg\"><img loading=\"lazy\" decoding=\"async\" src=\"https:\/\/armin-knab-gymnasium.de\/Home\/wp-content\/uploads\/2022\/04\/Weinturmlauf-6-768x1024.jpg\" alt=\"\" class=\"wp-image-13197\" width=\"213\" height=\"283\" srcset=\"https:\/\/armin-knab-gymnasium.de\/Home\/wp-content\/uploads\/2022\/04\/Weinturmlauf-6-768x1024.jpg 768w, https:\/\/armin-knab-gymnasium.de\/Home\/wp-content\/uploads\/2022\/04\/Weinturmlauf-6-225x300.jpg 225w, https:\/\/armin-knab-gymnasium.de\/Home\/wp-content\/uploads\/2022\/04\/Weinturmlauf-6-1152x1536.jpg 1152w, https:\/\/armin-knab-gymnasium.de\/Home\/wp-content\/uploads\/2022\/04\/Weinturmlauf-6-624x832.jpg 624w, https:\/\/armin-knab-gymnasium.de\/Home\/wp-content\/uploads\/2022\/04\/Weinturmlauf-6.jpg 1536w\" sizes=\"auto, (max-width: 213px) 100vw, 213px\" \/><\/a><\/figure>\n<\/div><\/div><\/div>\n<\/div><\/div>\n\n\n\n<div class=\"wp-block-group\"><div class=\"wp-block-group__inner-container is-layout-flow wp-block-group-is-layout-flow\">\n<div class=\"wp-block-group\"><div class=\"wp-block-group__inner-container is-layout-flow wp-block-group-is-layout-flow\">\n<div class=\"ghostkit-grid ghostkit-grid-gap-md ghostkit-grid-align-items-center\"><div class=\"ghostkit-grid-inner\">\n<div class=\"ghostkit-col\"><div class=\"ghostkit-col-content is-layout-flow wp-block-ghostkit-grid-column-is-layout-flow\">\n<div class=\"wp-block-group\"><div class=\"wp-block-group__inner-container is-layout-flow wp-block-group-is-layout-flow\">\n<div class=\"wp-block-columns is-layout-flex wp-container-core-columns-is-layout-9d6595d7 wp-block-columns-is-layout-flex\"><\/div>\n\n\n\n<div class=\"wp-block-columns is-layout-flex wp-container-core-columns-is-layout-9d6595d7 wp-block-columns-is-layout-flex\">\n<div class=\"wp-block-column is-layout-flow wp-block-column-is-layout-flow\" style=\"flex-basis:100%\"><\/div>\n<\/div>\n<\/div><\/div>\n<\/div><\/div>\n<\/div><\/div>\n<\/div><\/div>\n<\/div><\/div>\n\n\n\n<p><strong>Produktion eines Werbeflyers<\/strong><\/p>\n\n\n\n<p>Um m\u00f6gliche Sponsoren zu \u00fcberzeugen, um uns bei unserem Vorhaben zu unterst\u00fctzen, haben wir Flyer entworfen. Doch seht selbst\u2026<\/p>\n\n\n\n<p class=\"has-large-font-size\"><\/p>\n\n\n\n<div class=\"ghostkit-grid ghostkit-grid-gap-md\"><div class=\"ghostkit-grid-inner\">\n<div class=\"ghostkit-col\"><div class=\"ghostkit-col-content is-layout-flow wp-block-ghostkit-grid-column-is-layout-flow\">\n<div class=\"wp-block-group\"><div class=\"wp-block-group__inner-container is-layout-flow wp-block-group-is-layout-flow\">\n<figure class=\"wp-block-gallery has-nested-images columns-default is-cropped wp-block-gallery-5 is-layout-flex wp-block-gallery-is-layout-flex\">\n<figure class=\"wp-block-image size-large\"><a href=\"https:\/\/armin-knab-gymnasium.de\/Home\/wp-content\/uploads\/2022\/04\/Sponsorenflyer-3.jpg\"><img loading=\"lazy\" decoding=\"async\" width=\"900\" height=\"1024\" data-id=\"13186\" src=\"https:\/\/armin-knab-gymnasium.de\/Home\/wp-content\/uploads\/2022\/04\/Sponsorenflyer-3-900x1024.jpg\" alt=\"\" class=\"wp-image-13186\" srcset=\"https:\/\/armin-knab-gymnasium.de\/Home\/wp-content\/uploads\/2022\/04\/Sponsorenflyer-3-900x1024.jpg 900w, https:\/\/armin-knab-gymnasium.de\/Home\/wp-content\/uploads\/2022\/04\/Sponsorenflyer-3-264x300.jpg 264w, https:\/\/armin-knab-gymnasium.de\/Home\/wp-content\/uploads\/2022\/04\/Sponsorenflyer-3-768x874.jpg 768w, https:\/\/armin-knab-gymnasium.de\/Home\/wp-content\/uploads\/2022\/04\/Sponsorenflyer-3-1350x1536.jpg 1350w, https:\/\/armin-knab-gymnasium.de\/Home\/wp-content\/uploads\/2022\/04\/Sponsorenflyer-3-624x710.jpg 624w, https:\/\/armin-knab-gymnasium.de\/Home\/wp-content\/uploads\/2022\/04\/Sponsorenflyer-3.jpg 1440w\" sizes=\"auto, (max-width: 900px) 100vw, 900px\" \/><\/a><\/figure>\n\n\n\n<figure class=\"wp-block-image size-large\"><a href=\"https:\/\/armin-knab-gymnasium.de\/Home\/wp-content\/uploads\/2022\/04\/Sponsorenflyer-2-1.jpg\"><img loading=\"lazy\" decoding=\"async\" width=\"902\" height=\"1024\" data-id=\"13188\" src=\"https:\/\/armin-knab-gymnasium.de\/Home\/wp-content\/uploads\/2022\/04\/Sponsorenflyer-2-1-902x1024.jpg\" alt=\"\" class=\"wp-image-13188\" srcset=\"https:\/\/armin-knab-gymnasium.de\/Home\/wp-content\/uploads\/2022\/04\/Sponsorenflyer-2-1-902x1024.jpg 902w, https:\/\/armin-knab-gymnasium.de\/Home\/wp-content\/uploads\/2022\/04\/Sponsorenflyer-2-1-264x300.jpg 264w, https:\/\/armin-knab-gymnasium.de\/Home\/wp-content\/uploads\/2022\/04\/Sponsorenflyer-2-1-768x871.jpg 768w, https:\/\/armin-knab-gymnasium.de\/Home\/wp-content\/uploads\/2022\/04\/Sponsorenflyer-2-1-1354x1536.jpg 1354w, https:\/\/armin-knab-gymnasium.de\/Home\/wp-content\/uploads\/2022\/04\/Sponsorenflyer-2-1-624x708.jpg 624w, https:\/\/armin-knab-gymnasium.de\/Home\/wp-content\/uploads\/2022\/04\/Sponsorenflyer-2-1.jpg 1440w\" sizes=\"auto, (max-width: 902px) 100vw, 902px\" \/><\/a><\/figure>\n<\/figure>\n<\/div><\/div>\n<\/div><\/div>\n<\/div><\/div>\n\n\n\n<p><strong>Gemeinschaftlich. Bewusst. Inspirierend.<\/strong><\/p>\n\n\n\n<p>Diese Werte haben wir  &#8211; das P-Seminar Alpen\u00fcberquerung &#8211; uns zum Motto gemacht, unter dem wir im Juni 2022 zu Fu\u00df die Alpen \u00fcberqueren wollen.<\/p>\n\n\n\n<p>Wir sehen die Wanderung als bisher gr\u00f6\u00dftes Ziel unserer Schullaufbahn. In der Vorbereitung unternahmen wir bereits einige Aktionen. Dazu geh\u00f6ren eine gemeinsame Wanderung auf den Schwanberg, um die Fitness zu testen und zu verbessern oder ein Kuchenverkauf in der Schulaula, um Teile des Projekts zu finanzieren. Im w\u00f6chentlichen Unterricht planen wir m\u00f6gliche Routen, schreiben H\u00fctten an und haben sogar einen Flyer entworfen, um Sponsoren zu finden.<\/p>\n\n\n\n<div class=\"wp-block-group\"><div class=\"wp-block-group__inner-container is-layout-flow wp-block-group-is-layout-flow\">\n<div class=\"wp-block-columns is-layout-flex wp-container-core-columns-is-layout-9d6595d7 wp-block-columns-is-layout-flex\"><\/div>\n<\/div><\/div>\n\n\n\n<div class=\"wp-block-group\"><div class=\"wp-block-group__inner-container is-layout-flow wp-block-group-is-layout-flow\">\n<div class=\"wp-block-columns is-layout-flex wp-container-core-columns-is-layout-9d6595d7 wp-block-columns-is-layout-flex\">\n<div class=\"wp-block-column is-layout-flow wp-block-column-is-layout-flow\" style=\"flex-basis:100%\">\n<div class=\"wp-block-columns is-layout-flex wp-container-core-columns-is-layout-9d6595d7 wp-block-columns-is-layout-flex\">\n<div class=\"wp-block-column is-layout-flow wp-block-column-is-layout-flow\" style=\"flex-basis:100%\">\n<div class=\"wp-block-group\"><div class=\"wp-block-group__inner-container is-layout-flow wp-block-group-is-layout-flow\">\n<figure class=\"wp-block-gallery has-nested-images columns-default is-cropped wp-block-gallery-6 is-layout-flex wp-block-gallery-is-layout-flex\">\n<figure class=\"wp-block-image size-medium\"><a href=\"https:\/\/armin-knab-gymnasium.de\/Home\/wp-content\/uploads\/2021\/12\/Screenshot-3.png\"><img loading=\"lazy\" decoding=\"async\" width=\"300\" height=\"247\" data-id=\"12667\" src=\"https:\/\/armin-knab-gymnasium.de\/Home\/wp-content\/uploads\/2021\/12\/Screenshot-3-300x247.png\" alt=\"\" class=\"wp-image-12667\" srcset=\"https:\/\/armin-knab-gymnasium.de\/Home\/wp-content\/uploads\/2021\/12\/Screenshot-3-300x247.png 300w, https:\/\/armin-knab-gymnasium.de\/Home\/wp-content\/uploads\/2021\/12\/Screenshot-3-624x513.png 624w, https:\/\/armin-knab-gymnasium.de\/Home\/wp-content\/uploads\/2021\/12\/Screenshot-3.png 748w\" sizes=\"auto, (max-width: 300px) 100vw, 300px\" \/><\/a><figcaption>Kuchenverkauf am AKG<\/figcaption><\/figure>\n\n\n\n<figure class=\"wp-block-image size-medium\"><a href=\"https:\/\/armin-knab-gymnasium.de\/Home\/wp-content\/uploads\/2021\/12\/Screenshot-4-1.png\"><img loading=\"lazy\" decoding=\"async\" width=\"300\" height=\"290\" data-id=\"12672\" src=\"https:\/\/armin-knab-gymnasium.de\/Home\/wp-content\/uploads\/2021\/12\/Screenshot-4-1-300x290.png\" alt=\"\" class=\"wp-image-12672\" srcset=\"https:\/\/armin-knab-gymnasium.de\/Home\/wp-content\/uploads\/2021\/12\/Screenshot-4-1-300x290.png 300w, https:\/\/armin-knab-gymnasium.de\/Home\/wp-content\/uploads\/2021\/12\/Screenshot-4-1-624x603.png 624w, https:\/\/armin-knab-gymnasium.de\/Home\/wp-content\/uploads\/2021\/12\/Screenshot-4-1.png 744w\" sizes=\"auto, (max-width: 300px) 100vw, 300px\" \/><\/a><figcaption>Herbstwanderung auf den Schwanberg<\/figcaption><\/figure>\n<\/figure>\n\n\n\n<p><\/p>\n<\/div><\/div>\n<\/div>\n<\/div>\n<\/div>\n<\/div>\n<\/div><\/div>\n\n\n\n<p>Die Wanderung soll im Fr\u00fchsommer auf einer selbst geplanten Route in Mittenwald starten und  uns dann \u00fcber \u00d6sterreich und die Stubaier Alpen bis nach S\u00fcdtirol in Italien f\u00fchren.<\/p>\n\n\n\n<p>Mit der Wanderung wollen wir f\u00fcr andere Jugendliche ein Vorbild in Sachen Bewegung, Motivation und Lebenseinstellung sein. Wir dokumentieren die \u00dcberquerung, sowie alle Planungsschritte und zeigen so, wie man zu Fu\u00df und mit Nutzung \u00f6ffentlicher Verkehrsmittel umweltbewusst reisen kann.<\/p>\n\n\n\n<p>Im Vordergrund unserer Arbeit soll dar\u00fcber hinaus ein gesundes Leben stehen. Hierzu teilen wir auf unseren Social-Media-Kan\u00e4len Trainingsfortschritte oder gesunde Rezepte, mit denen wir Ideen zum \u201ehealthy-Lifestyle\u201c geben wollen.<\/p>\n\n\n\n<p>Um mit vielen Menschen \u00fcber unsere Ideen und Vorstellungen in Kontakt zu treten, freuen wir uns auch \u00fcber pers\u00f6nliche Nachrichten. Diese beantworten wir gerne auf unserem Instagramkanal (alpenueberquerung2022_akg) <a href=\"https:\/\/www.instagram.com\/alpenueberquerung2022_akg\/?hl=de\" target=\"_blank\" rel=\"noreferrer noopener\">https:\/\/www.instagram.com\/alpenueberquerung2022_akg\/?hl=de<\/a><\/p>\n\n\n\n<p>oder per Mail (alpenueberquerung2022akg@gmail.com). <\/p>\n\n\n\n<p><a href=\"https:\/\/tinyurl.com\/alpenueberquerung2022-akg\" target=\"_blank\" rel=\"noreferrer noopener\">Wer sich nur \u00fcber unsere Beitr\u00e4ge informieren m\u00f6chte, kann auch gern auf der Homepage vorbeischauen (https:\/\/tinyurl.com\/alpenueberquerung2022-akg<\/a> ) oder den Weg  \u00fcber die Alpen, mit all den Planungsschritten und Events ab sofort in diesem Blog verfolgen!<\/p>\n\n\n\n<p>Jetzt gilt es zu hoffen, dass wir im Juni, trotz Pandemie starten k\u00f6nnen und eine unvergessliche Zeit erleben!<\/p>\n","protected":false},"excerpt":{"rendered":"<p>Filmpremiere f\u00fcr Sponsoren, Familien und Freunde Am 19.10.2022 luden wir alle Sponsoren, Familien, Freunde und Interessierte zu &#8222;Ein Abend in den Alpen&#8220; ein. Die gut besuchte Aula des AKG zeugte&#8230; <a href=\"https:\/\/armin-knab-gymnasium.de\/Home\/2022\/11\/06\/alpenueberquerung-2022\/\">weiterlesen &raquo;<\/a><\/p>\n","protected":false},"author":1048,"featured_media":12666,"comment_status":"closed","ping_status":"closed","sticky":false,"template":"","format":"standard","meta":{"ghostkit_customizer_options":"","ghostkit_custom_css":"","ghostkit_custom_js_head":"","ghostkit_custom_js_foot":"","ghostkit_typography":"","footnotes":""},"categories":[1,30,91],"tags":[217,32,216],"coauthors":[173],"class_list":["post-12665","post","type-post","status-publish","format-standard","has-post-thumbnail","hentry","category-allgemein","category-p-seminar","category-sport","tag-alpenueberquerung","tag-p-seminar","tag-sport"],"yoast_head":"<!-- This site is optimized with the Yoast SEO plugin v27.5 - https:\/\/yoast.com\/product\/yoast-seo-wordpress\/ -->\n<title>Alpen\u00fcberquerung 2022 - Armin-Knab-Gymnasium Kitzingen<\/title>\n<meta name=\"robots\" content=\"index, follow, max-snippet:-1, max-image-preview:large, max-video-preview:-1\" \/>\n<link rel=\"canonical\" href=\"https:\/\/armin-knab-gymnasium.de\/Home\/2022\/11\/06\/alpenueberquerung-2022\/\" \/>\n<meta property=\"og:locale\" content=\"de_DE\" \/>\n<meta property=\"og:type\" content=\"article\" \/>\n<meta property=\"og:title\" content=\"Alpen\u00fcberquerung 2022 - Armin-Knab-Gymnasium Kitzingen\" \/>\n<meta property=\"og:description\" content=\"Filmpremiere f\u00fcr Sponsoren, Familien und Freunde Am 19.10.2022 luden wir alle Sponsoren, Familien, Freunde und Interessierte zu &#8222;Ein Abend in den Alpen&#8220; ein. Die gut besuchte Aula des AKG zeugte... weiterlesen &raquo;\" \/>\n<meta property=\"og:url\" content=\"https:\/\/armin-knab-gymnasium.de\/Home\/2022\/11\/06\/alpenueberquerung-2022\/\" \/>\n<meta property=\"og:site_name\" content=\"Armin-Knab-Gymnasium Kitzingen\" \/>\n<meta property=\"article:published_time\" content=\"2022-11-06T07:57:00+00:00\" \/>\n<meta property=\"article:modified_time\" content=\"2022-11-06T18:13:59+00:00\" \/>\n<meta property=\"og:image\" content=\"https:\/\/armin-knab-gymnasium.de\/Home\/wp-content\/uploads\/2021\/12\/Gruppenbild-AKG.jpg\" \/>\n\t<meta property=\"og:image:width\" content=\"1280\" \/>\n\t<meta property=\"og:image:height\" content=\"960\" \/>\n\t<meta property=\"og:image:type\" content=\"image\/jpeg\" \/>\n<meta name=\"author\" content=\"Bastian Wander\" \/>\n<meta name=\"twitter:card\" content=\"summary_large_image\" \/>\n<meta name=\"twitter:label1\" content=\"Verfasst von\" \/>\n\t<meta name=\"twitter:data1\" content=\"Bastian Wander\" \/>\n\t<meta name=\"twitter:label2\" content=\"Gesch\u00e4tzte Lesezeit\" \/>\n\t<meta name=\"twitter:data2\" content=\"11\u00a0Minuten\" \/>\n\t<meta name=\"twitter:label3\" content=\"Written by\" \/>\n\t<meta name=\"twitter:data3\" content=\"Bastian Wander\" \/>\n<script type=\"application\/ld+json\" class=\"yoast-schema-graph\">{\"@context\":\"https:\\\/\\\/schema.org\",\"@graph\":[{\"@type\":\"Article\",\"@id\":\"https:\\\/\\\/armin-knab-gymnasium.de\\\/Home\\\/2022\\\/11\\\/06\\\/alpenueberquerung-2022\\\/#article\",\"isPartOf\":{\"@id\":\"https:\\\/\\\/armin-knab-gymnasium.de\\\/Home\\\/2022\\\/11\\\/06\\\/alpenueberquerung-2022\\\/\"},\"author\":{\"name\":\"Bastian Wander\",\"@id\":\"https:\\\/\\\/armin-knab-gymnasium.de\\\/Home\\\/#\\\/schema\\\/person\\\/8b84af92209b4ef7c0e9ccd41b7b5541\"},\"headline\":\"Alpen\u00fcberquerung 2022\",\"datePublished\":\"2022-11-06T07:57:00+00:00\",\"dateModified\":\"2022-11-06T18:13:59+00:00\",\"mainEntityOfPage\":{\"@id\":\"https:\\\/\\\/armin-knab-gymnasium.de\\\/Home\\\/2022\\\/11\\\/06\\\/alpenueberquerung-2022\\\/\"},\"wordCount\":1361,\"publisher\":{\"@id\":\"https:\\\/\\\/armin-knab-gymnasium.de\\\/Home\\\/#organization\"},\"image\":{\"@id\":\"https:\\\/\\\/armin-knab-gymnasium.de\\\/Home\\\/2022\\\/11\\\/06\\\/alpenueberquerung-2022\\\/#primaryimage\"},\"thumbnailUrl\":\"https:\\\/\\\/armin-knab-gymnasium.de\\\/Home\\\/wp-content\\\/uploads\\\/2021\\\/12\\\/Gruppenbild-AKG.jpg\",\"keywords\":[\"Alpen\u00fcberquerung\",\"P-Seminar\",\"Sport\"],\"articleSection\":{\"1\":\"P-Seminar\",\"2\":\"Sport\"},\"inLanguage\":\"de\"},{\"@type\":\"WebPage\",\"@id\":\"https:\\\/\\\/armin-knab-gymnasium.de\\\/Home\\\/2022\\\/11\\\/06\\\/alpenueberquerung-2022\\\/\",\"url\":\"https:\\\/\\\/armin-knab-gymnasium.de\\\/Home\\\/2022\\\/11\\\/06\\\/alpenueberquerung-2022\\\/\",\"name\":\"Alpen\u00fcberquerung 2022 - Armin-Knab-Gymnasium Kitzingen\",\"isPartOf\":{\"@id\":\"https:\\\/\\\/armin-knab-gymnasium.de\\\/Home\\\/#website\"},\"primaryImageOfPage\":{\"@id\":\"https:\\\/\\\/armin-knab-gymnasium.de\\\/Home\\\/2022\\\/11\\\/06\\\/alpenueberquerung-2022\\\/#primaryimage\"},\"image\":{\"@id\":\"https:\\\/\\\/armin-knab-gymnasium.de\\\/Home\\\/2022\\\/11\\\/06\\\/alpenueberquerung-2022\\\/#primaryimage\"},\"thumbnailUrl\":\"https:\\\/\\\/armin-knab-gymnasium.de\\\/Home\\\/wp-content\\\/uploads\\\/2021\\\/12\\\/Gruppenbild-AKG.jpg\",\"datePublished\":\"2022-11-06T07:57:00+00:00\",\"dateModified\":\"2022-11-06T18:13:59+00:00\",\"breadcrumb\":{\"@id\":\"https:\\\/\\\/armin-knab-gymnasium.de\\\/Home\\\/2022\\\/11\\\/06\\\/alpenueberquerung-2022\\\/#breadcrumb\"},\"inLanguage\":\"de\",\"potentialAction\":[{\"@type\":\"ReadAction\",\"target\":[\"https:\\\/\\\/armin-knab-gymnasium.de\\\/Home\\\/2022\\\/11\\\/06\\\/alpenueberquerung-2022\\\/\"]}]},{\"@type\":\"ImageObject\",\"inLanguage\":\"de\",\"@id\":\"https:\\\/\\\/armin-knab-gymnasium.de\\\/Home\\\/2022\\\/11\\\/06\\\/alpenueberquerung-2022\\\/#primaryimage\",\"url\":\"https:\\\/\\\/armin-knab-gymnasium.de\\\/Home\\\/wp-content\\\/uploads\\\/2021\\\/12\\\/Gruppenbild-AKG.jpg\",\"contentUrl\":\"https:\\\/\\\/armin-knab-gymnasium.de\\\/Home\\\/wp-content\\\/uploads\\\/2021\\\/12\\\/Gruppenbild-AKG.jpg\",\"width\":1280,\"height\":960},{\"@type\":\"BreadcrumbList\",\"@id\":\"https:\\\/\\\/armin-knab-gymnasium.de\\\/Home\\\/2022\\\/11\\\/06\\\/alpenueberquerung-2022\\\/#breadcrumb\",\"itemListElement\":[{\"@type\":\"ListItem\",\"position\":1,\"name\":\"Startseite\",\"item\":\"https:\\\/\\\/armin-knab-gymnasium.de\\\/Home\\\/\"},{\"@type\":\"ListItem\",\"position\":2,\"name\":\"Alpen\u00fcberquerung 2022\"}]},{\"@type\":\"WebSite\",\"@id\":\"https:\\\/\\\/armin-knab-gymnasium.de\\\/Home\\\/#website\",\"url\":\"https:\\\/\\\/armin-knab-gymnasium.de\\\/Home\\\/\",\"name\":\"Armin-Knab-Gymnasium Kitzingen\",\"description\":\"Naturwissenschaftlich-technologisches und sprachliches Gymnasium\",\"publisher\":{\"@id\":\"https:\\\/\\\/armin-knab-gymnasium.de\\\/Home\\\/#organization\"},\"potentialAction\":[{\"@type\":\"SearchAction\",\"target\":{\"@type\":\"EntryPoint\",\"urlTemplate\":\"https:\\\/\\\/armin-knab-gymnasium.de\\\/Home\\\/?s={search_term_string}\"},\"query-input\":{\"@type\":\"PropertyValueSpecification\",\"valueRequired\":true,\"valueName\":\"search_term_string\"}}],\"inLanguage\":\"de\"},{\"@type\":\"Organization\",\"@id\":\"https:\\\/\\\/armin-knab-gymnasium.de\\\/Home\\\/#organization\",\"name\":\"Armin-Knab-Gymnasium Kitzingen\",\"url\":\"https:\\\/\\\/armin-knab-gymnasium.de\\\/Home\\\/\",\"logo\":{\"@type\":\"ImageObject\",\"inLanguage\":\"de\",\"@id\":\"https:\\\/\\\/armin-knab-gymnasium.de\\\/Home\\\/#\\\/schema\\\/logo\\\/image\\\/\",\"url\":\"https:\\\/\\\/armin-knab-gymnasium.de\\\/Home\\\/wp-content\\\/uploads\\\/2016\\\/11\\\/LogoIcon.png\",\"contentUrl\":\"https:\\\/\\\/armin-knab-gymnasium.de\\\/Home\\\/wp-content\\\/uploads\\\/2016\\\/11\\\/LogoIcon.png\",\"width\":512,\"height\":512,\"caption\":\"Armin-Knab-Gymnasium Kitzingen\"},\"image\":{\"@id\":\"https:\\\/\\\/armin-knab-gymnasium.de\\\/Home\\\/#\\\/schema\\\/logo\\\/image\\\/\"}},{\"@type\":\"Person\",\"@id\":\"https:\\\/\\\/armin-knab-gymnasium.de\\\/Home\\\/#\\\/schema\\\/person\\\/8b84af92209b4ef7c0e9ccd41b7b5541\",\"name\":\"Bastian Wander\",\"image\":{\"@type\":\"ImageObject\",\"inLanguage\":\"de\",\"@id\":\"https:\\\/\\\/secure.gravatar.com\\\/avatar\\\/f86e38d7628a97b0cb3887618f5aa96077ae2184409a0b76c4773a5812780c88?s=96&d=mm&r=gc4c103ea629141d9d3e0243dd5443925\",\"url\":\"https:\\\/\\\/secure.gravatar.com\\\/avatar\\\/f86e38d7628a97b0cb3887618f5aa96077ae2184409a0b76c4773a5812780c88?s=96&d=mm&r=g\",\"contentUrl\":\"https:\\\/\\\/secure.gravatar.com\\\/avatar\\\/f86e38d7628a97b0cb3887618f5aa96077ae2184409a0b76c4773a5812780c88?s=96&d=mm&r=g\",\"caption\":\"Bastian Wander\"},\"sameAs\":[\"https:\\\/\\\/armin-knab-gymnasium.de\\\/Home\"],\"url\":\"https:\\\/\\\/armin-knab-gymnasium.de\\\/Home\\\/author\\\/wan\\\/\"}]}<\/script>\n<!-- \/ Yoast SEO plugin. -->","yoast_head_json":{"title":"Alpen\u00fcberquerung 2022 - Armin-Knab-Gymnasium Kitzingen","robots":{"index":"index","follow":"follow","max-snippet":"max-snippet:-1","max-image-preview":"max-image-preview:large","max-video-preview":"max-video-preview:-1"},"canonical":"https:\/\/armin-knab-gymnasium.de\/Home\/2022\/11\/06\/alpenueberquerung-2022\/","og_locale":"de_DE","og_type":"article","og_title":"Alpen\u00fcberquerung 2022 - Armin-Knab-Gymnasium Kitzingen","og_description":"Filmpremiere f\u00fcr Sponsoren, Familien und Freunde Am 19.10.2022 luden wir alle Sponsoren, Familien, Freunde und Interessierte zu &#8222;Ein Abend in den Alpen&#8220; ein. Die gut besuchte Aula des AKG zeugte... weiterlesen &raquo;","og_url":"https:\/\/armin-knab-gymnasium.de\/Home\/2022\/11\/06\/alpenueberquerung-2022\/","og_site_name":"Armin-Knab-Gymnasium Kitzingen","article_published_time":"2022-11-06T07:57:00+00:00","article_modified_time":"2022-11-06T18:13:59+00:00","og_image":[{"width":1280,"height":960,"url":"https:\/\/armin-knab-gymnasium.de\/Home\/wp-content\/uploads\/2021\/12\/Gruppenbild-AKG.jpg","type":"image\/jpeg"}],"author":"Bastian Wander","twitter_card":"summary_large_image","twitter_misc":{"Verfasst von":"Bastian Wander","Gesch\u00e4tzte Lesezeit":"11\u00a0Minuten","Written by":"Bastian Wander"},"schema":{"@context":"https:\/\/schema.org","@graph":[{"@type":"Article","@id":"https:\/\/armin-knab-gymnasium.de\/Home\/2022\/11\/06\/alpenueberquerung-2022\/#article","isPartOf":{"@id":"https:\/\/armin-knab-gymnasium.de\/Home\/2022\/11\/06\/alpenueberquerung-2022\/"},"author":{"name":"Bastian Wander","@id":"https:\/\/armin-knab-gymnasium.de\/Home\/#\/schema\/person\/8b84af92209b4ef7c0e9ccd41b7b5541"},"headline":"Alpen\u00fcberquerung 2022","datePublished":"2022-11-06T07:57:00+00:00","dateModified":"2022-11-06T18:13:59+00:00","mainEntityOfPage":{"@id":"https:\/\/armin-knab-gymnasium.de\/Home\/2022\/11\/06\/alpenueberquerung-2022\/"},"wordCount":1361,"publisher":{"@id":"https:\/\/armin-knab-gymnasium.de\/Home\/#organization"},"image":{"@id":"https:\/\/armin-knab-gymnasium.de\/Home\/2022\/11\/06\/alpenueberquerung-2022\/#primaryimage"},"thumbnailUrl":"https:\/\/armin-knab-gymnasium.de\/Home\/wp-content\/uploads\/2021\/12\/Gruppenbild-AKG.jpg","keywords":["Alpen\u00fcberquerung","P-Seminar","Sport"],"articleSection":{"1":"P-Seminar","2":"Sport"},"inLanguage":"de"},{"@type":"WebPage","@id":"https:\/\/armin-knab-gymnasium.de\/Home\/2022\/11\/06\/alpenueberquerung-2022\/","url":"https:\/\/armin-knab-gymnasium.de\/Home\/2022\/11\/06\/alpenueberquerung-2022\/","name":"Alpen\u00fcberquerung 2022 - Armin-Knab-Gymnasium Kitzingen","isPartOf":{"@id":"https:\/\/armin-knab-gymnasium.de\/Home\/#website"},"primaryImageOfPage":{"@id":"https:\/\/armin-knab-gymnasium.de\/Home\/2022\/11\/06\/alpenueberquerung-2022\/#primaryimage"},"image":{"@id":"https:\/\/armin-knab-gymnasium.de\/Home\/2022\/11\/06\/alpenueberquerung-2022\/#primaryimage"},"thumbnailUrl":"https:\/\/armin-knab-gymnasium.de\/Home\/wp-content\/uploads\/2021\/12\/Gruppenbild-AKG.jpg","datePublished":"2022-11-06T07:57:00+00:00","dateModified":"2022-11-06T18:13:59+00:00","breadcrumb":{"@id":"https:\/\/armin-knab-gymnasium.de\/Home\/2022\/11\/06\/alpenueberquerung-2022\/#breadcrumb"},"inLanguage":"de","potentialAction":[{"@type":"ReadAction","target":["https:\/\/armin-knab-gymnasium.de\/Home\/2022\/11\/06\/alpenueberquerung-2022\/"]}]},{"@type":"ImageObject","inLanguage":"de","@id":"https:\/\/armin-knab-gymnasium.de\/Home\/2022\/11\/06\/alpenueberquerung-2022\/#primaryimage","url":"https:\/\/armin-knab-gymnasium.de\/Home\/wp-content\/uploads\/2021\/12\/Gruppenbild-AKG.jpg","contentUrl":"https:\/\/armin-knab-gymnasium.de\/Home\/wp-content\/uploads\/2021\/12\/Gruppenbild-AKG.jpg","width":1280,"height":960},{"@type":"BreadcrumbList","@id":"https:\/\/armin-knab-gymnasium.de\/Home\/2022\/11\/06\/alpenueberquerung-2022\/#breadcrumb","itemListElement":[{"@type":"ListItem","position":1,"name":"Startseite","item":"https:\/\/armin-knab-gymnasium.de\/Home\/"},{"@type":"ListItem","position":2,"name":"Alpen\u00fcberquerung 2022"}]},{"@type":"WebSite","@id":"https:\/\/armin-knab-gymnasium.de\/Home\/#website","url":"https:\/\/armin-knab-gymnasium.de\/Home\/","name":"Armin-Knab-Gymnasium Kitzingen","description":"Naturwissenschaftlich-technologisches und sprachliches Gymnasium","publisher":{"@id":"https:\/\/armin-knab-gymnasium.de\/Home\/#organization"},"potentialAction":[{"@type":"SearchAction","target":{"@type":"EntryPoint","urlTemplate":"https:\/\/armin-knab-gymnasium.de\/Home\/?s={search_term_string}"},"query-input":{"@type":"PropertyValueSpecification","valueRequired":true,"valueName":"search_term_string"}}],"inLanguage":"de"},{"@type":"Organization","@id":"https:\/\/armin-knab-gymnasium.de\/Home\/#organization","name":"Armin-Knab-Gymnasium Kitzingen","url":"https:\/\/armin-knab-gymnasium.de\/Home\/","logo":{"@type":"ImageObject","inLanguage":"de","@id":"https:\/\/armin-knab-gymnasium.de\/Home\/#\/schema\/logo\/image\/","url":"https:\/\/armin-knab-gymnasium.de\/Home\/wp-content\/uploads\/2016\/11\/LogoIcon.png","contentUrl":"https:\/\/armin-knab-gymnasium.de\/Home\/wp-content\/uploads\/2016\/11\/LogoIcon.png","width":512,"height":512,"caption":"Armin-Knab-Gymnasium Kitzingen"},"image":{"@id":"https:\/\/armin-knab-gymnasium.de\/Home\/#\/schema\/logo\/image\/"}},{"@type":"Person","@id":"https:\/\/armin-knab-gymnasium.de\/Home\/#\/schema\/person\/8b84af92209b4ef7c0e9ccd41b7b5541","name":"Bastian Wander","image":{"@type":"ImageObject","inLanguage":"de","@id":"https:\/\/secure.gravatar.com\/avatar\/f86e38d7628a97b0cb3887618f5aa96077ae2184409a0b76c4773a5812780c88?s=96&d=mm&r=gc4c103ea629141d9d3e0243dd5443925","url":"https:\/\/secure.gravatar.com\/avatar\/f86e38d7628a97b0cb3887618f5aa96077ae2184409a0b76c4773a5812780c88?s=96&d=mm&r=g","contentUrl":"https:\/\/secure.gravatar.com\/avatar\/f86e38d7628a97b0cb3887618f5aa96077ae2184409a0b76c4773a5812780c88?s=96&d=mm&r=g","caption":"Bastian Wander"},"sameAs":["https:\/\/armin-knab-gymnasium.de\/Home"],"url":"https:\/\/armin-knab-gymnasium.de\/Home\/author\/wan\/"}]}},"publishpress_future_action":{"enabled":false,"date":"2026-05-07 21:46:54","action":"change-status","newStatus":"draft","terms":[],"taxonomy":"category","extraData":[]},"publishpress_future_workflow_manual_trigger":{"enabledWorkflows":[]},"_links":{"self":[{"href":"https:\/\/armin-knab-gymnasium.de\/Home\/wp-json\/wp\/v2\/posts\/12665","targetHints":{"allow":["GET"]}}],"collection":[{"href":"https:\/\/armin-knab-gymnasium.de\/Home\/wp-json\/wp\/v2\/posts"}],"about":[{"href":"https:\/\/armin-knab-gymnasium.de\/Home\/wp-json\/wp\/v2\/types\/post"}],"author":[{"embeddable":true,"href":"https:\/\/armin-knab-gymnasium.de\/Home\/wp-json\/wp\/v2\/users\/1048"}],"replies":[{"embeddable":true,"href":"https:\/\/armin-knab-gymnasium.de\/Home\/wp-json\/wp\/v2\/comments?post=12665"}],"version-history":[{"count":18,"href":"https:\/\/armin-knab-gymnasium.de\/Home\/wp-json\/wp\/v2\/posts\/12665\/revisions"}],"predecessor-version":[{"id":14402,"href":"https:\/\/armin-knab-gymnasium.de\/Home\/wp-json\/wp\/v2\/posts\/12665\/revisions\/14402"}],"wp:featuredmedia":[{"embeddable":true,"href":"https:\/\/armin-knab-gymnasium.de\/Home\/wp-json\/wp\/v2\/media\/12666"}],"wp:attachment":[{"href":"https:\/\/armin-knab-gymnasium.de\/Home\/wp-json\/wp\/v2\/media?parent=12665"}],"wp:term":[{"taxonomy":"category","embeddable":true,"href":"https:\/\/armin-knab-gymnasium.de\/Home\/wp-json\/wp\/v2\/categories?post=12665"},{"taxonomy":"post_tag","embeddable":true,"href":"https:\/\/armin-knab-gymnasium.de\/Home\/wp-json\/wp\/v2\/tags?post=12665"},{"taxonomy":"author","embeddable":true,"href":"https:\/\/armin-knab-gymnasium.de\/Home\/wp-json\/wp\/v2\/coauthors?post=12665"}],"curies":[{"name":"wp","href":"https:\/\/api.w.org\/{rel}","templated":true}]}}