{"id":13110,"date":"2022-03-29T11:45:09","date_gmt":"2022-03-29T09:45:09","guid":{"rendered":"http:\/\/armin-knab-gymnasium.de\/Home\/?p=13110"},"modified":"2022-03-29T13:13:43","modified_gmt":"2022-03-29T11:13:43","slug":"chiara-voerg-ueberzeut-beim-wettbewerb-alte-sprachen","status":"publish","type":"post","link":"https:\/\/armin-knab-gymnasium.de\/Home\/2022\/03\/29\/chiara-voerg-ueberzeut-beim-wettbewerb-alte-sprachen\/","title":{"rendered":"Chiara V\u00f6rg \u00fcberzeugt beim Latein-Wettbewerb"},"content":{"rendered":"\n<p>Mit ihren hervorragenden Leistungen in Latein hat Chiara V\u00f6rg \u00fcberzeugt und dies bei der Teilnahme am Wettbewerb Alte Sprachen unter Beweis gestellt.<br>Bei einer dreist\u00fcndigen bayernweiten Pr\u00fcfung musste sie in der ersten Runde einen anspruchsvollen Text \u00fcbersetzen und vielf\u00e4ltige kreative Aufgaben rund um Latein l\u00f6sen. In der zweiten Runde war ein lateinischer Text zu interpretieren \u2013 im Hinblick darauf, ob das alte Rom ein Vorbild f\u00fcr gelungene Integration heute sei.<\/p>\n\n\n\n<p>Mit Fachb\u00fcchern und einer lateinischen Urkunde wurde Chiara von der Elisabeth-Saal-Stiftung geehrt, die von Schulleiterin Monika Rahner und Anette Gerhard, Kursleiterin Latein, \u00fcberreicht wurden.<\/p>\n\n\n\n<p class=\"has-text-align-center\"><strong>Maxima laus tibi sit<\/strong>!<\/p>\n\n\n\n<p class=\"has-text-align-center\">Chiara, wir sind stolz auf dich!<\/p>\n\n\n\n<p><\/p>\n\n\n\n<p><\/p>\n","protected":false},"excerpt":{"rendered":"<p>Mit ihren hervorragenden Leistungen in Latein hat Chiara V\u00f6rg \u00fcberzeugt und dies bei der Teilnahme am Wettbewerb Alte Sprachen unter Beweis gestellt.Bei einer dreist\u00fcndigen bayernweiten Pr\u00fcfung musste sie in der&#8230; <a href=\"https:\/\/armin-knab-gymnasium.de\/Home\/2022\/03\/29\/chiara-voerg-ueberzeut-beim-wettbewerb-alte-sprachen\/\">weiterlesen &raquo;<\/a><\/p>\n","protected":false},"author":1002,"featured_media":13111,"comment_status":"closed","ping_status":"closed","sticky":false,"template":"","format":"standard","meta":{"ghostkit_customizer_options":"","ghostkit_custom_css":"","ghostkit_custom_js_head":"","ghostkit_custom_js_foot":"","ghostkit_typography":"","footnotes":""},"categories":[1,83],"tags":[],"coauthors":[104],"class_list":["post-13110","post","type-post","status-publish","format-standard","has-post-thumbnail","hentry","category-allgemein","category-latein"],"yoast_head":"<!-- This site is optimized with the Yoast SEO plugin v27.5 - https:\/\/yoast.com\/product\/yoast-seo-wordpress\/ -->\n<title>Chiara V\u00f6rg \u00fcberzeugt beim Latein-Wettbewerb - Armin-Knab-Gymnasium Kitzingen<\/title>\n<meta name=\"robots\" content=\"index, follow, max-snippet:-1, max-image-preview:large, max-video-preview:-1\" \/>\n<link rel=\"canonical\" href=\"https:\/\/armin-knab-gymnasium.de\/Home\/2022\/03\/29\/chiara-voerg-ueberzeut-beim-wettbewerb-alte-sprachen\/\" \/>\n<meta property=\"og:locale\" content=\"de_DE\" \/>\n<meta property=\"og:type\" content=\"article\" \/>\n<meta property=\"og:title\" content=\"Chiara V\u00f6rg \u00fcberzeugt beim Latein-Wettbewerb - Armin-Knab-Gymnasium Kitzingen\" \/>\n<meta property=\"og:description\" content=\"Mit ihren hervorragenden Leistungen in Latein hat Chiara V\u00f6rg \u00fcberzeugt und dies bei der Teilnahme am Wettbewerb Alte Sprachen unter Beweis gestellt.Bei einer dreist\u00fcndigen bayernweiten Pr\u00fcfung musste sie in der... weiterlesen &raquo;\" \/>\n<meta property=\"og:url\" content=\"https:\/\/armin-knab-gymnasium.de\/Home\/2022\/03\/29\/chiara-voerg-ueberzeut-beim-wettbewerb-alte-sprachen\/\" \/>\n<meta property=\"og:site_name\" content=\"Armin-Knab-Gymnasium Kitzingen\" \/>\n<meta property=\"article:published_time\" content=\"2022-03-29T09:45:09+00:00\" \/>\n<meta property=\"article:modified_time\" content=\"2022-03-29T11:13:43+00:00\" \/>\n<meta property=\"og:image\" content=\"https:\/\/armin-knab-gymnasium.de\/Home\/wp-content\/uploads\/2022\/03\/Latein-scaled.jpg\" \/>\n\t<meta property=\"og:image:width\" content=\"2560\" \/>\n\t<meta property=\"og:image:height\" content=\"1614\" \/>\n\t<meta property=\"og:image:type\" content=\"image\/jpeg\" \/>\n<meta name=\"author\" content=\"Anette Gerhard\" \/>\n<meta name=\"twitter:card\" content=\"summary_large_image\" \/>\n<meta name=\"twitter:label1\" content=\"Verfasst von\" \/>\n\t<meta name=\"twitter:data1\" content=\"Anette Gerhard\" \/>\n\t<meta name=\"twitter:label2\" content=\"Gesch\u00e4tzte Lesezeit\" \/>\n\t<meta name=\"twitter:data2\" content=\"1\u00a0Minute\" \/>\n\t<meta name=\"twitter:label3\" content=\"Written by\" \/>\n\t<meta name=\"twitter:data3\" content=\"Anette Gerhard\" \/>\n<script type=\"application\/ld+json\" class=\"yoast-schema-graph\">{\"@context\":\"https:\\\/\\\/schema.org\",\"@graph\":[{\"@type\":\"Article\",\"@id\":\"https:\\\/\\\/armin-knab-gymnasium.de\\\/Home\\\/2022\\\/03\\\/29\\\/chiara-voerg-ueberzeut-beim-wettbewerb-alte-sprachen\\\/#article\",\"isPartOf\":{\"@id\":\"https:\\\/\\\/armin-knab-gymnasium.de\\\/Home\\\/2022\\\/03\\\/29\\\/chiara-voerg-ueberzeut-beim-wettbewerb-alte-sprachen\\\/\"},\"author\":{\"name\":\"Anette Gerhard\",\"@id\":\"https:\\\/\\\/armin-knab-gymnasium.de\\\/Home\\\/#\\\/schema\\\/person\\\/dca04432af2debe41f152198d65a304b\"},\"headline\":\"Chiara V\u00f6rg \u00fcberzeugt beim Latein-Wettbewerb\",\"datePublished\":\"2022-03-29T09:45:09+00:00\",\"dateModified\":\"2022-03-29T11:13:43+00:00\",\"mainEntityOfPage\":{\"@id\":\"https:\\\/\\\/armin-knab-gymnasium.de\\\/Home\\\/2022\\\/03\\\/29\\\/chiara-voerg-ueberzeut-beim-wettbewerb-alte-sprachen\\\/\"},\"wordCount\":116,\"publisher\":{\"@id\":\"https:\\\/\\\/armin-knab-gymnasium.de\\\/Home\\\/#organization\"},\"image\":{\"@id\":\"https:\\\/\\\/armin-knab-gymnasium.de\\\/Home\\\/2022\\\/03\\\/29\\\/chiara-voerg-ueberzeut-beim-wettbewerb-alte-sprachen\\\/#primaryimage\"},\"thumbnailUrl\":\"https:\\\/\\\/armin-knab-gymnasium.de\\\/Home\\\/wp-content\\\/uploads\\\/2022\\\/03\\\/Latein-scaled.jpg\",\"articleSection\":{\"1\":\"Latein\"},\"inLanguage\":\"de\"},{\"@type\":\"WebPage\",\"@id\":\"https:\\\/\\\/armin-knab-gymnasium.de\\\/Home\\\/2022\\\/03\\\/29\\\/chiara-voerg-ueberzeut-beim-wettbewerb-alte-sprachen\\\/\",\"url\":\"https:\\\/\\\/armin-knab-gymnasium.de\\\/Home\\\/2022\\\/03\\\/29\\\/chiara-voerg-ueberzeut-beim-wettbewerb-alte-sprachen\\\/\",\"name\":\"Chiara V\u00f6rg \u00fcberzeugt beim Latein-Wettbewerb - Armin-Knab-Gymnasium Kitzingen\",\"isPartOf\":{\"@id\":\"https:\\\/\\\/armin-knab-gymnasium.de\\\/Home\\\/#website\"},\"primaryImageOfPage\":{\"@id\":\"https:\\\/\\\/armin-knab-gymnasium.de\\\/Home\\\/2022\\\/03\\\/29\\\/chiara-voerg-ueberzeut-beim-wettbewerb-alte-sprachen\\\/#primaryimage\"},\"image\":{\"@id\":\"https:\\\/\\\/armin-knab-gymnasium.de\\\/Home\\\/2022\\\/03\\\/29\\\/chiara-voerg-ueberzeut-beim-wettbewerb-alte-sprachen\\\/#primaryimage\"},\"thumbnailUrl\":\"https:\\\/\\\/armin-knab-gymnasium.de\\\/Home\\\/wp-content\\\/uploads\\\/2022\\\/03\\\/Latein-scaled.jpg\",\"datePublished\":\"2022-03-29T09:45:09+00:00\",\"dateModified\":\"2022-03-29T11:13:43+00:00\",\"breadcrumb\":{\"@id\":\"https:\\\/\\\/armin-knab-gymnasium.de\\\/Home\\\/2022\\\/03\\\/29\\\/chiara-voerg-ueberzeut-beim-wettbewerb-alte-sprachen\\\/#breadcrumb\"},\"inLanguage\":\"de\",\"potentialAction\":[{\"@type\":\"ReadAction\",\"target\":[\"https:\\\/\\\/armin-knab-gymnasium.de\\\/Home\\\/2022\\\/03\\\/29\\\/chiara-voerg-ueberzeut-beim-wettbewerb-alte-sprachen\\\/\"]}]},{\"@type\":\"ImageObject\",\"inLanguage\":\"de\",\"@id\":\"https:\\\/\\\/armin-knab-gymnasium.de\\\/Home\\\/2022\\\/03\\\/29\\\/chiara-voerg-ueberzeut-beim-wettbewerb-alte-sprachen\\\/#primaryimage\",\"url\":\"https:\\\/\\\/armin-knab-gymnasium.de\\\/Home\\\/wp-content\\\/uploads\\\/2022\\\/03\\\/Latein-scaled.jpg\",\"contentUrl\":\"https:\\\/\\\/armin-knab-gymnasium.de\\\/Home\\\/wp-content\\\/uploads\\\/2022\\\/03\\\/Latein-scaled.jpg\",\"width\":2560,\"height\":1614},{\"@type\":\"BreadcrumbList\",\"@id\":\"https:\\\/\\\/armin-knab-gymnasium.de\\\/Home\\\/2022\\\/03\\\/29\\\/chiara-voerg-ueberzeut-beim-wettbewerb-alte-sprachen\\\/#breadcrumb\",\"itemListElement\":[{\"@type\":\"ListItem\",\"position\":1,\"name\":\"Startseite\",\"item\":\"https:\\\/\\\/armin-knab-gymnasium.de\\\/Home\\\/\"},{\"@type\":\"ListItem\",\"position\":2,\"name\":\"Chiara V\u00f6rg \u00fcberzeugt beim Latein-Wettbewerb\"}]},{\"@type\":\"WebSite\",\"@id\":\"https:\\\/\\\/armin-knab-gymnasium.de\\\/Home\\\/#website\",\"url\":\"https:\\\/\\\/armin-knab-gymnasium.de\\\/Home\\\/\",\"name\":\"Armin-Knab-Gymnasium Kitzingen\",\"description\":\"Naturwissenschaftlich-technologisches und sprachliches Gymnasium\",\"publisher\":{\"@id\":\"https:\\\/\\\/armin-knab-gymnasium.de\\\/Home\\\/#organization\"},\"potentialAction\":[{\"@type\":\"SearchAction\",\"target\":{\"@type\":\"EntryPoint\",\"urlTemplate\":\"https:\\\/\\\/armin-knab-gymnasium.de\\\/Home\\\/?s={search_term_string}\"},\"query-input\":{\"@type\":\"PropertyValueSpecification\",\"valueRequired\":true,\"valueName\":\"search_term_string\"}}],\"inLanguage\":\"de\"},{\"@type\":\"Organization\",\"@id\":\"https:\\\/\\\/armin-knab-gymnasium.de\\\/Home\\\/#organization\",\"name\":\"Armin-Knab-Gymnasium Kitzingen\",\"url\":\"https:\\\/\\\/armin-knab-gymnasium.de\\\/Home\\\/\",\"logo\":{\"@type\":\"ImageObject\",\"inLanguage\":\"de\",\"@id\":\"https:\\\/\\\/armin-knab-gymnasium.de\\\/Home\\\/#\\\/schema\\\/logo\\\/image\\\/\",\"url\":\"https:\\\/\\\/armin-knab-gymnasium.de\\\/Home\\\/wp-content\\\/uploads\\\/2016\\\/11\\\/LogoIcon.png\",\"contentUrl\":\"https:\\\/\\\/armin-knab-gymnasium.de\\\/Home\\\/wp-content\\\/uploads\\\/2016\\\/11\\\/LogoIcon.png\",\"width\":512,\"height\":512,\"caption\":\"Armin-Knab-Gymnasium Kitzingen\"},\"image\":{\"@id\":\"https:\\\/\\\/armin-knab-gymnasium.de\\\/Home\\\/#\\\/schema\\\/logo\\\/image\\\/\"}},{\"@type\":\"Person\",\"@id\":\"https:\\\/\\\/armin-knab-gymnasium.de\\\/Home\\\/#\\\/schema\\\/person\\\/dca04432af2debe41f152198d65a304b\",\"name\":\"Anette Gerhard\",\"image\":{\"@type\":\"ImageObject\",\"inLanguage\":\"de\",\"@id\":\"https:\\\/\\\/secure.gravatar.com\\\/avatar\\\/8e7625a22249a6d75b8d9d049422a3ce675f16161cf20cab7db0d86ef4c7cfb4?s=96&d=mm&r=g1009b082780f63f2e7bc9cb9810159f8\",\"url\":\"https:\\\/\\\/secure.gravatar.com\\\/avatar\\\/8e7625a22249a6d75b8d9d049422a3ce675f16161cf20cab7db0d86ef4c7cfb4?s=96&d=mm&r=g\",\"contentUrl\":\"https:\\\/\\\/secure.gravatar.com\\\/avatar\\\/8e7625a22249a6d75b8d9d049422a3ce675f16161cf20cab7db0d86ef4c7cfb4?s=96&d=mm&r=g\",\"caption\":\"Anette Gerhard\"},\"sameAs\":[\"https:\\\/\\\/armin-knab-gymnasium.de\\\/Home\"],\"url\":\"https:\\\/\\\/armin-knab-gymnasium.de\\\/Home\\\/author\\\/ger\\\/\"}]}<\/script>\n<!-- \/ Yoast SEO plugin. -->","yoast_head_json":{"title":"Chiara V\u00f6rg \u00fcberzeugt beim Latein-Wettbewerb - Armin-Knab-Gymnasium Kitzingen","robots":{"index":"index","follow":"follow","max-snippet":"max-snippet:-1","max-image-preview":"max-image-preview:large","max-video-preview":"max-video-preview:-1"},"canonical":"https:\/\/armin-knab-gymnasium.de\/Home\/2022\/03\/29\/chiara-voerg-ueberzeut-beim-wettbewerb-alte-sprachen\/","og_locale":"de_DE","og_type":"article","og_title":"Chiara V\u00f6rg \u00fcberzeugt beim Latein-Wettbewerb - Armin-Knab-Gymnasium Kitzingen","og_description":"Mit ihren hervorragenden Leistungen in Latein hat Chiara V\u00f6rg \u00fcberzeugt und dies bei der Teilnahme am Wettbewerb Alte Sprachen unter Beweis gestellt.Bei einer dreist\u00fcndigen bayernweiten Pr\u00fcfung musste sie in der... weiterlesen &raquo;","og_url":"https:\/\/armin-knab-gymnasium.de\/Home\/2022\/03\/29\/chiara-voerg-ueberzeut-beim-wettbewerb-alte-sprachen\/","og_site_name":"Armin-Knab-Gymnasium Kitzingen","article_published_time":"2022-03-29T09:45:09+00:00","article_modified_time":"2022-03-29T11:13:43+00:00","og_image":[{"width":2560,"height":1614,"url":"https:\/\/armin-knab-gymnasium.de\/Home\/wp-content\/uploads\/2022\/03\/Latein-scaled.jpg","type":"image\/jpeg"}],"author":"Anette Gerhard","twitter_card":"summary_large_image","twitter_misc":{"Verfasst von":"Anette Gerhard","Gesch\u00e4tzte Lesezeit":"1\u00a0Minute","Written by":"Anette Gerhard"},"schema":{"@context":"https:\/\/schema.org","@graph":[{"@type":"Article","@id":"https:\/\/armin-knab-gymnasium.de\/Home\/2022\/03\/29\/chiara-voerg-ueberzeut-beim-wettbewerb-alte-sprachen\/#article","isPartOf":{"@id":"https:\/\/armin-knab-gymnasium.de\/Home\/2022\/03\/29\/chiara-voerg-ueberzeut-beim-wettbewerb-alte-sprachen\/"},"author":{"name":"Anette Gerhard","@id":"https:\/\/armin-knab-gymnasium.de\/Home\/#\/schema\/person\/dca04432af2debe41f152198d65a304b"},"headline":"Chiara V\u00f6rg \u00fcberzeugt beim Latein-Wettbewerb","datePublished":"2022-03-29T09:45:09+00:00","dateModified":"2022-03-29T11:13:43+00:00","mainEntityOfPage":{"@id":"https:\/\/armin-knab-gymnasium.de\/Home\/2022\/03\/29\/chiara-voerg-ueberzeut-beim-wettbewerb-alte-sprachen\/"},"wordCount":116,"publisher":{"@id":"https:\/\/armin-knab-gymnasium.de\/Home\/#organization"},"image":{"@id":"https:\/\/armin-knab-gymnasium.de\/Home\/2022\/03\/29\/chiara-voerg-ueberzeut-beim-wettbewerb-alte-sprachen\/#primaryimage"},"thumbnailUrl":"https:\/\/armin-knab-gymnasium.de\/Home\/wp-content\/uploads\/2022\/03\/Latein-scaled.jpg","articleSection":{"1":"Latein"},"inLanguage":"de"},{"@type":"WebPage","@id":"https:\/\/armin-knab-gymnasium.de\/Home\/2022\/03\/29\/chiara-voerg-ueberzeut-beim-wettbewerb-alte-sprachen\/","url":"https:\/\/armin-knab-gymnasium.de\/Home\/2022\/03\/29\/chiara-voerg-ueberzeut-beim-wettbewerb-alte-sprachen\/","name":"Chiara V\u00f6rg \u00fcberzeugt beim Latein-Wettbewerb - Armin-Knab-Gymnasium Kitzingen","isPartOf":{"@id":"https:\/\/armin-knab-gymnasium.de\/Home\/#website"},"primaryImageOfPage":{"@id":"https:\/\/armin-knab-gymnasium.de\/Home\/2022\/03\/29\/chiara-voerg-ueberzeut-beim-wettbewerb-alte-sprachen\/#primaryimage"},"image":{"@id":"https:\/\/armin-knab-gymnasium.de\/Home\/2022\/03\/29\/chiara-voerg-ueberzeut-beim-wettbewerb-alte-sprachen\/#primaryimage"},"thumbnailUrl":"https:\/\/armin-knab-gymnasium.de\/Home\/wp-content\/uploads\/2022\/03\/Latein-scaled.jpg","datePublished":"2022-03-29T09:45:09+00:00","dateModified":"2022-03-29T11:13:43+00:00","breadcrumb":{"@id":"https:\/\/armin-knab-gymnasium.de\/Home\/2022\/03\/29\/chiara-voerg-ueberzeut-beim-wettbewerb-alte-sprachen\/#breadcrumb"},"inLanguage":"de","potentialAction":[{"@type":"ReadAction","target":["https:\/\/armin-knab-gymnasium.de\/Home\/2022\/03\/29\/chiara-voerg-ueberzeut-beim-wettbewerb-alte-sprachen\/"]}]},{"@type":"ImageObject","inLanguage":"de","@id":"https:\/\/armin-knab-gymnasium.de\/Home\/2022\/03\/29\/chiara-voerg-ueberzeut-beim-wettbewerb-alte-sprachen\/#primaryimage","url":"https:\/\/armin-knab-gymnasium.de\/Home\/wp-content\/uploads\/2022\/03\/Latein-scaled.jpg","contentUrl":"https:\/\/armin-knab-gymnasium.de\/Home\/wp-content\/uploads\/2022\/03\/Latein-scaled.jpg","width":2560,"height":1614},{"@type":"BreadcrumbList","@id":"https:\/\/armin-knab-gymnasium.de\/Home\/2022\/03\/29\/chiara-voerg-ueberzeut-beim-wettbewerb-alte-sprachen\/#breadcrumb","itemListElement":[{"@type":"ListItem","position":1,"name":"Startseite","item":"https:\/\/armin-knab-gymnasium.de\/Home\/"},{"@type":"ListItem","position":2,"name":"Chiara V\u00f6rg \u00fcberzeugt beim Latein-Wettbewerb"}]},{"@type":"WebSite","@id":"https:\/\/armin-knab-gymnasium.de\/Home\/#website","url":"https:\/\/armin-knab-gymnasium.de\/Home\/","name":"Armin-Knab-Gymnasium Kitzingen","description":"Naturwissenschaftlich-technologisches und sprachliches Gymnasium","publisher":{"@id":"https:\/\/armin-knab-gymnasium.de\/Home\/#organization"},"potentialAction":[{"@type":"SearchAction","target":{"@type":"EntryPoint","urlTemplate":"https:\/\/armin-knab-gymnasium.de\/Home\/?s={search_term_string}"},"query-input":{"@type":"PropertyValueSpecification","valueRequired":true,"valueName":"search_term_string"}}],"inLanguage":"de"},{"@type":"Organization","@id":"https:\/\/armin-knab-gymnasium.de\/Home\/#organization","name":"Armin-Knab-Gymnasium Kitzingen","url":"https:\/\/armin-knab-gymnasium.de\/Home\/","logo":{"@type":"ImageObject","inLanguage":"de","@id":"https:\/\/armin-knab-gymnasium.de\/Home\/#\/schema\/logo\/image\/","url":"https:\/\/armin-knab-gymnasium.de\/Home\/wp-content\/uploads\/2016\/11\/LogoIcon.png","contentUrl":"https:\/\/armin-knab-gymnasium.de\/Home\/wp-content\/uploads\/2016\/11\/LogoIcon.png","width":512,"height":512,"caption":"Armin-Knab-Gymnasium Kitzingen"},"image":{"@id":"https:\/\/armin-knab-gymnasium.de\/Home\/#\/schema\/logo\/image\/"}},{"@type":"Person","@id":"https:\/\/armin-knab-gymnasium.de\/Home\/#\/schema\/person\/dca04432af2debe41f152198d65a304b","name":"Anette Gerhard","image":{"@type":"ImageObject","inLanguage":"de","@id":"https:\/\/secure.gravatar.com\/avatar\/8e7625a22249a6d75b8d9d049422a3ce675f16161cf20cab7db0d86ef4c7cfb4?s=96&d=mm&r=g1009b082780f63f2e7bc9cb9810159f8","url":"https:\/\/secure.gravatar.com\/avatar\/8e7625a22249a6d75b8d9d049422a3ce675f16161cf20cab7db0d86ef4c7cfb4?s=96&d=mm&r=g","contentUrl":"https:\/\/secure.gravatar.com\/avatar\/8e7625a22249a6d75b8d9d049422a3ce675f16161cf20cab7db0d86ef4c7cfb4?s=96&d=mm&r=g","caption":"Anette Gerhard"},"sameAs":["https:\/\/armin-knab-gymnasium.de\/Home"],"url":"https:\/\/armin-knab-gymnasium.de\/Home\/author\/ger\/"}]}},"publishpress_future_action":{"enabled":false,"date":"2026-05-07 20:30:54","action":"change-status","newStatus":"draft","terms":[],"taxonomy":"category","extraData":[]},"publishpress_future_workflow_manual_trigger":{"enabledWorkflows":[]},"_links":{"self":[{"href":"https:\/\/armin-knab-gymnasium.de\/Home\/wp-json\/wp\/v2\/posts\/13110","targetHints":{"allow":["GET"]}}],"collection":[{"href":"https:\/\/armin-knab-gymnasium.de\/Home\/wp-json\/wp\/v2\/posts"}],"about":[{"href":"https:\/\/armin-knab-gymnasium.de\/Home\/wp-json\/wp\/v2\/types\/post"}],"author":[{"embeddable":true,"href":"https:\/\/armin-knab-gymnasium.de\/Home\/wp-json\/wp\/v2\/users\/1002"}],"replies":[{"embeddable":true,"href":"https:\/\/armin-knab-gymnasium.de\/Home\/wp-json\/wp\/v2\/comments?post=13110"}],"version-history":[{"count":5,"href":"https:\/\/armin-knab-gymnasium.de\/Home\/wp-json\/wp\/v2\/posts\/13110\/revisions"}],"predecessor-version":[{"id":13119,"href":"https:\/\/armin-knab-gymnasium.de\/Home\/wp-json\/wp\/v2\/posts\/13110\/revisions\/13119"}],"wp:featuredmedia":[{"embeddable":true,"href":"https:\/\/armin-knab-gymnasium.de\/Home\/wp-json\/wp\/v2\/media\/13111"}],"wp:attachment":[{"href":"https:\/\/armin-knab-gymnasium.de\/Home\/wp-json\/wp\/v2\/media?parent=13110"}],"wp:term":[{"taxonomy":"category","embeddable":true,"href":"https:\/\/armin-knab-gymnasium.de\/Home\/wp-json\/wp\/v2\/categories?post=13110"},{"taxonomy":"post_tag","embeddable":true,"href":"https:\/\/armin-knab-gymnasium.de\/Home\/wp-json\/wp\/v2\/tags?post=13110"},{"taxonomy":"author","embeddable":true,"href":"https:\/\/armin-knab-gymnasium.de\/Home\/wp-json\/wp\/v2\/coauthors?post=13110"}],"curies":[{"name":"wp","href":"https:\/\/api.w.org\/{rel}","templated":true}]}}