{"id":13205,"date":"2022-04-06T15:02:20","date_gmt":"2022-04-06T13:02:20","guid":{"rendered":"http:\/\/armin-knab-gymnasium.de\/Home\/?p=13205"},"modified":"2022-04-06T15:05:18","modified_gmt":"2022-04-06T13:05:18","slug":"waldexkursion-in-das-zeubelrieder-moor","status":"publish","type":"post","link":"https:\/\/armin-knab-gymnasium.de\/Home\/2022\/04\/06\/waldexkursion-in-das-zeubelrieder-moor\/","title":{"rendered":"Waldexkursion in das Zeubelrieder Moor"},"content":{"rendered":"\n<p>Am Montag, den 04.04.22, und am Mittwoch, den 06.04.22, ging es f\u00fcr die Sch\u00fcer*innen der 8A bzw. 8C auf eine besondere Exkursion. Mit den Fahrr\u00e4dern fuhren sie \u00fcber Sulzfeld und Erlach mit Pausen bis in das Naturschutzgebiet auf der Erlacher Gemarkung. Dort wurden die Fahrr\u00e4der abgestellt und zu Fu\u00df ging es auf abenteuerlichen Pfaden zum Damm des Biebers und seiner Burg. Begeistert bestaunten alle das Werk. Martin Schwab und Tilo Hemmert konnten viel biologisches, geologisches, geographisches und geschichtliches Wissen vermitteln. Es war ein rundum gelungener Tag.<\/p>\n","protected":false},"excerpt":{"rendered":"<p>Am Montag, den 04.04.22, und am Mittwoch, den 06.04.22, ging es f\u00fcr die Sch\u00fcer*innen der 8A bzw. 8C auf eine besondere Exkursion. Mit den Fahrr\u00e4dern fuhren sie \u00fcber Sulzfeld und&#8230; <a href=\"https:\/\/armin-knab-gymnasium.de\/Home\/2022\/04\/06\/waldexkursion-in-das-zeubelrieder-moor\/\">weiterlesen &raquo;<\/a><\/p>\n","protected":false},"author":1012,"featured_media":13208,"comment_status":"closed","ping_status":"closed","sticky":false,"template":"","format":"standard","meta":{"ghostkit_customizer_options":"","ghostkit_custom_css":"","ghostkit_custom_js_head":"","ghostkit_custom_js_foot":"","ghostkit_typography":"","footnotes":""},"categories":[1],"tags":[],"coauthors":[52],"class_list":["post-13205","post","type-post","status-publish","format-standard","has-post-thumbnail","hentry","category-allgemein"],"yoast_head":"<!-- This site is optimized with the Yoast SEO plugin v27.4 - https:\/\/yoast.com\/product\/yoast-seo-wordpress\/ -->\n<title>Waldexkursion in das Zeubelrieder Moor - Armin-Knab-Gymnasium Kitzingen<\/title>\n<meta name=\"robots\" content=\"index, follow, max-snippet:-1, max-image-preview:large, max-video-preview:-1\" \/>\n<link rel=\"canonical\" href=\"https:\/\/armin-knab-gymnasium.de\/Home\/2022\/04\/06\/waldexkursion-in-das-zeubelrieder-moor\/\" \/>\n<meta property=\"og:locale\" content=\"de_DE\" \/>\n<meta property=\"og:type\" content=\"article\" \/>\n<meta property=\"og:title\" content=\"Waldexkursion in das Zeubelrieder Moor - Armin-Knab-Gymnasium Kitzingen\" \/>\n<meta property=\"og:description\" content=\"Am Montag, den 04.04.22, und am Mittwoch, den 06.04.22, ging es f\u00fcr die Sch\u00fcer*innen der 8A bzw. 8C auf eine besondere Exkursion. Mit den Fahrr\u00e4dern fuhren sie \u00fcber Sulzfeld und... weiterlesen &raquo;\" \/>\n<meta property=\"og:url\" content=\"https:\/\/armin-knab-gymnasium.de\/Home\/2022\/04\/06\/waldexkursion-in-das-zeubelrieder-moor\/\" \/>\n<meta property=\"og:site_name\" content=\"Armin-Knab-Gymnasium Kitzingen\" \/>\n<meta property=\"article:published_time\" content=\"2022-04-06T13:02:20+00:00\" \/>\n<meta property=\"article:modified_time\" content=\"2022-04-06T13:05:18+00:00\" \/>\n<meta property=\"og:image\" content=\"https:\/\/armin-knab-gymnasium.de\/Home\/wp-content\/uploads\/2022\/04\/Exkursion-Moor1-scaled.jpg\" \/>\n\t<meta property=\"og:image:width\" content=\"2560\" \/>\n\t<meta property=\"og:image:height\" content=\"1909\" \/>\n\t<meta property=\"og:image:type\" content=\"image\/jpeg\" \/>\n<meta name=\"author\" content=\"Maria Seifert-Schmitt\" \/>\n<meta name=\"twitter:card\" content=\"summary_large_image\" \/>\n<meta name=\"twitter:label1\" content=\"Verfasst von\" \/>\n\t<meta name=\"twitter:data1\" content=\"Maria Seifert-Schmitt\" \/>\n\t<meta name=\"twitter:label2\" content=\"Gesch\u00e4tzte Lesezeit\" \/>\n\t<meta name=\"twitter:data2\" content=\"1\u00a0Minute\" \/>\n\t<meta name=\"twitter:label3\" content=\"Written by\" \/>\n\t<meta name=\"twitter:data3\" content=\"Maria Seifert-Schmitt\" \/>\n<script type=\"application\/ld+json\" class=\"yoast-schema-graph\">{\"@context\":\"https:\\\/\\\/schema.org\",\"@graph\":[{\"@type\":\"Article\",\"@id\":\"https:\\\/\\\/armin-knab-gymnasium.de\\\/Home\\\/2022\\\/04\\\/06\\\/waldexkursion-in-das-zeubelrieder-moor\\\/#article\",\"isPartOf\":{\"@id\":\"https:\\\/\\\/armin-knab-gymnasium.de\\\/Home\\\/2022\\\/04\\\/06\\\/waldexkursion-in-das-zeubelrieder-moor\\\/\"},\"author\":{\"name\":\"Maria Seifert-Schmitt\",\"@id\":\"https:\\\/\\\/armin-knab-gymnasium.de\\\/Home\\\/#\\\/schema\\\/person\\\/fb81bda0c7e43a1aac7b70d2aa3c7ff7\"},\"headline\":\"Waldexkursion in das Zeubelrieder Moor\",\"datePublished\":\"2022-04-06T13:02:20+00:00\",\"dateModified\":\"2022-04-06T13:05:18+00:00\",\"mainEntityOfPage\":{\"@id\":\"https:\\\/\\\/armin-knab-gymnasium.de\\\/Home\\\/2022\\\/04\\\/06\\\/waldexkursion-in-das-zeubelrieder-moor\\\/\"},\"wordCount\":94,\"publisher\":{\"@id\":\"https:\\\/\\\/armin-knab-gymnasium.de\\\/Home\\\/#organization\"},\"image\":{\"@id\":\"https:\\\/\\\/armin-knab-gymnasium.de\\\/Home\\\/2022\\\/04\\\/06\\\/waldexkursion-in-das-zeubelrieder-moor\\\/#primaryimage\"},\"thumbnailUrl\":\"https:\\\/\\\/armin-knab-gymnasium.de\\\/Home\\\/wp-content\\\/uploads\\\/2022\\\/04\\\/Exkursion-Moor1-scaled.jpg\",\"inLanguage\":\"de\"},{\"@type\":\"WebPage\",\"@id\":\"https:\\\/\\\/armin-knab-gymnasium.de\\\/Home\\\/2022\\\/04\\\/06\\\/waldexkursion-in-das-zeubelrieder-moor\\\/\",\"url\":\"https:\\\/\\\/armin-knab-gymnasium.de\\\/Home\\\/2022\\\/04\\\/06\\\/waldexkursion-in-das-zeubelrieder-moor\\\/\",\"name\":\"Waldexkursion in das Zeubelrieder Moor - Armin-Knab-Gymnasium Kitzingen\",\"isPartOf\":{\"@id\":\"https:\\\/\\\/armin-knab-gymnasium.de\\\/Home\\\/#website\"},\"primaryImageOfPage\":{\"@id\":\"https:\\\/\\\/armin-knab-gymnasium.de\\\/Home\\\/2022\\\/04\\\/06\\\/waldexkursion-in-das-zeubelrieder-moor\\\/#primaryimage\"},\"image\":{\"@id\":\"https:\\\/\\\/armin-knab-gymnasium.de\\\/Home\\\/2022\\\/04\\\/06\\\/waldexkursion-in-das-zeubelrieder-moor\\\/#primaryimage\"},\"thumbnailUrl\":\"https:\\\/\\\/armin-knab-gymnasium.de\\\/Home\\\/wp-content\\\/uploads\\\/2022\\\/04\\\/Exkursion-Moor1-scaled.jpg\",\"datePublished\":\"2022-04-06T13:02:20+00:00\",\"dateModified\":\"2022-04-06T13:05:18+00:00\",\"breadcrumb\":{\"@id\":\"https:\\\/\\\/armin-knab-gymnasium.de\\\/Home\\\/2022\\\/04\\\/06\\\/waldexkursion-in-das-zeubelrieder-moor\\\/#breadcrumb\"},\"inLanguage\":\"de\",\"potentialAction\":[{\"@type\":\"ReadAction\",\"target\":[\"https:\\\/\\\/armin-knab-gymnasium.de\\\/Home\\\/2022\\\/04\\\/06\\\/waldexkursion-in-das-zeubelrieder-moor\\\/\"]}]},{\"@type\":\"ImageObject\",\"inLanguage\":\"de\",\"@id\":\"https:\\\/\\\/armin-knab-gymnasium.de\\\/Home\\\/2022\\\/04\\\/06\\\/waldexkursion-in-das-zeubelrieder-moor\\\/#primaryimage\",\"url\":\"https:\\\/\\\/armin-knab-gymnasium.de\\\/Home\\\/wp-content\\\/uploads\\\/2022\\\/04\\\/Exkursion-Moor1-scaled.jpg\",\"contentUrl\":\"https:\\\/\\\/armin-knab-gymnasium.de\\\/Home\\\/wp-content\\\/uploads\\\/2022\\\/04\\\/Exkursion-Moor1-scaled.jpg\",\"width\":2560,\"height\":1909},{\"@type\":\"BreadcrumbList\",\"@id\":\"https:\\\/\\\/armin-knab-gymnasium.de\\\/Home\\\/2022\\\/04\\\/06\\\/waldexkursion-in-das-zeubelrieder-moor\\\/#breadcrumb\",\"itemListElement\":[{\"@type\":\"ListItem\",\"position\":1,\"name\":\"Startseite\",\"item\":\"https:\\\/\\\/armin-knab-gymnasium.de\\\/Home\\\/\"},{\"@type\":\"ListItem\",\"position\":2,\"name\":\"Waldexkursion in das Zeubelrieder Moor\"}]},{\"@type\":\"WebSite\",\"@id\":\"https:\\\/\\\/armin-knab-gymnasium.de\\\/Home\\\/#website\",\"url\":\"https:\\\/\\\/armin-knab-gymnasium.de\\\/Home\\\/\",\"name\":\"Armin-Knab-Gymnasium Kitzingen\",\"description\":\"Naturwissenschaftlich-technologisches und sprachliches Gymnasium\",\"publisher\":{\"@id\":\"https:\\\/\\\/armin-knab-gymnasium.de\\\/Home\\\/#organization\"},\"potentialAction\":[{\"@type\":\"SearchAction\",\"target\":{\"@type\":\"EntryPoint\",\"urlTemplate\":\"https:\\\/\\\/armin-knab-gymnasium.de\\\/Home\\\/?s={search_term_string}\"},\"query-input\":{\"@type\":\"PropertyValueSpecification\",\"valueRequired\":true,\"valueName\":\"search_term_string\"}}],\"inLanguage\":\"de\"},{\"@type\":\"Organization\",\"@id\":\"https:\\\/\\\/armin-knab-gymnasium.de\\\/Home\\\/#organization\",\"name\":\"Armin-Knab-Gymnasium Kitzingen\",\"url\":\"https:\\\/\\\/armin-knab-gymnasium.de\\\/Home\\\/\",\"logo\":{\"@type\":\"ImageObject\",\"inLanguage\":\"de\",\"@id\":\"https:\\\/\\\/armin-knab-gymnasium.de\\\/Home\\\/#\\\/schema\\\/logo\\\/image\\\/\",\"url\":\"https:\\\/\\\/armin-knab-gymnasium.de\\\/Home\\\/wp-content\\\/uploads\\\/2016\\\/11\\\/LogoIcon.png\",\"contentUrl\":\"https:\\\/\\\/armin-knab-gymnasium.de\\\/Home\\\/wp-content\\\/uploads\\\/2016\\\/11\\\/LogoIcon.png\",\"width\":512,\"height\":512,\"caption\":\"Armin-Knab-Gymnasium Kitzingen\"},\"image\":{\"@id\":\"https:\\\/\\\/armin-knab-gymnasium.de\\\/Home\\\/#\\\/schema\\\/logo\\\/image\\\/\"}},{\"@type\":\"Person\",\"@id\":\"https:\\\/\\\/armin-knab-gymnasium.de\\\/Home\\\/#\\\/schema\\\/person\\\/fb81bda0c7e43a1aac7b70d2aa3c7ff7\",\"name\":\"Maria Seifert-Schmitt\",\"image\":{\"@type\":\"ImageObject\",\"inLanguage\":\"de\",\"@id\":\"https:\\\/\\\/secure.gravatar.com\\\/avatar\\\/847cc4f594aaccac84bdb41578825a2e0def2996ed502b1632ef353f980b9af7?s=96&d=mm&r=gad34ff714b76d13ea4d4bf4a46826d39\",\"url\":\"https:\\\/\\\/secure.gravatar.com\\\/avatar\\\/847cc4f594aaccac84bdb41578825a2e0def2996ed502b1632ef353f980b9af7?s=96&d=mm&r=g\",\"contentUrl\":\"https:\\\/\\\/secure.gravatar.com\\\/avatar\\\/847cc4f594aaccac84bdb41578825a2e0def2996ed502b1632ef353f980b9af7?s=96&d=mm&r=g\",\"caption\":\"Maria Seifert-Schmitt\"},\"sameAs\":[\"https:\\\/\\\/armin-knab-gymnasium.de\\\/Home\"],\"url\":\"https:\\\/\\\/armin-knab-gymnasium.de\\\/Home\\\/author\\\/ses\\\/\"}]}<\/script>\n<!-- \/ Yoast SEO plugin. -->","yoast_head_json":{"title":"Waldexkursion in das Zeubelrieder Moor - Armin-Knab-Gymnasium Kitzingen","robots":{"index":"index","follow":"follow","max-snippet":"max-snippet:-1","max-image-preview":"max-image-preview:large","max-video-preview":"max-video-preview:-1"},"canonical":"https:\/\/armin-knab-gymnasium.de\/Home\/2022\/04\/06\/waldexkursion-in-das-zeubelrieder-moor\/","og_locale":"de_DE","og_type":"article","og_title":"Waldexkursion in das Zeubelrieder Moor - Armin-Knab-Gymnasium Kitzingen","og_description":"Am Montag, den 04.04.22, und am Mittwoch, den 06.04.22, ging es f\u00fcr die Sch\u00fcer*innen der 8A bzw. 8C auf eine besondere Exkursion. Mit den Fahrr\u00e4dern fuhren sie \u00fcber Sulzfeld und... weiterlesen &raquo;","og_url":"https:\/\/armin-knab-gymnasium.de\/Home\/2022\/04\/06\/waldexkursion-in-das-zeubelrieder-moor\/","og_site_name":"Armin-Knab-Gymnasium Kitzingen","article_published_time":"2022-04-06T13:02:20+00:00","article_modified_time":"2022-04-06T13:05:18+00:00","og_image":[{"width":2560,"height":1909,"url":"https:\/\/armin-knab-gymnasium.de\/Home\/wp-content\/uploads\/2022\/04\/Exkursion-Moor1-scaled.jpg","type":"image\/jpeg"}],"author":"Maria Seifert-Schmitt","twitter_card":"summary_large_image","twitter_misc":{"Verfasst von":"Maria Seifert-Schmitt","Gesch\u00e4tzte Lesezeit":"1\u00a0Minute","Written by":"Maria Seifert-Schmitt"},"schema":{"@context":"https:\/\/schema.org","@graph":[{"@type":"Article","@id":"https:\/\/armin-knab-gymnasium.de\/Home\/2022\/04\/06\/waldexkursion-in-das-zeubelrieder-moor\/#article","isPartOf":{"@id":"https:\/\/armin-knab-gymnasium.de\/Home\/2022\/04\/06\/waldexkursion-in-das-zeubelrieder-moor\/"},"author":{"name":"Maria Seifert-Schmitt","@id":"https:\/\/armin-knab-gymnasium.de\/Home\/#\/schema\/person\/fb81bda0c7e43a1aac7b70d2aa3c7ff7"},"headline":"Waldexkursion in das Zeubelrieder Moor","datePublished":"2022-04-06T13:02:20+00:00","dateModified":"2022-04-06T13:05:18+00:00","mainEntityOfPage":{"@id":"https:\/\/armin-knab-gymnasium.de\/Home\/2022\/04\/06\/waldexkursion-in-das-zeubelrieder-moor\/"},"wordCount":94,"publisher":{"@id":"https:\/\/armin-knab-gymnasium.de\/Home\/#organization"},"image":{"@id":"https:\/\/armin-knab-gymnasium.de\/Home\/2022\/04\/06\/waldexkursion-in-das-zeubelrieder-moor\/#primaryimage"},"thumbnailUrl":"https:\/\/armin-knab-gymnasium.de\/Home\/wp-content\/uploads\/2022\/04\/Exkursion-Moor1-scaled.jpg","inLanguage":"de"},{"@type":"WebPage","@id":"https:\/\/armin-knab-gymnasium.de\/Home\/2022\/04\/06\/waldexkursion-in-das-zeubelrieder-moor\/","url":"https:\/\/armin-knab-gymnasium.de\/Home\/2022\/04\/06\/waldexkursion-in-das-zeubelrieder-moor\/","name":"Waldexkursion in das Zeubelrieder Moor - Armin-Knab-Gymnasium Kitzingen","isPartOf":{"@id":"https:\/\/armin-knab-gymnasium.de\/Home\/#website"},"primaryImageOfPage":{"@id":"https:\/\/armin-knab-gymnasium.de\/Home\/2022\/04\/06\/waldexkursion-in-das-zeubelrieder-moor\/#primaryimage"},"image":{"@id":"https:\/\/armin-knab-gymnasium.de\/Home\/2022\/04\/06\/waldexkursion-in-das-zeubelrieder-moor\/#primaryimage"},"thumbnailUrl":"https:\/\/armin-knab-gymnasium.de\/Home\/wp-content\/uploads\/2022\/04\/Exkursion-Moor1-scaled.jpg","datePublished":"2022-04-06T13:02:20+00:00","dateModified":"2022-04-06T13:05:18+00:00","breadcrumb":{"@id":"https:\/\/armin-knab-gymnasium.de\/Home\/2022\/04\/06\/waldexkursion-in-das-zeubelrieder-moor\/#breadcrumb"},"inLanguage":"de","potentialAction":[{"@type":"ReadAction","target":["https:\/\/armin-knab-gymnasium.de\/Home\/2022\/04\/06\/waldexkursion-in-das-zeubelrieder-moor\/"]}]},{"@type":"ImageObject","inLanguage":"de","@id":"https:\/\/armin-knab-gymnasium.de\/Home\/2022\/04\/06\/waldexkursion-in-das-zeubelrieder-moor\/#primaryimage","url":"https:\/\/armin-knab-gymnasium.de\/Home\/wp-content\/uploads\/2022\/04\/Exkursion-Moor1-scaled.jpg","contentUrl":"https:\/\/armin-knab-gymnasium.de\/Home\/wp-content\/uploads\/2022\/04\/Exkursion-Moor1-scaled.jpg","width":2560,"height":1909},{"@type":"BreadcrumbList","@id":"https:\/\/armin-knab-gymnasium.de\/Home\/2022\/04\/06\/waldexkursion-in-das-zeubelrieder-moor\/#breadcrumb","itemListElement":[{"@type":"ListItem","position":1,"name":"Startseite","item":"https:\/\/armin-knab-gymnasium.de\/Home\/"},{"@type":"ListItem","position":2,"name":"Waldexkursion in das Zeubelrieder Moor"}]},{"@type":"WebSite","@id":"https:\/\/armin-knab-gymnasium.de\/Home\/#website","url":"https:\/\/armin-knab-gymnasium.de\/Home\/","name":"Armin-Knab-Gymnasium Kitzingen","description":"Naturwissenschaftlich-technologisches und sprachliches Gymnasium","publisher":{"@id":"https:\/\/armin-knab-gymnasium.de\/Home\/#organization"},"potentialAction":[{"@type":"SearchAction","target":{"@type":"EntryPoint","urlTemplate":"https:\/\/armin-knab-gymnasium.de\/Home\/?s={search_term_string}"},"query-input":{"@type":"PropertyValueSpecification","valueRequired":true,"valueName":"search_term_string"}}],"inLanguage":"de"},{"@type":"Organization","@id":"https:\/\/armin-knab-gymnasium.de\/Home\/#organization","name":"Armin-Knab-Gymnasium Kitzingen","url":"https:\/\/armin-knab-gymnasium.de\/Home\/","logo":{"@type":"ImageObject","inLanguage":"de","@id":"https:\/\/armin-knab-gymnasium.de\/Home\/#\/schema\/logo\/image\/","url":"https:\/\/armin-knab-gymnasium.de\/Home\/wp-content\/uploads\/2016\/11\/LogoIcon.png","contentUrl":"https:\/\/armin-knab-gymnasium.de\/Home\/wp-content\/uploads\/2016\/11\/LogoIcon.png","width":512,"height":512,"caption":"Armin-Knab-Gymnasium Kitzingen"},"image":{"@id":"https:\/\/armin-knab-gymnasium.de\/Home\/#\/schema\/logo\/image\/"}},{"@type":"Person","@id":"https:\/\/armin-knab-gymnasium.de\/Home\/#\/schema\/person\/fb81bda0c7e43a1aac7b70d2aa3c7ff7","name":"Maria Seifert-Schmitt","image":{"@type":"ImageObject","inLanguage":"de","@id":"https:\/\/secure.gravatar.com\/avatar\/847cc4f594aaccac84bdb41578825a2e0def2996ed502b1632ef353f980b9af7?s=96&d=mm&r=gad34ff714b76d13ea4d4bf4a46826d39","url":"https:\/\/secure.gravatar.com\/avatar\/847cc4f594aaccac84bdb41578825a2e0def2996ed502b1632ef353f980b9af7?s=96&d=mm&r=g","contentUrl":"https:\/\/secure.gravatar.com\/avatar\/847cc4f594aaccac84bdb41578825a2e0def2996ed502b1632ef353f980b9af7?s=96&d=mm&r=g","caption":"Maria Seifert-Schmitt"},"sameAs":["https:\/\/armin-knab-gymnasium.de\/Home"],"url":"https:\/\/armin-knab-gymnasium.de\/Home\/author\/ses\/"}]}},"publishpress_future_action":{"enabled":false,"date":"2026-05-04 18:28:53","action":"change-status","newStatus":"draft","terms":[],"taxonomy":"category","extraData":[]},"publishpress_future_workflow_manual_trigger":{"enabledWorkflows":[]},"_links":{"self":[{"href":"https:\/\/armin-knab-gymnasium.de\/Home\/wp-json\/wp\/v2\/posts\/13205","targetHints":{"allow":["GET"]}}],"collection":[{"href":"https:\/\/armin-knab-gymnasium.de\/Home\/wp-json\/wp\/v2\/posts"}],"about":[{"href":"https:\/\/armin-knab-gymnasium.de\/Home\/wp-json\/wp\/v2\/types\/post"}],"author":[{"embeddable":true,"href":"https:\/\/armin-knab-gymnasium.de\/Home\/wp-json\/wp\/v2\/users\/1012"}],"replies":[{"embeddable":true,"href":"https:\/\/armin-knab-gymnasium.de\/Home\/wp-json\/wp\/v2\/comments?post=13205"}],"version-history":[{"count":1,"href":"https:\/\/armin-knab-gymnasium.de\/Home\/wp-json\/wp\/v2\/posts\/13205\/revisions"}],"predecessor-version":[{"id":13207,"href":"https:\/\/armin-knab-gymnasium.de\/Home\/wp-json\/wp\/v2\/posts\/13205\/revisions\/13207"}],"wp:featuredmedia":[{"embeddable":true,"href":"https:\/\/armin-knab-gymnasium.de\/Home\/wp-json\/wp\/v2\/media\/13208"}],"wp:attachment":[{"href":"https:\/\/armin-knab-gymnasium.de\/Home\/wp-json\/wp\/v2\/media?parent=13205"}],"wp:term":[{"taxonomy":"category","embeddable":true,"href":"https:\/\/armin-knab-gymnasium.de\/Home\/wp-json\/wp\/v2\/categories?post=13205"},{"taxonomy":"post_tag","embeddable":true,"href":"https:\/\/armin-knab-gymnasium.de\/Home\/wp-json\/wp\/v2\/tags?post=13205"},{"taxonomy":"author","embeddable":true,"href":"https:\/\/armin-knab-gymnasium.de\/Home\/wp-json\/wp\/v2\/coauthors?post=13205"}],"curies":[{"name":"wp","href":"https:\/\/api.w.org\/{rel}","templated":true}]}}