{"id":13258,"date":"2021-07-26T00:02:00","date_gmt":"2021-07-25T22:02:00","guid":{"rendered":"http:\/\/armin-knab-gymnasium.de\/Home\/?p=13258"},"modified":"2022-05-04T15:33:10","modified_gmt":"2022-05-04T13:33:10","slug":"szenen","status":"publish","type":"post","link":"https:\/\/armin-knab-gymnasium.de\/Home\/2021\/07\/26\/szenen\/","title":{"rendered":"SZENEN"},"content":{"rendered":"\n<p><strong>Theaterauff\u00fchrung open air &#8211; Neuentdeckung einer B\u00fchne<\/strong>:<\/p>\n\n\n\n<p>Was das AKG nicht alles zu bieten hat: Eine Open-Air-B\u00fchne, die vor uns noch niemand entdeckt hatte.<\/p>\n\n\n\n<p>Sehr spontan und voller Lust aufs Spiel haben wir, das Profilfach &#8222;Theater&#8220; zusammen mit der Mittel- und Oberstufentheatergruppe, uns am <strong>Ende des Schuljahres 2020\/21<\/strong> dazu entschlossen, eine Auff\u00fchrung in Pr\u00e4senz mit echtem Publikum zu wagen, statt wie urspr\u00fcnglich geplant, online zu spielen.<\/p>\n\n\n\n<p><strong>Auszug aus dem Programmheft:<\/strong> &#8222;Unser st\u00fcck <strong>SZENEN <\/strong>ist eine collage aus 17 kurzen einaktern, die allt\u00e4gliche szenen persiflieren. Die schauspieler stellen nicht echte charaktere dar, sondern schablonen, lassen mechanisch ihren k\u00f6rper sprechen, wie puppen, die wahllos in jeder der zu sehenden szenen agieren k\u00f6nnten. Clownesk \u00fcberh\u00f6ht sind nicht nur kost\u00fcm und maske, sondern auch der gesprochene text. Das leben ist theater; es schreibt die eigenartigsten geschichten, die zu jeder zeit, an jedem ort so oder \u00e4hnlich passieren k\u00f6nnen, passiert sind.&#8220;<\/p>\n\n\n\n<p><strong>Wir wollten diese Minidramen zeigen, schnell musste eine unkomplizierte B\u00fchne her, eine Pop-up-B\u00fchne. Seht selbst:<\/strong><\/p>\n\n\n\n<figure class=\"wp-block-image size-large\"><a href=\"https:\/\/armin-knab-gymnasium.de\/Home\/wp-content\/uploads\/2022\/04\/2021Jul26_Theater_AKG_PFA_41-scaled.jpg\"><img loading=\"lazy\" decoding=\"async\" width=\"1024\" height=\"684\" src=\"https:\/\/armin-knab-gymnasium.de\/Home\/wp-content\/uploads\/2022\/04\/2021Jul26_Theater_AKG_PFA_41-1024x684.jpg\" alt=\"\" class=\"wp-image-13261\" srcset=\"https:\/\/armin-knab-gymnasium.de\/Home\/wp-content\/uploads\/2022\/04\/2021Jul26_Theater_AKG_PFA_41-1024x684.jpg 1024w, https:\/\/armin-knab-gymnasium.de\/Home\/wp-content\/uploads\/2022\/04\/2021Jul26_Theater_AKG_PFA_41-300x200.jpg 300w, https:\/\/armin-knab-gymnasium.de\/Home\/wp-content\/uploads\/2022\/04\/2021Jul26_Theater_AKG_PFA_41-768x513.jpg 768w, https:\/\/armin-knab-gymnasium.de\/Home\/wp-content\/uploads\/2022\/04\/2021Jul26_Theater_AKG_PFA_41-1536x1026.jpg 1536w, https:\/\/armin-knab-gymnasium.de\/Home\/wp-content\/uploads\/2022\/04\/2021Jul26_Theater_AKG_PFA_41-2048x1368.jpg 2048w, https:\/\/armin-knab-gymnasium.de\/Home\/wp-content\/uploads\/2022\/04\/2021Jul26_Theater_AKG_PFA_41-624x417.jpg 624w\" sizes=\"auto, (max-width: 1024px) 100vw, 1024px\" \/><\/a><\/figure>\n\n\n\n<figure class=\"wp-block-image size-large\"><a href=\"https:\/\/armin-knab-gymnasium.de\/Home\/wp-content\/uploads\/2022\/04\/DSC_0058-scaled.jpg\"><img loading=\"lazy\" decoding=\"async\" width=\"1024\" height=\"683\" src=\"https:\/\/armin-knab-gymnasium.de\/Home\/wp-content\/uploads\/2022\/04\/DSC_0058-1024x683.jpg\" alt=\"\" class=\"wp-image-13265\" srcset=\"https:\/\/armin-knab-gymnasium.de\/Home\/wp-content\/uploads\/2022\/04\/DSC_0058-1024x683.jpg 1024w, https:\/\/armin-knab-gymnasium.de\/Home\/wp-content\/uploads\/2022\/04\/DSC_0058-300x200.jpg 300w, https:\/\/armin-knab-gymnasium.de\/Home\/wp-content\/uploads\/2022\/04\/DSC_0058-768x512.jpg 768w, https:\/\/armin-knab-gymnasium.de\/Home\/wp-content\/uploads\/2022\/04\/DSC_0058-1536x1024.jpg 1536w, https:\/\/armin-knab-gymnasium.de\/Home\/wp-content\/uploads\/2022\/04\/DSC_0058-2048x1365.jpg 2048w, https:\/\/armin-knab-gymnasium.de\/Home\/wp-content\/uploads\/2022\/04\/DSC_0058-624x416.jpg 624w\" sizes=\"auto, (max-width: 1024px) 100vw, 1024px\" \/><\/a><\/figure>\n\n\n\n<figure class=\"wp-block-image size-large\"><a href=\"https:\/\/armin-knab-gymnasium.de\/Home\/wp-content\/uploads\/2022\/04\/DSC_0022-scaled.jpg\"><img loading=\"lazy\" decoding=\"async\" width=\"1024\" height=\"683\" src=\"https:\/\/armin-knab-gymnasium.de\/Home\/wp-content\/uploads\/2022\/04\/DSC_0022-1024x683.jpg\" alt=\"\" class=\"wp-image-13263\" srcset=\"https:\/\/armin-knab-gymnasium.de\/Home\/wp-content\/uploads\/2022\/04\/DSC_0022-1024x683.jpg 1024w, https:\/\/armin-knab-gymnasium.de\/Home\/wp-content\/uploads\/2022\/04\/DSC_0022-300x200.jpg 300w, https:\/\/armin-knab-gymnasium.de\/Home\/wp-content\/uploads\/2022\/04\/DSC_0022-768x512.jpg 768w, https:\/\/armin-knab-gymnasium.de\/Home\/wp-content\/uploads\/2022\/04\/DSC_0022-1536x1024.jpg 1536w, https:\/\/armin-knab-gymnasium.de\/Home\/wp-content\/uploads\/2022\/04\/DSC_0022-2048x1365.jpg 2048w, https:\/\/armin-knab-gymnasium.de\/Home\/wp-content\/uploads\/2022\/04\/DSC_0022-624x416.jpg 624w\" sizes=\"auto, (max-width: 1024px) 100vw, 1024px\" \/><\/a><\/figure>\n\n\n\n<figure class=\"wp-block-image size-large\"><a href=\"https:\/\/armin-knab-gymnasium.de\/Home\/wp-content\/uploads\/2022\/04\/DSC_0032-scaled.jpg\"><img loading=\"lazy\" decoding=\"async\" width=\"1024\" height=\"683\" src=\"https:\/\/armin-knab-gymnasium.de\/Home\/wp-content\/uploads\/2022\/04\/DSC_0032-1024x683.jpg\" alt=\"\" class=\"wp-image-13264\" srcset=\"https:\/\/armin-knab-gymnasium.de\/Home\/wp-content\/uploads\/2022\/04\/DSC_0032-1024x683.jpg 1024w, https:\/\/armin-knab-gymnasium.de\/Home\/wp-content\/uploads\/2022\/04\/DSC_0032-300x200.jpg 300w, https:\/\/armin-knab-gymnasium.de\/Home\/wp-content\/uploads\/2022\/04\/DSC_0032-768x512.jpg 768w, https:\/\/armin-knab-gymnasium.de\/Home\/wp-content\/uploads\/2022\/04\/DSC_0032-1536x1024.jpg 1536w, https:\/\/armin-knab-gymnasium.de\/Home\/wp-content\/uploads\/2022\/04\/DSC_0032-2048x1365.jpg 2048w, https:\/\/armin-knab-gymnasium.de\/Home\/wp-content\/uploads\/2022\/04\/DSC_0032-624x416.jpg 624w\" sizes=\"auto, (max-width: 1024px) 100vw, 1024px\" \/><\/a><\/figure>\n\n\n\n<figure class=\"wp-block-image size-large\"><a href=\"https:\/\/armin-knab-gymnasium.de\/Home\/wp-content\/uploads\/2022\/04\/DSC_0077-scaled.jpg\"><img loading=\"lazy\" decoding=\"async\" width=\"1024\" height=\"683\" src=\"https:\/\/armin-knab-gymnasium.de\/Home\/wp-content\/uploads\/2022\/04\/DSC_0077-1024x683.jpg\" alt=\"\" class=\"wp-image-13266\" srcset=\"https:\/\/armin-knab-gymnasium.de\/Home\/wp-content\/uploads\/2022\/04\/DSC_0077-1024x683.jpg 1024w, https:\/\/armin-knab-gymnasium.de\/Home\/wp-content\/uploads\/2022\/04\/DSC_0077-300x200.jpg 300w, https:\/\/armin-knab-gymnasium.de\/Home\/wp-content\/uploads\/2022\/04\/DSC_0077-768x512.jpg 768w, https:\/\/armin-knab-gymnasium.de\/Home\/wp-content\/uploads\/2022\/04\/DSC_0077-1536x1024.jpg 1536w, https:\/\/armin-knab-gymnasium.de\/Home\/wp-content\/uploads\/2022\/04\/DSC_0077-2048x1365.jpg 2048w, https:\/\/armin-knab-gymnasium.de\/Home\/wp-content\/uploads\/2022\/04\/DSC_0077-624x416.jpg 624w\" sizes=\"auto, (max-width: 1024px) 100vw, 1024px\" \/><\/a><\/figure>\n\n\n\n\n\n<p><\/p>\n","protected":false},"excerpt":{"rendered":"<p>Theaterauff\u00fchrung open air &#8211; Neuentdeckung einer B\u00fchne: Was das AKG nicht alles zu bieten hat: Eine Open-Air-B\u00fchne, die vor uns noch niemand entdeckt hatte. Sehr spontan und voller Lust aufs&#8230; <a href=\"https:\/\/armin-knab-gymnasium.de\/Home\/2021\/07\/26\/szenen\/\">weiterlesen &raquo;<\/a><\/p>\n","protected":false},"author":1021,"featured_media":13259,"comment_status":"closed","ping_status":"closed","sticky":false,"template":"","format":"standard","meta":{"ghostkit_customizer_options":"","ghostkit_custom_css":"","ghostkit_custom_js_head":"","ghostkit_custom_js_foot":"","ghostkit_typography":"","footnotes":""},"categories":[93],"tags":[],"coauthors":[69],"class_list":["post-13258","post","type-post","status-publish","format-standard","has-post-thumbnail","hentry","category-theater"],"yoast_head":"<!-- This site is optimized with the Yoast SEO plugin v27.5 - https:\/\/yoast.com\/product\/yoast-seo-wordpress\/ -->\n<title>SZENEN - Armin-Knab-Gymnasium Kitzingen<\/title>\n<meta name=\"robots\" content=\"index, follow, max-snippet:-1, max-image-preview:large, max-video-preview:-1\" \/>\n<link rel=\"canonical\" href=\"https:\/\/armin-knab-gymnasium.de\/Home\/2021\/07\/26\/szenen\/\" \/>\n<meta property=\"og:locale\" content=\"de_DE\" \/>\n<meta property=\"og:type\" content=\"article\" \/>\n<meta property=\"og:title\" content=\"SZENEN - Armin-Knab-Gymnasium Kitzingen\" \/>\n<meta property=\"og:description\" content=\"Theaterauff\u00fchrung open air &#8211; Neuentdeckung einer B\u00fchne: Was das AKG nicht alles zu bieten hat: Eine Open-Air-B\u00fchne, die vor uns noch niemand entdeckt hatte. Sehr spontan und voller Lust aufs... weiterlesen &raquo;\" \/>\n<meta property=\"og:url\" content=\"https:\/\/armin-knab-gymnasium.de\/Home\/2021\/07\/26\/szenen\/\" \/>\n<meta property=\"og:site_name\" content=\"Armin-Knab-Gymnasium Kitzingen\" \/>\n<meta property=\"article:published_time\" content=\"2021-07-25T22:02:00+00:00\" \/>\n<meta property=\"article:modified_time\" content=\"2022-05-04T13:33:10+00:00\" \/>\n<meta property=\"og:image\" content=\"https:\/\/armin-knab-gymnasium.de\/Home\/wp-content\/uploads\/2022\/04\/Foto-Szenen-Homepage.jpg\" \/>\n\t<meta property=\"og:image:width\" content=\"1318\" \/>\n\t<meta property=\"og:image:height\" content=\"2420\" \/>\n\t<meta property=\"og:image:type\" content=\"image\/jpeg\" \/>\n<meta name=\"author\" content=\"Antje P\u00f6llot\" \/>\n<meta name=\"twitter:card\" content=\"summary_large_image\" \/>\n<meta name=\"twitter:label1\" content=\"Verfasst von\" \/>\n\t<meta name=\"twitter:data1\" content=\"Antje P\u00f6llot\" \/>\n\t<meta name=\"twitter:label2\" content=\"Gesch\u00e4tzte Lesezeit\" \/>\n\t<meta name=\"twitter:data2\" content=\"3\u00a0Minuten\" \/>\n\t<meta name=\"twitter:label3\" content=\"Written by\" \/>\n\t<meta name=\"twitter:data3\" content=\"Antje P\u00f6llot\" \/>\n<script type=\"application\/ld+json\" class=\"yoast-schema-graph\">{\"@context\":\"https:\\\/\\\/schema.org\",\"@graph\":[{\"@type\":\"Article\",\"@id\":\"https:\\\/\\\/armin-knab-gymnasium.de\\\/Home\\\/2021\\\/07\\\/26\\\/szenen\\\/#article\",\"isPartOf\":{\"@id\":\"https:\\\/\\\/armin-knab-gymnasium.de\\\/Home\\\/2021\\\/07\\\/26\\\/szenen\\\/\"},\"author\":{\"name\":\"Antje P\u00f6llot\",\"@id\":\"https:\\\/\\\/armin-knab-gymnasium.de\\\/Home\\\/#\\\/schema\\\/person\\\/0c71d3d7b58c8a0c5d15f8a4deb26599\"},\"headline\":\"SZENEN\",\"datePublished\":\"2021-07-25T22:02:00+00:00\",\"dateModified\":\"2022-05-04T13:33:10+00:00\",\"mainEntityOfPage\":{\"@id\":\"https:\\\/\\\/armin-knab-gymnasium.de\\\/Home\\\/2021\\\/07\\\/26\\\/szenen\\\/\"},\"wordCount\":175,\"publisher\":{\"@id\":\"https:\\\/\\\/armin-knab-gymnasium.de\\\/Home\\\/#organization\"},\"image\":{\"@id\":\"https:\\\/\\\/armin-knab-gymnasium.de\\\/Home\\\/2021\\\/07\\\/26\\\/szenen\\\/#primaryimage\"},\"thumbnailUrl\":\"https:\\\/\\\/armin-knab-gymnasium.de\\\/Home\\\/wp-content\\\/uploads\\\/2022\\\/04\\\/Foto-Szenen-Homepage.jpg\",\"articleSection\":[\"Theater\"],\"inLanguage\":\"de\"},{\"@type\":\"WebPage\",\"@id\":\"https:\\\/\\\/armin-knab-gymnasium.de\\\/Home\\\/2021\\\/07\\\/26\\\/szenen\\\/\",\"url\":\"https:\\\/\\\/armin-knab-gymnasium.de\\\/Home\\\/2021\\\/07\\\/26\\\/szenen\\\/\",\"name\":\"SZENEN - Armin-Knab-Gymnasium Kitzingen\",\"isPartOf\":{\"@id\":\"https:\\\/\\\/armin-knab-gymnasium.de\\\/Home\\\/#website\"},\"primaryImageOfPage\":{\"@id\":\"https:\\\/\\\/armin-knab-gymnasium.de\\\/Home\\\/2021\\\/07\\\/26\\\/szenen\\\/#primaryimage\"},\"image\":{\"@id\":\"https:\\\/\\\/armin-knab-gymnasium.de\\\/Home\\\/2021\\\/07\\\/26\\\/szenen\\\/#primaryimage\"},\"thumbnailUrl\":\"https:\\\/\\\/armin-knab-gymnasium.de\\\/Home\\\/wp-content\\\/uploads\\\/2022\\\/04\\\/Foto-Szenen-Homepage.jpg\",\"datePublished\":\"2021-07-25T22:02:00+00:00\",\"dateModified\":\"2022-05-04T13:33:10+00:00\",\"breadcrumb\":{\"@id\":\"https:\\\/\\\/armin-knab-gymnasium.de\\\/Home\\\/2021\\\/07\\\/26\\\/szenen\\\/#breadcrumb\"},\"inLanguage\":\"de\",\"potentialAction\":[{\"@type\":\"ReadAction\",\"target\":[\"https:\\\/\\\/armin-knab-gymnasium.de\\\/Home\\\/2021\\\/07\\\/26\\\/szenen\\\/\"]}]},{\"@type\":\"ImageObject\",\"inLanguage\":\"de\",\"@id\":\"https:\\\/\\\/armin-knab-gymnasium.de\\\/Home\\\/2021\\\/07\\\/26\\\/szenen\\\/#primaryimage\",\"url\":\"https:\\\/\\\/armin-knab-gymnasium.de\\\/Home\\\/wp-content\\\/uploads\\\/2022\\\/04\\\/Foto-Szenen-Homepage.jpg\",\"contentUrl\":\"https:\\\/\\\/armin-knab-gymnasium.de\\\/Home\\\/wp-content\\\/uploads\\\/2022\\\/04\\\/Foto-Szenen-Homepage.jpg\",\"width\":1318,\"height\":2420},{\"@type\":\"BreadcrumbList\",\"@id\":\"https:\\\/\\\/armin-knab-gymnasium.de\\\/Home\\\/2021\\\/07\\\/26\\\/szenen\\\/#breadcrumb\",\"itemListElement\":[{\"@type\":\"ListItem\",\"position\":1,\"name\":\"Startseite\",\"item\":\"https:\\\/\\\/armin-knab-gymnasium.de\\\/Home\\\/\"},{\"@type\":\"ListItem\",\"position\":2,\"name\":\"SZENEN\"}]},{\"@type\":\"WebSite\",\"@id\":\"https:\\\/\\\/armin-knab-gymnasium.de\\\/Home\\\/#website\",\"url\":\"https:\\\/\\\/armin-knab-gymnasium.de\\\/Home\\\/\",\"name\":\"Armin-Knab-Gymnasium Kitzingen\",\"description\":\"Naturwissenschaftlich-technologisches und sprachliches Gymnasium\",\"publisher\":{\"@id\":\"https:\\\/\\\/armin-knab-gymnasium.de\\\/Home\\\/#organization\"},\"potentialAction\":[{\"@type\":\"SearchAction\",\"target\":{\"@type\":\"EntryPoint\",\"urlTemplate\":\"https:\\\/\\\/armin-knab-gymnasium.de\\\/Home\\\/?s={search_term_string}\"},\"query-input\":{\"@type\":\"PropertyValueSpecification\",\"valueRequired\":true,\"valueName\":\"search_term_string\"}}],\"inLanguage\":\"de\"},{\"@type\":\"Organization\",\"@id\":\"https:\\\/\\\/armin-knab-gymnasium.de\\\/Home\\\/#organization\",\"name\":\"Armin-Knab-Gymnasium Kitzingen\",\"url\":\"https:\\\/\\\/armin-knab-gymnasium.de\\\/Home\\\/\",\"logo\":{\"@type\":\"ImageObject\",\"inLanguage\":\"de\",\"@id\":\"https:\\\/\\\/armin-knab-gymnasium.de\\\/Home\\\/#\\\/schema\\\/logo\\\/image\\\/\",\"url\":\"https:\\\/\\\/armin-knab-gymnasium.de\\\/Home\\\/wp-content\\\/uploads\\\/2016\\\/11\\\/LogoIcon.png\",\"contentUrl\":\"https:\\\/\\\/armin-knab-gymnasium.de\\\/Home\\\/wp-content\\\/uploads\\\/2016\\\/11\\\/LogoIcon.png\",\"width\":512,\"height\":512,\"caption\":\"Armin-Knab-Gymnasium Kitzingen\"},\"image\":{\"@id\":\"https:\\\/\\\/armin-knab-gymnasium.de\\\/Home\\\/#\\\/schema\\\/logo\\\/image\\\/\"}},{\"@type\":\"Person\",\"@id\":\"https:\\\/\\\/armin-knab-gymnasium.de\\\/Home\\\/#\\\/schema\\\/person\\\/0c71d3d7b58c8a0c5d15f8a4deb26599\",\"name\":\"Antje P\u00f6llot\",\"image\":{\"@type\":\"ImageObject\",\"inLanguage\":\"de\",\"@id\":\"https:\\\/\\\/secure.gravatar.com\\\/avatar\\\/0ce08396b5958276752addcc8968b6b8ecf53f252acdbd5bc9dc2d1182232de7?s=96&d=mm&r=gd25eb65f7d9ce9f14db5ec834060e704\",\"url\":\"https:\\\/\\\/secure.gravatar.com\\\/avatar\\\/0ce08396b5958276752addcc8968b6b8ecf53f252acdbd5bc9dc2d1182232de7?s=96&d=mm&r=g\",\"contentUrl\":\"https:\\\/\\\/secure.gravatar.com\\\/avatar\\\/0ce08396b5958276752addcc8968b6b8ecf53f252acdbd5bc9dc2d1182232de7?s=96&d=mm&r=g\",\"caption\":\"Antje P\u00f6llot\"},\"sameAs\":[\"https:\\\/\\\/armin-knab-gymnasium.de\\\/Home\"],\"url\":\"https:\\\/\\\/armin-knab-gymnasium.de\\\/Home\\\/author\\\/poel\\\/\"}]}<\/script>\n<!-- \/ Yoast SEO plugin. -->","yoast_head_json":{"title":"SZENEN - Armin-Knab-Gymnasium Kitzingen","robots":{"index":"index","follow":"follow","max-snippet":"max-snippet:-1","max-image-preview":"max-image-preview:large","max-video-preview":"max-video-preview:-1"},"canonical":"https:\/\/armin-knab-gymnasium.de\/Home\/2021\/07\/26\/szenen\/","og_locale":"de_DE","og_type":"article","og_title":"SZENEN - Armin-Knab-Gymnasium Kitzingen","og_description":"Theaterauff\u00fchrung open air &#8211; Neuentdeckung einer B\u00fchne: Was das AKG nicht alles zu bieten hat: Eine Open-Air-B\u00fchne, die vor uns noch niemand entdeckt hatte. Sehr spontan und voller Lust aufs... weiterlesen &raquo;","og_url":"https:\/\/armin-knab-gymnasium.de\/Home\/2021\/07\/26\/szenen\/","og_site_name":"Armin-Knab-Gymnasium Kitzingen","article_published_time":"2021-07-25T22:02:00+00:00","article_modified_time":"2022-05-04T13:33:10+00:00","og_image":[{"width":1318,"height":2420,"url":"https:\/\/armin-knab-gymnasium.de\/Home\/wp-content\/uploads\/2022\/04\/Foto-Szenen-Homepage.jpg","type":"image\/jpeg"}],"author":"Antje P\u00f6llot","twitter_card":"summary_large_image","twitter_misc":{"Verfasst von":"Antje P\u00f6llot","Gesch\u00e4tzte Lesezeit":"3\u00a0Minuten","Written by":"Antje P\u00f6llot"},"schema":{"@context":"https:\/\/schema.org","@graph":[{"@type":"Article","@id":"https:\/\/armin-knab-gymnasium.de\/Home\/2021\/07\/26\/szenen\/#article","isPartOf":{"@id":"https:\/\/armin-knab-gymnasium.de\/Home\/2021\/07\/26\/szenen\/"},"author":{"name":"Antje P\u00f6llot","@id":"https:\/\/armin-knab-gymnasium.de\/Home\/#\/schema\/person\/0c71d3d7b58c8a0c5d15f8a4deb26599"},"headline":"SZENEN","datePublished":"2021-07-25T22:02:00+00:00","dateModified":"2022-05-04T13:33:10+00:00","mainEntityOfPage":{"@id":"https:\/\/armin-knab-gymnasium.de\/Home\/2021\/07\/26\/szenen\/"},"wordCount":175,"publisher":{"@id":"https:\/\/armin-knab-gymnasium.de\/Home\/#organization"},"image":{"@id":"https:\/\/armin-knab-gymnasium.de\/Home\/2021\/07\/26\/szenen\/#primaryimage"},"thumbnailUrl":"https:\/\/armin-knab-gymnasium.de\/Home\/wp-content\/uploads\/2022\/04\/Foto-Szenen-Homepage.jpg","articleSection":["Theater"],"inLanguage":"de"},{"@type":"WebPage","@id":"https:\/\/armin-knab-gymnasium.de\/Home\/2021\/07\/26\/szenen\/","url":"https:\/\/armin-knab-gymnasium.de\/Home\/2021\/07\/26\/szenen\/","name":"SZENEN - Armin-Knab-Gymnasium Kitzingen","isPartOf":{"@id":"https:\/\/armin-knab-gymnasium.de\/Home\/#website"},"primaryImageOfPage":{"@id":"https:\/\/armin-knab-gymnasium.de\/Home\/2021\/07\/26\/szenen\/#primaryimage"},"image":{"@id":"https:\/\/armin-knab-gymnasium.de\/Home\/2021\/07\/26\/szenen\/#primaryimage"},"thumbnailUrl":"https:\/\/armin-knab-gymnasium.de\/Home\/wp-content\/uploads\/2022\/04\/Foto-Szenen-Homepage.jpg","datePublished":"2021-07-25T22:02:00+00:00","dateModified":"2022-05-04T13:33:10+00:00","breadcrumb":{"@id":"https:\/\/armin-knab-gymnasium.de\/Home\/2021\/07\/26\/szenen\/#breadcrumb"},"inLanguage":"de","potentialAction":[{"@type":"ReadAction","target":["https:\/\/armin-knab-gymnasium.de\/Home\/2021\/07\/26\/szenen\/"]}]},{"@type":"ImageObject","inLanguage":"de","@id":"https:\/\/armin-knab-gymnasium.de\/Home\/2021\/07\/26\/szenen\/#primaryimage","url":"https:\/\/armin-knab-gymnasium.de\/Home\/wp-content\/uploads\/2022\/04\/Foto-Szenen-Homepage.jpg","contentUrl":"https:\/\/armin-knab-gymnasium.de\/Home\/wp-content\/uploads\/2022\/04\/Foto-Szenen-Homepage.jpg","width":1318,"height":2420},{"@type":"BreadcrumbList","@id":"https:\/\/armin-knab-gymnasium.de\/Home\/2021\/07\/26\/szenen\/#breadcrumb","itemListElement":[{"@type":"ListItem","position":1,"name":"Startseite","item":"https:\/\/armin-knab-gymnasium.de\/Home\/"},{"@type":"ListItem","position":2,"name":"SZENEN"}]},{"@type":"WebSite","@id":"https:\/\/armin-knab-gymnasium.de\/Home\/#website","url":"https:\/\/armin-knab-gymnasium.de\/Home\/","name":"Armin-Knab-Gymnasium Kitzingen","description":"Naturwissenschaftlich-technologisches und sprachliches Gymnasium","publisher":{"@id":"https:\/\/armin-knab-gymnasium.de\/Home\/#organization"},"potentialAction":[{"@type":"SearchAction","target":{"@type":"EntryPoint","urlTemplate":"https:\/\/armin-knab-gymnasium.de\/Home\/?s={search_term_string}"},"query-input":{"@type":"PropertyValueSpecification","valueRequired":true,"valueName":"search_term_string"}}],"inLanguage":"de"},{"@type":"Organization","@id":"https:\/\/armin-knab-gymnasium.de\/Home\/#organization","name":"Armin-Knab-Gymnasium Kitzingen","url":"https:\/\/armin-knab-gymnasium.de\/Home\/","logo":{"@type":"ImageObject","inLanguage":"de","@id":"https:\/\/armin-knab-gymnasium.de\/Home\/#\/schema\/logo\/image\/","url":"https:\/\/armin-knab-gymnasium.de\/Home\/wp-content\/uploads\/2016\/11\/LogoIcon.png","contentUrl":"https:\/\/armin-knab-gymnasium.de\/Home\/wp-content\/uploads\/2016\/11\/LogoIcon.png","width":512,"height":512,"caption":"Armin-Knab-Gymnasium Kitzingen"},"image":{"@id":"https:\/\/armin-knab-gymnasium.de\/Home\/#\/schema\/logo\/image\/"}},{"@type":"Person","@id":"https:\/\/armin-knab-gymnasium.de\/Home\/#\/schema\/person\/0c71d3d7b58c8a0c5d15f8a4deb26599","name":"Antje P\u00f6llot","image":{"@type":"ImageObject","inLanguage":"de","@id":"https:\/\/secure.gravatar.com\/avatar\/0ce08396b5958276752addcc8968b6b8ecf53f252acdbd5bc9dc2d1182232de7?s=96&d=mm&r=gd25eb65f7d9ce9f14db5ec834060e704","url":"https:\/\/secure.gravatar.com\/avatar\/0ce08396b5958276752addcc8968b6b8ecf53f252acdbd5bc9dc2d1182232de7?s=96&d=mm&r=g","contentUrl":"https:\/\/secure.gravatar.com\/avatar\/0ce08396b5958276752addcc8968b6b8ecf53f252acdbd5bc9dc2d1182232de7?s=96&d=mm&r=g","caption":"Antje P\u00f6llot"},"sameAs":["https:\/\/armin-knab-gymnasium.de\/Home"],"url":"https:\/\/armin-knab-gymnasium.de\/Home\/author\/poel\/"}]}},"publishpress_future_action":{"enabled":false,"date":"2026-05-08 14:16:26","action":"change-status","newStatus":"draft","terms":[],"taxonomy":"category","extraData":[]},"publishpress_future_workflow_manual_trigger":{"enabledWorkflows":[]},"_links":{"self":[{"href":"https:\/\/armin-knab-gymnasium.de\/Home\/wp-json\/wp\/v2\/posts\/13258","targetHints":{"allow":["GET"]}}],"collection":[{"href":"https:\/\/armin-knab-gymnasium.de\/Home\/wp-json\/wp\/v2\/posts"}],"about":[{"href":"https:\/\/armin-knab-gymnasium.de\/Home\/wp-json\/wp\/v2\/types\/post"}],"author":[{"embeddable":true,"href":"https:\/\/armin-knab-gymnasium.de\/Home\/wp-json\/wp\/v2\/users\/1021"}],"replies":[{"embeddable":true,"href":"https:\/\/armin-knab-gymnasium.de\/Home\/wp-json\/wp\/v2\/comments?post=13258"}],"version-history":[{"count":8,"href":"https:\/\/armin-knab-gymnasium.de\/Home\/wp-json\/wp\/v2\/posts\/13258\/revisions"}],"predecessor-version":[{"id":13283,"href":"https:\/\/armin-knab-gymnasium.de\/Home\/wp-json\/wp\/v2\/posts\/13258\/revisions\/13283"}],"wp:featuredmedia":[{"embeddable":true,"href":"https:\/\/armin-knab-gymnasium.de\/Home\/wp-json\/wp\/v2\/media\/13259"}],"wp:attachment":[{"href":"https:\/\/armin-knab-gymnasium.de\/Home\/wp-json\/wp\/v2\/media?parent=13258"}],"wp:term":[{"taxonomy":"category","embeddable":true,"href":"https:\/\/armin-knab-gymnasium.de\/Home\/wp-json\/wp\/v2\/categories?post=13258"},{"taxonomy":"post_tag","embeddable":true,"href":"https:\/\/armin-knab-gymnasium.de\/Home\/wp-json\/wp\/v2\/tags?post=13258"},{"taxonomy":"author","embeddable":true,"href":"https:\/\/armin-knab-gymnasium.de\/Home\/wp-json\/wp\/v2\/coauthors?post=13258"}],"curies":[{"name":"wp","href":"https:\/\/api.w.org\/{rel}","templated":true}]}}