{"id":13539,"date":"2022-05-03T23:18:33","date_gmt":"2022-05-03T21:18:33","guid":{"rendered":"http:\/\/armin-knab-gymnasium.de\/Home\/?p=13539"},"modified":"2022-05-04T15:35:36","modified_gmt":"2022-05-04T13:35:36","slug":"theaterklasse-8-begeht-tag-der-pressefreiheit","status":"publish","type":"post","link":"https:\/\/armin-knab-gymnasium.de\/Home\/2022\/05\/03\/theaterklasse-8-begeht-tag-der-pressefreiheit\/","title":{"rendered":"Theaterklasse 8 begeht TAG DER PRESSEFREIHEIT"},"content":{"rendered":"\n<p>Anl\u00e4sslich des <strong>Tags der Pressefreiheit<\/strong> (03.05.) veranstaltet die Bayerische Landeszentrale f\u00fcr politische Bildungsarbeit j\u00e4hrlich die <strong>Sch\u00fclermedientage 2022 #SMT2022<\/strong>, eine Woche mit Vortr\u00e4gen und Interviews rund um das Thema &#8222;Presse&#8220;. Dieses Jahr hat die <strong>Theaterklasse 8<\/strong> an einer der 15 Veranstaltungen digital teilgenommen.<\/p>\n\n\n\n<p><strong>Der Titel<\/strong>: &#8222;Idee, Recherche, Artikel &#8211; So bereiten wir Themen f\u00fcr junge Menschen auf &#8211; print und digital&#8220;<\/p>\n\n\n\n<p><strong>Das Interview<\/strong>: Cosima Kiby mit Matthias Keck vom Straubinger Tagblatt \/ Landshuter Zeitung, einem Volont\u00e4r im Bereich Redaktion\/Journalismus<\/p>\n\n\n\n<p><strong>Der Clou<\/strong>: per Smartphone konnte die Theaterklasse \u00fcber die Software sli.do im Chat live ihre Fragen posten, die dann sofort beantwortet wurden. Jedesmal, wenn ihre Klasse genannt wurde, sind die Sch\u00fcler*innen der Theaterklasse in Begeisterungsrufe ausgebrochen. Dass das sehr h\u00e4ufig passiert ist, darauf sind wir sehr stolz, zeigt es doch, was f\u00fcr kluge Fragen die Sch\u00fcler*innen gestellt haben!<\/p>\n\n\n\n<p>Die Veranstaltung war also spannend, interessant und interaktiv und kann hoffentlich dazu beitragen, junge Menschen f\u00fcr Pressefreiheit zu sensibilisieren.<\/p>\n\n\n\n<p><strong>Zum Nachschauen<\/strong>: <a href=\"https:\/\/www.youtube.com\/watch?v=H0yPW6yX4uE\">https:\/\/www.youtube.com\/watch?v=H0yPW6yX4uE<\/a><\/p>\n\n\n\n<figure class=\"wp-block-image size-large\"><a href=\"https:\/\/armin-knab-gymnasium.de\/Home\/wp-content\/uploads\/2022\/05\/IMG_20220502_102442-scaled.jpg\"><img loading=\"lazy\" decoding=\"async\" width=\"1024\" height=\"768\" src=\"https:\/\/armin-knab-gymnasium.de\/Home\/wp-content\/uploads\/2022\/05\/IMG_20220502_102442-1024x768.jpg\" alt=\"\" class=\"wp-image-13540\" srcset=\"https:\/\/armin-knab-gymnasium.de\/Home\/wp-content\/uploads\/2022\/05\/IMG_20220502_102442-1024x768.jpg 1024w, https:\/\/armin-knab-gymnasium.de\/Home\/wp-content\/uploads\/2022\/05\/IMG_20220502_102442-300x225.jpg 300w, https:\/\/armin-knab-gymnasium.de\/Home\/wp-content\/uploads\/2022\/05\/IMG_20220502_102442-768x576.jpg 768w, https:\/\/armin-knab-gymnasium.de\/Home\/wp-content\/uploads\/2022\/05\/IMG_20220502_102442-1536x1152.jpg 1536w, https:\/\/armin-knab-gymnasium.de\/Home\/wp-content\/uploads\/2022\/05\/IMG_20220502_102442-2048x1536.jpg 2048w, https:\/\/armin-knab-gymnasium.de\/Home\/wp-content\/uploads\/2022\/05\/IMG_20220502_102442-624x468.jpg 624w, https:\/\/armin-knab-gymnasium.de\/Home\/wp-content\/uploads\/2022\/05\/IMG_20220502_102442-240x180.jpg 240w\" sizes=\"auto, (max-width: 1024px) 100vw, 1024px\" \/><\/a><\/figure>\n","protected":false},"excerpt":{"rendered":"<p>Anl\u00e4sslich des Tags der Pressefreiheit (03.05.) veranstaltet die Bayerische Landeszentrale f\u00fcr politische Bildungsarbeit j\u00e4hrlich die Sch\u00fclermedientage 2022 #SMT2022, eine Woche mit Vortr\u00e4gen und Interviews rund um das Thema &#8222;Presse&#8220;. Dieses&#8230; <a href=\"https:\/\/armin-knab-gymnasium.de\/Home\/2022\/05\/03\/theaterklasse-8-begeht-tag-der-pressefreiheit\/\">weiterlesen &raquo;<\/a><\/p>\n","protected":false},"author":1021,"featured_media":13540,"comment_status":"closed","ping_status":"closed","sticky":false,"template":"","format":"standard","meta":{"ghostkit_customizer_options":"","ghostkit_custom_css":"","ghostkit_custom_js_head":"","ghostkit_custom_js_foot":"","ghostkit_typography":"","footnotes":""},"categories":[1],"tags":[],"coauthors":[69],"class_list":["post-13539","post","type-post","status-publish","format-standard","has-post-thumbnail","hentry","category-allgemein"],"yoast_head":"<!-- This site is optimized with the Yoast SEO plugin v27.5 - https:\/\/yoast.com\/product\/yoast-seo-wordpress\/ -->\n<title>Theaterklasse 8 begeht TAG DER PRESSEFREIHEIT - Armin-Knab-Gymnasium Kitzingen<\/title>\n<meta name=\"robots\" content=\"index, follow, max-snippet:-1, max-image-preview:large, max-video-preview:-1\" \/>\n<link rel=\"canonical\" href=\"https:\/\/armin-knab-gymnasium.de\/Home\/2022\/05\/03\/theaterklasse-8-begeht-tag-der-pressefreiheit\/\" \/>\n<meta property=\"og:locale\" content=\"de_DE\" \/>\n<meta property=\"og:type\" content=\"article\" \/>\n<meta property=\"og:title\" content=\"Theaterklasse 8 begeht TAG DER PRESSEFREIHEIT - Armin-Knab-Gymnasium Kitzingen\" \/>\n<meta property=\"og:description\" content=\"Anl\u00e4sslich des Tags der Pressefreiheit (03.05.) veranstaltet die Bayerische Landeszentrale f\u00fcr politische Bildungsarbeit j\u00e4hrlich die Sch\u00fclermedientage 2022 #SMT2022, eine Woche mit Vortr\u00e4gen und Interviews rund um das Thema &#8222;Presse&#8220;. Dieses... weiterlesen &raquo;\" \/>\n<meta property=\"og:url\" content=\"https:\/\/armin-knab-gymnasium.de\/Home\/2022\/05\/03\/theaterklasse-8-begeht-tag-der-pressefreiheit\/\" \/>\n<meta property=\"og:site_name\" content=\"Armin-Knab-Gymnasium Kitzingen\" \/>\n<meta property=\"article:published_time\" content=\"2022-05-03T21:18:33+00:00\" \/>\n<meta property=\"article:modified_time\" content=\"2022-05-04T13:35:36+00:00\" \/>\n<meta property=\"og:image\" content=\"https:\/\/armin-knab-gymnasium.de\/Home\/wp-content\/uploads\/2022\/05\/IMG_20220502_102442-scaled.jpg\" \/>\n\t<meta property=\"og:image:width\" content=\"2560\" \/>\n\t<meta property=\"og:image:height\" content=\"1920\" \/>\n\t<meta property=\"og:image:type\" content=\"image\/jpeg\" \/>\n<meta name=\"author\" content=\"Antje P\u00f6llot\" \/>\n<meta name=\"twitter:card\" content=\"summary_large_image\" \/>\n<meta name=\"twitter:label1\" content=\"Verfasst von\" \/>\n\t<meta name=\"twitter:data1\" content=\"Antje P\u00f6llot\" \/>\n\t<meta name=\"twitter:label2\" content=\"Gesch\u00e4tzte Lesezeit\" \/>\n\t<meta name=\"twitter:data2\" content=\"2\u00a0Minuten\" \/>\n\t<meta name=\"twitter:label3\" content=\"Written by\" \/>\n\t<meta name=\"twitter:data3\" content=\"Antje P\u00f6llot\" \/>\n<script type=\"application\/ld+json\" class=\"yoast-schema-graph\">{\"@context\":\"https:\\\/\\\/schema.org\",\"@graph\":[{\"@type\":\"Article\",\"@id\":\"https:\\\/\\\/armin-knab-gymnasium.de\\\/Home\\\/2022\\\/05\\\/03\\\/theaterklasse-8-begeht-tag-der-pressefreiheit\\\/#article\",\"isPartOf\":{\"@id\":\"https:\\\/\\\/armin-knab-gymnasium.de\\\/Home\\\/2022\\\/05\\\/03\\\/theaterklasse-8-begeht-tag-der-pressefreiheit\\\/\"},\"author\":{\"name\":\"Antje P\u00f6llot\",\"@id\":\"https:\\\/\\\/armin-knab-gymnasium.de\\\/Home\\\/#\\\/schema\\\/person\\\/0c71d3d7b58c8a0c5d15f8a4deb26599\"},\"headline\":\"Theaterklasse 8 begeht TAG DER PRESSEFREIHEIT\",\"datePublished\":\"2022-05-03T21:18:33+00:00\",\"dateModified\":\"2022-05-04T13:35:36+00:00\",\"mainEntityOfPage\":{\"@id\":\"https:\\\/\\\/armin-knab-gymnasium.de\\\/Home\\\/2022\\\/05\\\/03\\\/theaterklasse-8-begeht-tag-der-pressefreiheit\\\/\"},\"wordCount\":183,\"publisher\":{\"@id\":\"https:\\\/\\\/armin-knab-gymnasium.de\\\/Home\\\/#organization\"},\"image\":{\"@id\":\"https:\\\/\\\/armin-knab-gymnasium.de\\\/Home\\\/2022\\\/05\\\/03\\\/theaterklasse-8-begeht-tag-der-pressefreiheit\\\/#primaryimage\"},\"thumbnailUrl\":\"https:\\\/\\\/armin-knab-gymnasium.de\\\/Home\\\/wp-content\\\/uploads\\\/2022\\\/05\\\/IMG_20220502_102442-scaled.jpg\",\"inLanguage\":\"de\"},{\"@type\":\"WebPage\",\"@id\":\"https:\\\/\\\/armin-knab-gymnasium.de\\\/Home\\\/2022\\\/05\\\/03\\\/theaterklasse-8-begeht-tag-der-pressefreiheit\\\/\",\"url\":\"https:\\\/\\\/armin-knab-gymnasium.de\\\/Home\\\/2022\\\/05\\\/03\\\/theaterklasse-8-begeht-tag-der-pressefreiheit\\\/\",\"name\":\"Theaterklasse 8 begeht TAG DER PRESSEFREIHEIT - Armin-Knab-Gymnasium Kitzingen\",\"isPartOf\":{\"@id\":\"https:\\\/\\\/armin-knab-gymnasium.de\\\/Home\\\/#website\"},\"primaryImageOfPage\":{\"@id\":\"https:\\\/\\\/armin-knab-gymnasium.de\\\/Home\\\/2022\\\/05\\\/03\\\/theaterklasse-8-begeht-tag-der-pressefreiheit\\\/#primaryimage\"},\"image\":{\"@id\":\"https:\\\/\\\/armin-knab-gymnasium.de\\\/Home\\\/2022\\\/05\\\/03\\\/theaterklasse-8-begeht-tag-der-pressefreiheit\\\/#primaryimage\"},\"thumbnailUrl\":\"https:\\\/\\\/armin-knab-gymnasium.de\\\/Home\\\/wp-content\\\/uploads\\\/2022\\\/05\\\/IMG_20220502_102442-scaled.jpg\",\"datePublished\":\"2022-05-03T21:18:33+00:00\",\"dateModified\":\"2022-05-04T13:35:36+00:00\",\"breadcrumb\":{\"@id\":\"https:\\\/\\\/armin-knab-gymnasium.de\\\/Home\\\/2022\\\/05\\\/03\\\/theaterklasse-8-begeht-tag-der-pressefreiheit\\\/#breadcrumb\"},\"inLanguage\":\"de\",\"potentialAction\":[{\"@type\":\"ReadAction\",\"target\":[\"https:\\\/\\\/armin-knab-gymnasium.de\\\/Home\\\/2022\\\/05\\\/03\\\/theaterklasse-8-begeht-tag-der-pressefreiheit\\\/\"]}]},{\"@type\":\"ImageObject\",\"inLanguage\":\"de\",\"@id\":\"https:\\\/\\\/armin-knab-gymnasium.de\\\/Home\\\/2022\\\/05\\\/03\\\/theaterklasse-8-begeht-tag-der-pressefreiheit\\\/#primaryimage\",\"url\":\"https:\\\/\\\/armin-knab-gymnasium.de\\\/Home\\\/wp-content\\\/uploads\\\/2022\\\/05\\\/IMG_20220502_102442-scaled.jpg\",\"contentUrl\":\"https:\\\/\\\/armin-knab-gymnasium.de\\\/Home\\\/wp-content\\\/uploads\\\/2022\\\/05\\\/IMG_20220502_102442-scaled.jpg\",\"width\":2560,\"height\":1920},{\"@type\":\"BreadcrumbList\",\"@id\":\"https:\\\/\\\/armin-knab-gymnasium.de\\\/Home\\\/2022\\\/05\\\/03\\\/theaterklasse-8-begeht-tag-der-pressefreiheit\\\/#breadcrumb\",\"itemListElement\":[{\"@type\":\"ListItem\",\"position\":1,\"name\":\"Startseite\",\"item\":\"https:\\\/\\\/armin-knab-gymnasium.de\\\/Home\\\/\"},{\"@type\":\"ListItem\",\"position\":2,\"name\":\"Theaterklasse 8 begeht TAG DER PRESSEFREIHEIT\"}]},{\"@type\":\"WebSite\",\"@id\":\"https:\\\/\\\/armin-knab-gymnasium.de\\\/Home\\\/#website\",\"url\":\"https:\\\/\\\/armin-knab-gymnasium.de\\\/Home\\\/\",\"name\":\"Armin-Knab-Gymnasium Kitzingen\",\"description\":\"Naturwissenschaftlich-technologisches und sprachliches Gymnasium\",\"publisher\":{\"@id\":\"https:\\\/\\\/armin-knab-gymnasium.de\\\/Home\\\/#organization\"},\"potentialAction\":[{\"@type\":\"SearchAction\",\"target\":{\"@type\":\"EntryPoint\",\"urlTemplate\":\"https:\\\/\\\/armin-knab-gymnasium.de\\\/Home\\\/?s={search_term_string}\"},\"query-input\":{\"@type\":\"PropertyValueSpecification\",\"valueRequired\":true,\"valueName\":\"search_term_string\"}}],\"inLanguage\":\"de\"},{\"@type\":\"Organization\",\"@id\":\"https:\\\/\\\/armin-knab-gymnasium.de\\\/Home\\\/#organization\",\"name\":\"Armin-Knab-Gymnasium Kitzingen\",\"url\":\"https:\\\/\\\/armin-knab-gymnasium.de\\\/Home\\\/\",\"logo\":{\"@type\":\"ImageObject\",\"inLanguage\":\"de\",\"@id\":\"https:\\\/\\\/armin-knab-gymnasium.de\\\/Home\\\/#\\\/schema\\\/logo\\\/image\\\/\",\"url\":\"https:\\\/\\\/armin-knab-gymnasium.de\\\/Home\\\/wp-content\\\/uploads\\\/2016\\\/11\\\/LogoIcon.png\",\"contentUrl\":\"https:\\\/\\\/armin-knab-gymnasium.de\\\/Home\\\/wp-content\\\/uploads\\\/2016\\\/11\\\/LogoIcon.png\",\"width\":512,\"height\":512,\"caption\":\"Armin-Knab-Gymnasium Kitzingen\"},\"image\":{\"@id\":\"https:\\\/\\\/armin-knab-gymnasium.de\\\/Home\\\/#\\\/schema\\\/logo\\\/image\\\/\"}},{\"@type\":\"Person\",\"@id\":\"https:\\\/\\\/armin-knab-gymnasium.de\\\/Home\\\/#\\\/schema\\\/person\\\/0c71d3d7b58c8a0c5d15f8a4deb26599\",\"name\":\"Antje P\u00f6llot\",\"image\":{\"@type\":\"ImageObject\",\"inLanguage\":\"de\",\"@id\":\"https:\\\/\\\/secure.gravatar.com\\\/avatar\\\/0ce08396b5958276752addcc8968b6b8ecf53f252acdbd5bc9dc2d1182232de7?s=96&d=mm&r=gd25eb65f7d9ce9f14db5ec834060e704\",\"url\":\"https:\\\/\\\/secure.gravatar.com\\\/avatar\\\/0ce08396b5958276752addcc8968b6b8ecf53f252acdbd5bc9dc2d1182232de7?s=96&d=mm&r=g\",\"contentUrl\":\"https:\\\/\\\/secure.gravatar.com\\\/avatar\\\/0ce08396b5958276752addcc8968b6b8ecf53f252acdbd5bc9dc2d1182232de7?s=96&d=mm&r=g\",\"caption\":\"Antje P\u00f6llot\"},\"sameAs\":[\"https:\\\/\\\/armin-knab-gymnasium.de\\\/Home\"],\"url\":\"https:\\\/\\\/armin-knab-gymnasium.de\\\/Home\\\/author\\\/poel\\\/\"}]}<\/script>\n<!-- \/ Yoast SEO plugin. -->","yoast_head_json":{"title":"Theaterklasse 8 begeht TAG DER PRESSEFREIHEIT - Armin-Knab-Gymnasium Kitzingen","robots":{"index":"index","follow":"follow","max-snippet":"max-snippet:-1","max-image-preview":"max-image-preview:large","max-video-preview":"max-video-preview:-1"},"canonical":"https:\/\/armin-knab-gymnasium.de\/Home\/2022\/05\/03\/theaterklasse-8-begeht-tag-der-pressefreiheit\/","og_locale":"de_DE","og_type":"article","og_title":"Theaterklasse 8 begeht TAG DER PRESSEFREIHEIT - Armin-Knab-Gymnasium Kitzingen","og_description":"Anl\u00e4sslich des Tags der Pressefreiheit (03.05.) veranstaltet die Bayerische Landeszentrale f\u00fcr politische Bildungsarbeit j\u00e4hrlich die Sch\u00fclermedientage 2022 #SMT2022, eine Woche mit Vortr\u00e4gen und Interviews rund um das Thema &#8222;Presse&#8220;. Dieses... weiterlesen &raquo;","og_url":"https:\/\/armin-knab-gymnasium.de\/Home\/2022\/05\/03\/theaterklasse-8-begeht-tag-der-pressefreiheit\/","og_site_name":"Armin-Knab-Gymnasium Kitzingen","article_published_time":"2022-05-03T21:18:33+00:00","article_modified_time":"2022-05-04T13:35:36+00:00","og_image":[{"width":2560,"height":1920,"url":"https:\/\/armin-knab-gymnasium.de\/Home\/wp-content\/uploads\/2022\/05\/IMG_20220502_102442-scaled.jpg","type":"image\/jpeg"}],"author":"Antje P\u00f6llot","twitter_card":"summary_large_image","twitter_misc":{"Verfasst von":"Antje P\u00f6llot","Gesch\u00e4tzte Lesezeit":"2\u00a0Minuten","Written by":"Antje P\u00f6llot"},"schema":{"@context":"https:\/\/schema.org","@graph":[{"@type":"Article","@id":"https:\/\/armin-knab-gymnasium.de\/Home\/2022\/05\/03\/theaterklasse-8-begeht-tag-der-pressefreiheit\/#article","isPartOf":{"@id":"https:\/\/armin-knab-gymnasium.de\/Home\/2022\/05\/03\/theaterklasse-8-begeht-tag-der-pressefreiheit\/"},"author":{"name":"Antje P\u00f6llot","@id":"https:\/\/armin-knab-gymnasium.de\/Home\/#\/schema\/person\/0c71d3d7b58c8a0c5d15f8a4deb26599"},"headline":"Theaterklasse 8 begeht TAG DER PRESSEFREIHEIT","datePublished":"2022-05-03T21:18:33+00:00","dateModified":"2022-05-04T13:35:36+00:00","mainEntityOfPage":{"@id":"https:\/\/armin-knab-gymnasium.de\/Home\/2022\/05\/03\/theaterklasse-8-begeht-tag-der-pressefreiheit\/"},"wordCount":183,"publisher":{"@id":"https:\/\/armin-knab-gymnasium.de\/Home\/#organization"},"image":{"@id":"https:\/\/armin-knab-gymnasium.de\/Home\/2022\/05\/03\/theaterklasse-8-begeht-tag-der-pressefreiheit\/#primaryimage"},"thumbnailUrl":"https:\/\/armin-knab-gymnasium.de\/Home\/wp-content\/uploads\/2022\/05\/IMG_20220502_102442-scaled.jpg","inLanguage":"de"},{"@type":"WebPage","@id":"https:\/\/armin-knab-gymnasium.de\/Home\/2022\/05\/03\/theaterklasse-8-begeht-tag-der-pressefreiheit\/","url":"https:\/\/armin-knab-gymnasium.de\/Home\/2022\/05\/03\/theaterklasse-8-begeht-tag-der-pressefreiheit\/","name":"Theaterklasse 8 begeht TAG DER PRESSEFREIHEIT - Armin-Knab-Gymnasium Kitzingen","isPartOf":{"@id":"https:\/\/armin-knab-gymnasium.de\/Home\/#website"},"primaryImageOfPage":{"@id":"https:\/\/armin-knab-gymnasium.de\/Home\/2022\/05\/03\/theaterklasse-8-begeht-tag-der-pressefreiheit\/#primaryimage"},"image":{"@id":"https:\/\/armin-knab-gymnasium.de\/Home\/2022\/05\/03\/theaterklasse-8-begeht-tag-der-pressefreiheit\/#primaryimage"},"thumbnailUrl":"https:\/\/armin-knab-gymnasium.de\/Home\/wp-content\/uploads\/2022\/05\/IMG_20220502_102442-scaled.jpg","datePublished":"2022-05-03T21:18:33+00:00","dateModified":"2022-05-04T13:35:36+00:00","breadcrumb":{"@id":"https:\/\/armin-knab-gymnasium.de\/Home\/2022\/05\/03\/theaterklasse-8-begeht-tag-der-pressefreiheit\/#breadcrumb"},"inLanguage":"de","potentialAction":[{"@type":"ReadAction","target":["https:\/\/armin-knab-gymnasium.de\/Home\/2022\/05\/03\/theaterklasse-8-begeht-tag-der-pressefreiheit\/"]}]},{"@type":"ImageObject","inLanguage":"de","@id":"https:\/\/armin-knab-gymnasium.de\/Home\/2022\/05\/03\/theaterklasse-8-begeht-tag-der-pressefreiheit\/#primaryimage","url":"https:\/\/armin-knab-gymnasium.de\/Home\/wp-content\/uploads\/2022\/05\/IMG_20220502_102442-scaled.jpg","contentUrl":"https:\/\/armin-knab-gymnasium.de\/Home\/wp-content\/uploads\/2022\/05\/IMG_20220502_102442-scaled.jpg","width":2560,"height":1920},{"@type":"BreadcrumbList","@id":"https:\/\/armin-knab-gymnasium.de\/Home\/2022\/05\/03\/theaterklasse-8-begeht-tag-der-pressefreiheit\/#breadcrumb","itemListElement":[{"@type":"ListItem","position":1,"name":"Startseite","item":"https:\/\/armin-knab-gymnasium.de\/Home\/"},{"@type":"ListItem","position":2,"name":"Theaterklasse 8 begeht TAG DER PRESSEFREIHEIT"}]},{"@type":"WebSite","@id":"https:\/\/armin-knab-gymnasium.de\/Home\/#website","url":"https:\/\/armin-knab-gymnasium.de\/Home\/","name":"Armin-Knab-Gymnasium Kitzingen","description":"Naturwissenschaftlich-technologisches und sprachliches Gymnasium","publisher":{"@id":"https:\/\/armin-knab-gymnasium.de\/Home\/#organization"},"potentialAction":[{"@type":"SearchAction","target":{"@type":"EntryPoint","urlTemplate":"https:\/\/armin-knab-gymnasium.de\/Home\/?s={search_term_string}"},"query-input":{"@type":"PropertyValueSpecification","valueRequired":true,"valueName":"search_term_string"}}],"inLanguage":"de"},{"@type":"Organization","@id":"https:\/\/armin-knab-gymnasium.de\/Home\/#organization","name":"Armin-Knab-Gymnasium Kitzingen","url":"https:\/\/armin-knab-gymnasium.de\/Home\/","logo":{"@type":"ImageObject","inLanguage":"de","@id":"https:\/\/armin-knab-gymnasium.de\/Home\/#\/schema\/logo\/image\/","url":"https:\/\/armin-knab-gymnasium.de\/Home\/wp-content\/uploads\/2016\/11\/LogoIcon.png","contentUrl":"https:\/\/armin-knab-gymnasium.de\/Home\/wp-content\/uploads\/2016\/11\/LogoIcon.png","width":512,"height":512,"caption":"Armin-Knab-Gymnasium Kitzingen"},"image":{"@id":"https:\/\/armin-knab-gymnasium.de\/Home\/#\/schema\/logo\/image\/"}},{"@type":"Person","@id":"https:\/\/armin-knab-gymnasium.de\/Home\/#\/schema\/person\/0c71d3d7b58c8a0c5d15f8a4deb26599","name":"Antje P\u00f6llot","image":{"@type":"ImageObject","inLanguage":"de","@id":"https:\/\/secure.gravatar.com\/avatar\/0ce08396b5958276752addcc8968b6b8ecf53f252acdbd5bc9dc2d1182232de7?s=96&d=mm&r=gd25eb65f7d9ce9f14db5ec834060e704","url":"https:\/\/secure.gravatar.com\/avatar\/0ce08396b5958276752addcc8968b6b8ecf53f252acdbd5bc9dc2d1182232de7?s=96&d=mm&r=g","contentUrl":"https:\/\/secure.gravatar.com\/avatar\/0ce08396b5958276752addcc8968b6b8ecf53f252acdbd5bc9dc2d1182232de7?s=96&d=mm&r=g","caption":"Antje P\u00f6llot"},"sameAs":["https:\/\/armin-knab-gymnasium.de\/Home"],"url":"https:\/\/armin-knab-gymnasium.de\/Home\/author\/poel\/"}]}},"publishpress_future_action":{"enabled":false,"date":"2026-05-06 13:22:28","action":"change-status","newStatus":"draft","terms":[],"taxonomy":"category","extraData":[]},"publishpress_future_workflow_manual_trigger":{"enabledWorkflows":[]},"_links":{"self":[{"href":"https:\/\/armin-knab-gymnasium.de\/Home\/wp-json\/wp\/v2\/posts\/13539","targetHints":{"allow":["GET"]}}],"collection":[{"href":"https:\/\/armin-knab-gymnasium.de\/Home\/wp-json\/wp\/v2\/posts"}],"about":[{"href":"https:\/\/armin-knab-gymnasium.de\/Home\/wp-json\/wp\/v2\/types\/post"}],"author":[{"embeddable":true,"href":"https:\/\/armin-knab-gymnasium.de\/Home\/wp-json\/wp\/v2\/users\/1021"}],"replies":[{"embeddable":true,"href":"https:\/\/armin-knab-gymnasium.de\/Home\/wp-json\/wp\/v2\/comments?post=13539"}],"version-history":[{"count":3,"href":"https:\/\/armin-knab-gymnasium.de\/Home\/wp-json\/wp\/v2\/posts\/13539\/revisions"}],"predecessor-version":[{"id":13543,"href":"https:\/\/armin-knab-gymnasium.de\/Home\/wp-json\/wp\/v2\/posts\/13539\/revisions\/13543"}],"wp:featuredmedia":[{"embeddable":true,"href":"https:\/\/armin-knab-gymnasium.de\/Home\/wp-json\/wp\/v2\/media\/13540"}],"wp:attachment":[{"href":"https:\/\/armin-knab-gymnasium.de\/Home\/wp-json\/wp\/v2\/media?parent=13539"}],"wp:term":[{"taxonomy":"category","embeddable":true,"href":"https:\/\/armin-knab-gymnasium.de\/Home\/wp-json\/wp\/v2\/categories?post=13539"},{"taxonomy":"post_tag","embeddable":true,"href":"https:\/\/armin-knab-gymnasium.de\/Home\/wp-json\/wp\/v2\/tags?post=13539"},{"taxonomy":"author","embeddable":true,"href":"https:\/\/armin-knab-gymnasium.de\/Home\/wp-json\/wp\/v2\/coauthors?post=13539"}],"curies":[{"name":"wp","href":"https:\/\/api.w.org\/{rel}","templated":true}]}}