{"id":13663,"date":"2022-05-26T11:23:59","date_gmt":"2022-05-26T09:23:59","guid":{"rendered":"http:\/\/armin-knab-gymnasium.de\/Home\/?p=13663"},"modified":"2022-05-26T11:24:00","modified_gmt":"2022-05-26T09:24:00","slug":"akg-sportlerinnen-mit-erfolgreicher-woche","status":"publish","type":"post","link":"https:\/\/armin-knab-gymnasium.de\/Home\/2022\/05\/26\/akg-sportlerinnen-mit-erfolgreicher-woche\/","title":{"rendered":"AKG-Sportler*innen mit erfolgreicher Woche"},"content":{"rendered":"\n<p>Neben den Fu\u00dfballm\u00e4dchen (siehe Beitrag &#8222;<a href=\"https:\/\/armin-knab-gymnasium.de\/Home\/2022\/05\/26\/akg-maedchen-fahren-auf-das-nordbayerische-finale\/\">AKG-M\u00e4dchen fahren auf das Nordbayerische Finale<\/a>&#8222;) qualifizierten sich auch die Handballjungen (Altersklasse IV) f\u00fcr das Nordbayerische Finale. Sie setzten sich zun\u00e4chst mit 12:5 gegen Alzenau und 22:1 gegen Gaibach durch. Im entscheidenden Spiel besiegten sie das Team des Deutschhaus-Gymnasiums aus W\u00fcrzburg mit 16:11.<\/p>\n\n\n\n<figure class=\"wp-block-image size-large\"><a href=\"https:\/\/armin-knab-gymnasium.de\/Home\/wp-content\/uploads\/2022\/05\/7149b64c-71dc-4df7-b183-eaff03b937e9.jpg\"><img loading=\"lazy\" decoding=\"async\" width=\"1024\" height=\"768\" src=\"https:\/\/armin-knab-gymnasium.de\/Home\/wp-content\/uploads\/2022\/05\/7149b64c-71dc-4df7-b183-eaff03b937e9-1024x768.jpg\" alt=\"\" class=\"wp-image-13664\" srcset=\"https:\/\/armin-knab-gymnasium.de\/Home\/wp-content\/uploads\/2022\/05\/7149b64c-71dc-4df7-b183-eaff03b937e9-1024x768.jpg 1024w, https:\/\/armin-knab-gymnasium.de\/Home\/wp-content\/uploads\/2022\/05\/7149b64c-71dc-4df7-b183-eaff03b937e9-300x225.jpg 300w, https:\/\/armin-knab-gymnasium.de\/Home\/wp-content\/uploads\/2022\/05\/7149b64c-71dc-4df7-b183-eaff03b937e9-768x576.jpg 768w, https:\/\/armin-knab-gymnasium.de\/Home\/wp-content\/uploads\/2022\/05\/7149b64c-71dc-4df7-b183-eaff03b937e9-1536x1152.jpg 1536w, https:\/\/armin-knab-gymnasium.de\/Home\/wp-content\/uploads\/2022\/05\/7149b64c-71dc-4df7-b183-eaff03b937e9-624x468.jpg 624w, https:\/\/armin-knab-gymnasium.de\/Home\/wp-content\/uploads\/2022\/05\/7149b64c-71dc-4df7-b183-eaff03b937e9-240x180.jpg 240w, https:\/\/armin-knab-gymnasium.de\/Home\/wp-content\/uploads\/2022\/05\/7149b64c-71dc-4df7-b183-eaff03b937e9.jpg 1600w\" sizes=\"auto, (max-width: 1024px) 100vw, 1024px\" \/><\/a><\/figure>\n\n\n\n<p>Bereits einen Tag zuvor gewannen die Tennisspieler (Altersklasse III) unserer Schule ihr Bezirkshalbfinale. Sie setzten sich nach \u00fcberzeugenden Leistungen mit 4:2 gegen das Gymnasium Veits\u00f6chheim durch. Am 21.6. fahren die\u00a0 Spieler nun nach Aschaffenburg, um ihr Finale zu bestreiten.<\/p>\n\n\n\n<figure class=\"wp-block-image size-large\"><a href=\"https:\/\/armin-knab-gymnasium.de\/Home\/wp-content\/uploads\/2022\/05\/Screenshot-12.png\"><img loading=\"lazy\" decoding=\"async\" width=\"1024\" height=\"759\" src=\"https:\/\/armin-knab-gymnasium.de\/Home\/wp-content\/uploads\/2022\/05\/Screenshot-12-1024x759.png\" alt=\"\" class=\"wp-image-13665\" srcset=\"https:\/\/armin-knab-gymnasium.de\/Home\/wp-content\/uploads\/2022\/05\/Screenshot-12-1024x759.png 1024w, https:\/\/armin-knab-gymnasium.de\/Home\/wp-content\/uploads\/2022\/05\/Screenshot-12-300x223.png 300w, https:\/\/armin-knab-gymnasium.de\/Home\/wp-content\/uploads\/2022\/05\/Screenshot-12-768x570.png 768w, https:\/\/armin-knab-gymnasium.de\/Home\/wp-content\/uploads\/2022\/05\/Screenshot-12-624x463.png 624w, https:\/\/armin-knab-gymnasium.de\/Home\/wp-content\/uploads\/2022\/05\/Screenshot-12.png 1111w\" sizes=\"auto, (max-width: 1024px) 100vw, 1024px\" \/><\/a><\/figure>\n","protected":false},"excerpt":{"rendered":"<p>Neben den Fu\u00dfballm\u00e4dchen (siehe Beitrag &#8222;AKG-M\u00e4dchen fahren auf das Nordbayerische Finale&#8222;) qualifizierten sich auch die Handballjungen (Altersklasse IV) f\u00fcr das Nordbayerische Finale. Sie setzten sich zun\u00e4chst mit 12:5 gegen Alzenau&#8230; <a href=\"https:\/\/armin-knab-gymnasium.de\/Home\/2022\/05\/26\/akg-sportlerinnen-mit-erfolgreicher-woche\/\">weiterlesen &raquo;<\/a><\/p>\n","protected":false},"author":1048,"featured_media":13664,"comment_status":"closed","ping_status":"closed","sticky":false,"template":"","format":"standard","meta":{"ghostkit_customizer_options":"","ghostkit_custom_css":"","ghostkit_custom_js_head":"","ghostkit_custom_js_foot":"","ghostkit_typography":"","footnotes":""},"categories":[73,91],"tags":[221,216],"coauthors":[173],"class_list":["post-13663","post","type-post","status-publish","format-standard","has-post-thumbnail","hentry","category-aktuelles","category-sport","tag-schulsport","tag-sport"],"yoast_head":"<!-- This site is optimized with the Yoast SEO plugin v27.5 - https:\/\/yoast.com\/product\/yoast-seo-wordpress\/ -->\n<title>AKG-Sportler*innen mit erfolgreicher Woche - Armin-Knab-Gymnasium Kitzingen<\/title>\n<meta name=\"robots\" content=\"index, follow, max-snippet:-1, max-image-preview:large, max-video-preview:-1\" \/>\n<link rel=\"canonical\" href=\"https:\/\/armin-knab-gymnasium.de\/Home\/2022\/05\/26\/akg-sportlerinnen-mit-erfolgreicher-woche\/\" \/>\n<meta property=\"og:locale\" content=\"de_DE\" \/>\n<meta property=\"og:type\" content=\"article\" \/>\n<meta property=\"og:title\" content=\"AKG-Sportler*innen mit erfolgreicher Woche - Armin-Knab-Gymnasium Kitzingen\" \/>\n<meta property=\"og:description\" content=\"Neben den Fu\u00dfballm\u00e4dchen (siehe Beitrag &#8222;AKG-M\u00e4dchen fahren auf das Nordbayerische Finale&#8222;) qualifizierten sich auch die Handballjungen (Altersklasse IV) f\u00fcr das Nordbayerische Finale. Sie setzten sich zun\u00e4chst mit 12:5 gegen Alzenau... weiterlesen &raquo;\" \/>\n<meta property=\"og:url\" content=\"https:\/\/armin-knab-gymnasium.de\/Home\/2022\/05\/26\/akg-sportlerinnen-mit-erfolgreicher-woche\/\" \/>\n<meta property=\"og:site_name\" content=\"Armin-Knab-Gymnasium Kitzingen\" \/>\n<meta property=\"article:published_time\" content=\"2022-05-26T09:23:59+00:00\" \/>\n<meta property=\"article:modified_time\" content=\"2022-05-26T09:24:00+00:00\" \/>\n<meta property=\"og:image\" content=\"https:\/\/armin-knab-gymnasium.de\/Home\/wp-content\/uploads\/2022\/05\/7149b64c-71dc-4df7-b183-eaff03b937e9.jpg\" \/>\n\t<meta property=\"og:image:width\" content=\"1600\" \/>\n\t<meta property=\"og:image:height\" content=\"1200\" \/>\n\t<meta property=\"og:image:type\" content=\"image\/jpeg\" \/>\n<meta name=\"author\" content=\"Bastian Wander\" \/>\n<meta name=\"twitter:card\" content=\"summary_large_image\" \/>\n<meta name=\"twitter:label1\" content=\"Verfasst von\" \/>\n\t<meta name=\"twitter:data1\" content=\"Bastian Wander\" \/>\n\t<meta name=\"twitter:label2\" content=\"Gesch\u00e4tzte Lesezeit\" \/>\n\t<meta name=\"twitter:data2\" content=\"1\u00a0Minute\" \/>\n\t<meta name=\"twitter:label3\" content=\"Written by\" \/>\n\t<meta name=\"twitter:data3\" content=\"Bastian Wander\" \/>\n<script type=\"application\/ld+json\" class=\"yoast-schema-graph\">{\"@context\":\"https:\\\/\\\/schema.org\",\"@graph\":[{\"@type\":\"Article\",\"@id\":\"https:\\\/\\\/armin-knab-gymnasium.de\\\/Home\\\/2022\\\/05\\\/26\\\/akg-sportlerinnen-mit-erfolgreicher-woche\\\/#article\",\"isPartOf\":{\"@id\":\"https:\\\/\\\/armin-knab-gymnasium.de\\\/Home\\\/2022\\\/05\\\/26\\\/akg-sportlerinnen-mit-erfolgreicher-woche\\\/\"},\"author\":{\"name\":\"Bastian Wander\",\"@id\":\"https:\\\/\\\/armin-knab-gymnasium.de\\\/Home\\\/#\\\/schema\\\/person\\\/8b84af92209b4ef7c0e9ccd41b7b5541\"},\"headline\":\"AKG-Sportler*innen mit erfolgreicher Woche\",\"datePublished\":\"2022-05-26T09:23:59+00:00\",\"dateModified\":\"2022-05-26T09:24:00+00:00\",\"mainEntityOfPage\":{\"@id\":\"https:\\\/\\\/armin-knab-gymnasium.de\\\/Home\\\/2022\\\/05\\\/26\\\/akg-sportlerinnen-mit-erfolgreicher-woche\\\/\"},\"wordCount\":94,\"publisher\":{\"@id\":\"https:\\\/\\\/armin-knab-gymnasium.de\\\/Home\\\/#organization\"},\"image\":{\"@id\":\"https:\\\/\\\/armin-knab-gymnasium.de\\\/Home\\\/2022\\\/05\\\/26\\\/akg-sportlerinnen-mit-erfolgreicher-woche\\\/#primaryimage\"},\"thumbnailUrl\":\"https:\\\/\\\/armin-knab-gymnasium.de\\\/Home\\\/wp-content\\\/uploads\\\/2022\\\/05\\\/7149b64c-71dc-4df7-b183-eaff03b937e9.jpg\",\"keywords\":[\"Schulsport\",\"Sport\"],\"articleSection\":[\"Aktuelles\",\"Sport\"],\"inLanguage\":\"de\"},{\"@type\":\"WebPage\",\"@id\":\"https:\\\/\\\/armin-knab-gymnasium.de\\\/Home\\\/2022\\\/05\\\/26\\\/akg-sportlerinnen-mit-erfolgreicher-woche\\\/\",\"url\":\"https:\\\/\\\/armin-knab-gymnasium.de\\\/Home\\\/2022\\\/05\\\/26\\\/akg-sportlerinnen-mit-erfolgreicher-woche\\\/\",\"name\":\"AKG-Sportler*innen mit erfolgreicher Woche - Armin-Knab-Gymnasium Kitzingen\",\"isPartOf\":{\"@id\":\"https:\\\/\\\/armin-knab-gymnasium.de\\\/Home\\\/#website\"},\"primaryImageOfPage\":{\"@id\":\"https:\\\/\\\/armin-knab-gymnasium.de\\\/Home\\\/2022\\\/05\\\/26\\\/akg-sportlerinnen-mit-erfolgreicher-woche\\\/#primaryimage\"},\"image\":{\"@id\":\"https:\\\/\\\/armin-knab-gymnasium.de\\\/Home\\\/2022\\\/05\\\/26\\\/akg-sportlerinnen-mit-erfolgreicher-woche\\\/#primaryimage\"},\"thumbnailUrl\":\"https:\\\/\\\/armin-knab-gymnasium.de\\\/Home\\\/wp-content\\\/uploads\\\/2022\\\/05\\\/7149b64c-71dc-4df7-b183-eaff03b937e9.jpg\",\"datePublished\":\"2022-05-26T09:23:59+00:00\",\"dateModified\":\"2022-05-26T09:24:00+00:00\",\"breadcrumb\":{\"@id\":\"https:\\\/\\\/armin-knab-gymnasium.de\\\/Home\\\/2022\\\/05\\\/26\\\/akg-sportlerinnen-mit-erfolgreicher-woche\\\/#breadcrumb\"},\"inLanguage\":\"de\",\"potentialAction\":[{\"@type\":\"ReadAction\",\"target\":[\"https:\\\/\\\/armin-knab-gymnasium.de\\\/Home\\\/2022\\\/05\\\/26\\\/akg-sportlerinnen-mit-erfolgreicher-woche\\\/\"]}]},{\"@type\":\"ImageObject\",\"inLanguage\":\"de\",\"@id\":\"https:\\\/\\\/armin-knab-gymnasium.de\\\/Home\\\/2022\\\/05\\\/26\\\/akg-sportlerinnen-mit-erfolgreicher-woche\\\/#primaryimage\",\"url\":\"https:\\\/\\\/armin-knab-gymnasium.de\\\/Home\\\/wp-content\\\/uploads\\\/2022\\\/05\\\/7149b64c-71dc-4df7-b183-eaff03b937e9.jpg\",\"contentUrl\":\"https:\\\/\\\/armin-knab-gymnasium.de\\\/Home\\\/wp-content\\\/uploads\\\/2022\\\/05\\\/7149b64c-71dc-4df7-b183-eaff03b937e9.jpg\",\"width\":1600,\"height\":1200},{\"@type\":\"BreadcrumbList\",\"@id\":\"https:\\\/\\\/armin-knab-gymnasium.de\\\/Home\\\/2022\\\/05\\\/26\\\/akg-sportlerinnen-mit-erfolgreicher-woche\\\/#breadcrumb\",\"itemListElement\":[{\"@type\":\"ListItem\",\"position\":1,\"name\":\"Startseite\",\"item\":\"https:\\\/\\\/armin-knab-gymnasium.de\\\/Home\\\/\"},{\"@type\":\"ListItem\",\"position\":2,\"name\":\"AKG-Sportler*innen mit erfolgreicher Woche\"}]},{\"@type\":\"WebSite\",\"@id\":\"https:\\\/\\\/armin-knab-gymnasium.de\\\/Home\\\/#website\",\"url\":\"https:\\\/\\\/armin-knab-gymnasium.de\\\/Home\\\/\",\"name\":\"Armin-Knab-Gymnasium Kitzingen\",\"description\":\"Naturwissenschaftlich-technologisches und sprachliches Gymnasium\",\"publisher\":{\"@id\":\"https:\\\/\\\/armin-knab-gymnasium.de\\\/Home\\\/#organization\"},\"potentialAction\":[{\"@type\":\"SearchAction\",\"target\":{\"@type\":\"EntryPoint\",\"urlTemplate\":\"https:\\\/\\\/armin-knab-gymnasium.de\\\/Home\\\/?s={search_term_string}\"},\"query-input\":{\"@type\":\"PropertyValueSpecification\",\"valueRequired\":true,\"valueName\":\"search_term_string\"}}],\"inLanguage\":\"de\"},{\"@type\":\"Organization\",\"@id\":\"https:\\\/\\\/armin-knab-gymnasium.de\\\/Home\\\/#organization\",\"name\":\"Armin-Knab-Gymnasium Kitzingen\",\"url\":\"https:\\\/\\\/armin-knab-gymnasium.de\\\/Home\\\/\",\"logo\":{\"@type\":\"ImageObject\",\"inLanguage\":\"de\",\"@id\":\"https:\\\/\\\/armin-knab-gymnasium.de\\\/Home\\\/#\\\/schema\\\/logo\\\/image\\\/\",\"url\":\"https:\\\/\\\/armin-knab-gymnasium.de\\\/Home\\\/wp-content\\\/uploads\\\/2016\\\/11\\\/LogoIcon.png\",\"contentUrl\":\"https:\\\/\\\/armin-knab-gymnasium.de\\\/Home\\\/wp-content\\\/uploads\\\/2016\\\/11\\\/LogoIcon.png\",\"width\":512,\"height\":512,\"caption\":\"Armin-Knab-Gymnasium Kitzingen\"},\"image\":{\"@id\":\"https:\\\/\\\/armin-knab-gymnasium.de\\\/Home\\\/#\\\/schema\\\/logo\\\/image\\\/\"}},{\"@type\":\"Person\",\"@id\":\"https:\\\/\\\/armin-knab-gymnasium.de\\\/Home\\\/#\\\/schema\\\/person\\\/8b84af92209b4ef7c0e9ccd41b7b5541\",\"name\":\"Bastian Wander\",\"image\":{\"@type\":\"ImageObject\",\"inLanguage\":\"de\",\"@id\":\"https:\\\/\\\/secure.gravatar.com\\\/avatar\\\/f86e38d7628a97b0cb3887618f5aa96077ae2184409a0b76c4773a5812780c88?s=96&d=mm&r=gc4c103ea629141d9d3e0243dd5443925\",\"url\":\"https:\\\/\\\/secure.gravatar.com\\\/avatar\\\/f86e38d7628a97b0cb3887618f5aa96077ae2184409a0b76c4773a5812780c88?s=96&d=mm&r=g\",\"contentUrl\":\"https:\\\/\\\/secure.gravatar.com\\\/avatar\\\/f86e38d7628a97b0cb3887618f5aa96077ae2184409a0b76c4773a5812780c88?s=96&d=mm&r=g\",\"caption\":\"Bastian Wander\"},\"sameAs\":[\"https:\\\/\\\/armin-knab-gymnasium.de\\\/Home\"],\"url\":\"https:\\\/\\\/armin-knab-gymnasium.de\\\/Home\\\/author\\\/wan\\\/\"}]}<\/script>\n<!-- \/ Yoast SEO plugin. -->","yoast_head_json":{"title":"AKG-Sportler*innen mit erfolgreicher Woche - Armin-Knab-Gymnasium Kitzingen","robots":{"index":"index","follow":"follow","max-snippet":"max-snippet:-1","max-image-preview":"max-image-preview:large","max-video-preview":"max-video-preview:-1"},"canonical":"https:\/\/armin-knab-gymnasium.de\/Home\/2022\/05\/26\/akg-sportlerinnen-mit-erfolgreicher-woche\/","og_locale":"de_DE","og_type":"article","og_title":"AKG-Sportler*innen mit erfolgreicher Woche - Armin-Knab-Gymnasium Kitzingen","og_description":"Neben den Fu\u00dfballm\u00e4dchen (siehe Beitrag &#8222;AKG-M\u00e4dchen fahren auf das Nordbayerische Finale&#8222;) qualifizierten sich auch die Handballjungen (Altersklasse IV) f\u00fcr das Nordbayerische Finale. Sie setzten sich zun\u00e4chst mit 12:5 gegen Alzenau... weiterlesen &raquo;","og_url":"https:\/\/armin-knab-gymnasium.de\/Home\/2022\/05\/26\/akg-sportlerinnen-mit-erfolgreicher-woche\/","og_site_name":"Armin-Knab-Gymnasium Kitzingen","article_published_time":"2022-05-26T09:23:59+00:00","article_modified_time":"2022-05-26T09:24:00+00:00","og_image":[{"width":1600,"height":1200,"url":"https:\/\/armin-knab-gymnasium.de\/Home\/wp-content\/uploads\/2022\/05\/7149b64c-71dc-4df7-b183-eaff03b937e9.jpg","type":"image\/jpeg"}],"author":"Bastian Wander","twitter_card":"summary_large_image","twitter_misc":{"Verfasst von":"Bastian Wander","Gesch\u00e4tzte Lesezeit":"1\u00a0Minute","Written by":"Bastian Wander"},"schema":{"@context":"https:\/\/schema.org","@graph":[{"@type":"Article","@id":"https:\/\/armin-knab-gymnasium.de\/Home\/2022\/05\/26\/akg-sportlerinnen-mit-erfolgreicher-woche\/#article","isPartOf":{"@id":"https:\/\/armin-knab-gymnasium.de\/Home\/2022\/05\/26\/akg-sportlerinnen-mit-erfolgreicher-woche\/"},"author":{"name":"Bastian Wander","@id":"https:\/\/armin-knab-gymnasium.de\/Home\/#\/schema\/person\/8b84af92209b4ef7c0e9ccd41b7b5541"},"headline":"AKG-Sportler*innen mit erfolgreicher Woche","datePublished":"2022-05-26T09:23:59+00:00","dateModified":"2022-05-26T09:24:00+00:00","mainEntityOfPage":{"@id":"https:\/\/armin-knab-gymnasium.de\/Home\/2022\/05\/26\/akg-sportlerinnen-mit-erfolgreicher-woche\/"},"wordCount":94,"publisher":{"@id":"https:\/\/armin-knab-gymnasium.de\/Home\/#organization"},"image":{"@id":"https:\/\/armin-knab-gymnasium.de\/Home\/2022\/05\/26\/akg-sportlerinnen-mit-erfolgreicher-woche\/#primaryimage"},"thumbnailUrl":"https:\/\/armin-knab-gymnasium.de\/Home\/wp-content\/uploads\/2022\/05\/7149b64c-71dc-4df7-b183-eaff03b937e9.jpg","keywords":["Schulsport","Sport"],"articleSection":["Aktuelles","Sport"],"inLanguage":"de"},{"@type":"WebPage","@id":"https:\/\/armin-knab-gymnasium.de\/Home\/2022\/05\/26\/akg-sportlerinnen-mit-erfolgreicher-woche\/","url":"https:\/\/armin-knab-gymnasium.de\/Home\/2022\/05\/26\/akg-sportlerinnen-mit-erfolgreicher-woche\/","name":"AKG-Sportler*innen mit erfolgreicher Woche - Armin-Knab-Gymnasium Kitzingen","isPartOf":{"@id":"https:\/\/armin-knab-gymnasium.de\/Home\/#website"},"primaryImageOfPage":{"@id":"https:\/\/armin-knab-gymnasium.de\/Home\/2022\/05\/26\/akg-sportlerinnen-mit-erfolgreicher-woche\/#primaryimage"},"image":{"@id":"https:\/\/armin-knab-gymnasium.de\/Home\/2022\/05\/26\/akg-sportlerinnen-mit-erfolgreicher-woche\/#primaryimage"},"thumbnailUrl":"https:\/\/armin-knab-gymnasium.de\/Home\/wp-content\/uploads\/2022\/05\/7149b64c-71dc-4df7-b183-eaff03b937e9.jpg","datePublished":"2022-05-26T09:23:59+00:00","dateModified":"2022-05-26T09:24:00+00:00","breadcrumb":{"@id":"https:\/\/armin-knab-gymnasium.de\/Home\/2022\/05\/26\/akg-sportlerinnen-mit-erfolgreicher-woche\/#breadcrumb"},"inLanguage":"de","potentialAction":[{"@type":"ReadAction","target":["https:\/\/armin-knab-gymnasium.de\/Home\/2022\/05\/26\/akg-sportlerinnen-mit-erfolgreicher-woche\/"]}]},{"@type":"ImageObject","inLanguage":"de","@id":"https:\/\/armin-knab-gymnasium.de\/Home\/2022\/05\/26\/akg-sportlerinnen-mit-erfolgreicher-woche\/#primaryimage","url":"https:\/\/armin-knab-gymnasium.de\/Home\/wp-content\/uploads\/2022\/05\/7149b64c-71dc-4df7-b183-eaff03b937e9.jpg","contentUrl":"https:\/\/armin-knab-gymnasium.de\/Home\/wp-content\/uploads\/2022\/05\/7149b64c-71dc-4df7-b183-eaff03b937e9.jpg","width":1600,"height":1200},{"@type":"BreadcrumbList","@id":"https:\/\/armin-knab-gymnasium.de\/Home\/2022\/05\/26\/akg-sportlerinnen-mit-erfolgreicher-woche\/#breadcrumb","itemListElement":[{"@type":"ListItem","position":1,"name":"Startseite","item":"https:\/\/armin-knab-gymnasium.de\/Home\/"},{"@type":"ListItem","position":2,"name":"AKG-Sportler*innen mit erfolgreicher Woche"}]},{"@type":"WebSite","@id":"https:\/\/armin-knab-gymnasium.de\/Home\/#website","url":"https:\/\/armin-knab-gymnasium.de\/Home\/","name":"Armin-Knab-Gymnasium Kitzingen","description":"Naturwissenschaftlich-technologisches und sprachliches Gymnasium","publisher":{"@id":"https:\/\/armin-knab-gymnasium.de\/Home\/#organization"},"potentialAction":[{"@type":"SearchAction","target":{"@type":"EntryPoint","urlTemplate":"https:\/\/armin-knab-gymnasium.de\/Home\/?s={search_term_string}"},"query-input":{"@type":"PropertyValueSpecification","valueRequired":true,"valueName":"search_term_string"}}],"inLanguage":"de"},{"@type":"Organization","@id":"https:\/\/armin-knab-gymnasium.de\/Home\/#organization","name":"Armin-Knab-Gymnasium Kitzingen","url":"https:\/\/armin-knab-gymnasium.de\/Home\/","logo":{"@type":"ImageObject","inLanguage":"de","@id":"https:\/\/armin-knab-gymnasium.de\/Home\/#\/schema\/logo\/image\/","url":"https:\/\/armin-knab-gymnasium.de\/Home\/wp-content\/uploads\/2016\/11\/LogoIcon.png","contentUrl":"https:\/\/armin-knab-gymnasium.de\/Home\/wp-content\/uploads\/2016\/11\/LogoIcon.png","width":512,"height":512,"caption":"Armin-Knab-Gymnasium Kitzingen"},"image":{"@id":"https:\/\/armin-knab-gymnasium.de\/Home\/#\/schema\/logo\/image\/"}},{"@type":"Person","@id":"https:\/\/armin-knab-gymnasium.de\/Home\/#\/schema\/person\/8b84af92209b4ef7c0e9ccd41b7b5541","name":"Bastian Wander","image":{"@type":"ImageObject","inLanguage":"de","@id":"https:\/\/secure.gravatar.com\/avatar\/f86e38d7628a97b0cb3887618f5aa96077ae2184409a0b76c4773a5812780c88?s=96&d=mm&r=gc4c103ea629141d9d3e0243dd5443925","url":"https:\/\/secure.gravatar.com\/avatar\/f86e38d7628a97b0cb3887618f5aa96077ae2184409a0b76c4773a5812780c88?s=96&d=mm&r=g","contentUrl":"https:\/\/secure.gravatar.com\/avatar\/f86e38d7628a97b0cb3887618f5aa96077ae2184409a0b76c4773a5812780c88?s=96&d=mm&r=g","caption":"Bastian Wander"},"sameAs":["https:\/\/armin-knab-gymnasium.de\/Home"],"url":"https:\/\/armin-knab-gymnasium.de\/Home\/author\/wan\/"}]}},"publishpress_future_action":{"enabled":false,"date":"2026-05-06 06:27:01","action":"change-status","newStatus":"draft","terms":[],"taxonomy":"category","extraData":[]},"publishpress_future_workflow_manual_trigger":{"enabledWorkflows":[]},"_links":{"self":[{"href":"https:\/\/armin-knab-gymnasium.de\/Home\/wp-json\/wp\/v2\/posts\/13663","targetHints":{"allow":["GET"]}}],"collection":[{"href":"https:\/\/armin-knab-gymnasium.de\/Home\/wp-json\/wp\/v2\/posts"}],"about":[{"href":"https:\/\/armin-knab-gymnasium.de\/Home\/wp-json\/wp\/v2\/types\/post"}],"author":[{"embeddable":true,"href":"https:\/\/armin-knab-gymnasium.de\/Home\/wp-json\/wp\/v2\/users\/1048"}],"replies":[{"embeddable":true,"href":"https:\/\/armin-knab-gymnasium.de\/Home\/wp-json\/wp\/v2\/comments?post=13663"}],"version-history":[{"count":2,"href":"https:\/\/armin-knab-gymnasium.de\/Home\/wp-json\/wp\/v2\/posts\/13663\/revisions"}],"predecessor-version":[{"id":13667,"href":"https:\/\/armin-knab-gymnasium.de\/Home\/wp-json\/wp\/v2\/posts\/13663\/revisions\/13667"}],"wp:featuredmedia":[{"embeddable":true,"href":"https:\/\/armin-knab-gymnasium.de\/Home\/wp-json\/wp\/v2\/media\/13664"}],"wp:attachment":[{"href":"https:\/\/armin-knab-gymnasium.de\/Home\/wp-json\/wp\/v2\/media?parent=13663"}],"wp:term":[{"taxonomy":"category","embeddable":true,"href":"https:\/\/armin-knab-gymnasium.de\/Home\/wp-json\/wp\/v2\/categories?post=13663"},{"taxonomy":"post_tag","embeddable":true,"href":"https:\/\/armin-knab-gymnasium.de\/Home\/wp-json\/wp\/v2\/tags?post=13663"},{"taxonomy":"author","embeddable":true,"href":"https:\/\/armin-knab-gymnasium.de\/Home\/wp-json\/wp\/v2\/coauthors?post=13663"}],"curies":[{"name":"wp","href":"https:\/\/api.w.org\/{rel}","templated":true}]}}