{"id":14366,"date":"2022-10-28T10:29:12","date_gmt":"2022-10-28T08:29:12","guid":{"rendered":"http:\/\/armin-knab-gymnasium.de\/Home\/?p=14366"},"modified":"2022-10-28T10:34:00","modified_gmt":"2022-10-28T08:34:00","slug":"armin-knab-gymnasium-holt-sich-das-triple","status":"publish","type":"post","link":"https:\/\/armin-knab-gymnasium.de\/Home\/2022\/10\/28\/armin-knab-gymnasium-holt-sich-das-triple\/","title":{"rendered":"Armin-Knab-Gymnasium holt sich das Triple"},"content":{"rendered":"<div class=\"wp-block-image\">\n<figure class=\"aligncenter size-large is-resized\"><a href=\"https:\/\/armin-knab-gymnasium.de\/Home\/wp-content\/uploads\/2022\/10\/3-scaled.jpg\"><img loading=\"lazy\" decoding=\"async\" src=\"https:\/\/armin-knab-gymnasium.de\/Home\/wp-content\/uploads\/2022\/10\/3-1024x701.jpg\" alt=\"\" class=\"wp-image-14368\" width=\"488\" height=\"333\" srcset=\"https:\/\/armin-knab-gymnasium.de\/Home\/wp-content\/uploads\/2022\/10\/3-1024x701.jpg 1024w, https:\/\/armin-knab-gymnasium.de\/Home\/wp-content\/uploads\/2022\/10\/3-300x205.jpg 300w, https:\/\/armin-knab-gymnasium.de\/Home\/wp-content\/uploads\/2022\/10\/3-768x526.jpg 768w, https:\/\/armin-knab-gymnasium.de\/Home\/wp-content\/uploads\/2022\/10\/3-1536x1051.jpg 1536w, https:\/\/armin-knab-gymnasium.de\/Home\/wp-content\/uploads\/2022\/10\/3-2048x1401.jpg 2048w, https:\/\/armin-knab-gymnasium.de\/Home\/wp-content\/uploads\/2022\/10\/3-624x427.jpg 624w\" sizes=\"auto, (max-width: 488px) 100vw, 488px\" \/><\/a><\/figure>\n<\/div>\n\n\n<p>Zum dritten Mal in Folge wurde das AKG von der SchaefflerFAG Stiftung mit dem renommierten Innovation Award f\u00fcr schulische F\u00f6rderung ausgezeichnet. Mit dem Preis werden Schulen unterst\u00fctzt, die sich im besonderen Ma\u00dfe daf\u00fcr einsetzen, bei jungen Menschen Begeisterung f\u00fcr Mathematik, Informatik, Naturwissenschaften und Technik (MINT-F\u00e4cher) zu wecken. \u201eMotivation kommt vom Anfangen\u201c, so fasst MINT-Koordinator Christoph Sagstetter den Erfolg zusammen. Man m\u00fcsse den Sch\u00fcler:innen nur eine Projektidee geeignet pr\u00e4sentieren, eine Zielvorgabe formulieren, dann legen sie mit eigenen \u00dcberlegungen los. Sie vertiefen sich in ein naturwissenschaftliches Thema, diskutieren, verwerfen Gedanken, probieren es neu oder anders. Gemeinsam wird get\u00fcftelt, die Funktionsweise der Apparatur optimiert sowie die Theorie dahinter studiert und ausgearbeitet. Und wenn die Problemstellung genial gel\u00f6st wird, dann ist das definitiv einen Preis wert. Dieser Meinung war der FAG Schaeffler Stiftungsrat bei drei ganz besonderen MINT-Projekten, die am AKG durchgef\u00fchrt und entsprechend ausgezeichnet wurden.2020 pr\u00e4sentierten die Mitarbeiter:innen des Gituma-Sch\u00fclerlabors und Martin Schwab im Rahmen einer Abendveranstaltung in enger Kooperation mit au\u00dferschulischen Experten verschiedenartigste Forschungsthemen rund um den Bereich \u201eMetall\u201c. F\u00fcr die Organisation und Durchf\u00fchrung dieser \u201eNacht der Metalle\u201c erhielten sie einen 1. Preis in H\u00f6he von 2.000 Euro. Im letzten Jahr pr\u00e4mierte man die \u201eAugmented Reality Sandbox\u201c des Erfinderclubs mit einem 2. Preis in H\u00f6he von 1.500 Euro. Hierbei werden Berge, T\u00e4ler, Vulkane und anderes aus Sand modelliert und mithilfe einer 3D-Kamera digitalisiert. Anschlie\u00dfend bearbeitet eine spezielle Software die entstandenen Bilder, sodass in Echtzeit mittels eines Beamers H\u00f6henlinien und andere geografische Charakteristika farblich auf den Sand projiziert werden k\u00f6nnen. Vor kurzem wurde wiederum ein 1. Preis in H\u00f6he von 1.500 Euro an eine ehemalige 8. Klasse und ihrem Betreuer Christoph Sagstetter f\u00fcr den \u201eBau eines Quantendemonstrators\u201c \u00fcberreicht. Die Sch\u00fcler:innen k\u00f6nnen damit f\u00fcr das Auge eigentlich unsichtbare, quantenphysikalische Effekte simulieren und anschaulich erkl\u00e4ren. \u00dcber die Auszeichnungen freuen sich neben Schulleiterin Monika Rahner insbesondere die beiden MINT-Lehrkr\u00e4fte Martin Schwab und Christoph Sagstetter. \u201eF\u00fcr uns und unsere Sch\u00fcler:innen ist ein solcher Preis Anerkennung und Ansporn zugleich. Und mit dem Geld gehen wir dann gleich unser n\u00e4chstes Projekt an. An Ideen mangelt es nicht.\u201c<\/p>\n","protected":false},"excerpt":{"rendered":"<p>Zum dritten Mal in Folge wurde das AKG von der SchaefflerFAG Stiftung mit dem renommierten Innovation Award f\u00fcr schulische F\u00f6rderung ausgezeichnet. Mit dem Preis werden Schulen unterst\u00fctzt, die sich im&#8230; <a href=\"https:\/\/armin-knab-gymnasium.de\/Home\/2022\/10\/28\/armin-knab-gymnasium-holt-sich-das-triple\/\">weiterlesen &raquo;<\/a><\/p>\n","protected":false},"author":1043,"featured_media":14367,"comment_status":"closed","ping_status":"closed","sticky":false,"template":"","format":"standard","meta":{"ghostkit_customizer_options":"","ghostkit_custom_css":"","ghostkit_custom_js_head":"","ghostkit_custom_js_foot":"","ghostkit_typography":"","footnotes":""},"categories":[127],"tags":[],"coauthors":[149],"class_list":["post-14366","post","type-post","status-publish","format-standard","has-post-thumbnail","hentry","category-mint"],"yoast_head":"<!-- This site is optimized with the Yoast SEO plugin v27.5 - https:\/\/yoast.com\/product\/yoast-seo-wordpress\/ -->\n<title>Armin-Knab-Gymnasium holt sich das Triple - Armin-Knab-Gymnasium Kitzingen<\/title>\n<meta name=\"robots\" content=\"index, follow, max-snippet:-1, max-image-preview:large, max-video-preview:-1\" \/>\n<link rel=\"canonical\" href=\"https:\/\/armin-knab-gymnasium.de\/Home\/2022\/10\/28\/armin-knab-gymnasium-holt-sich-das-triple\/\" \/>\n<meta property=\"og:locale\" content=\"de_DE\" \/>\n<meta property=\"og:type\" content=\"article\" \/>\n<meta property=\"og:title\" content=\"Armin-Knab-Gymnasium holt sich das Triple - Armin-Knab-Gymnasium Kitzingen\" \/>\n<meta property=\"og:description\" content=\"Zum dritten Mal in Folge wurde das AKG von der SchaefflerFAG Stiftung mit dem renommierten Innovation Award f\u00fcr schulische F\u00f6rderung ausgezeichnet. Mit dem Preis werden Schulen unterst\u00fctzt, die sich im... weiterlesen &raquo;\" \/>\n<meta property=\"og:url\" content=\"https:\/\/armin-knab-gymnasium.de\/Home\/2022\/10\/28\/armin-knab-gymnasium-holt-sich-das-triple\/\" \/>\n<meta property=\"og:site_name\" content=\"Armin-Knab-Gymnasium Kitzingen\" \/>\n<meta property=\"article:published_time\" content=\"2022-10-28T08:29:12+00:00\" \/>\n<meta property=\"article:modified_time\" content=\"2022-10-28T08:34:00+00:00\" \/>\n<meta property=\"og:image\" content=\"https:\/\/armin-knab-gymnasium.de\/Home\/wp-content\/uploads\/2022\/10\/2-scaled.jpg\" \/>\n\t<meta property=\"og:image:width\" content=\"2560\" \/>\n\t<meta property=\"og:image:height\" content=\"2218\" \/>\n\t<meta property=\"og:image:type\" content=\"image\/jpeg\" \/>\n<meta name=\"author\" content=\"Christoph Sagstetter\" \/>\n<meta name=\"twitter:card\" content=\"summary_large_image\" \/>\n<meta name=\"twitter:label1\" content=\"Verfasst von\" \/>\n\t<meta name=\"twitter:data1\" content=\"Christoph Sagstetter\" \/>\n\t<meta name=\"twitter:label2\" content=\"Gesch\u00e4tzte Lesezeit\" \/>\n\t<meta name=\"twitter:data2\" content=\"3\u00a0Minuten\" \/>\n\t<meta name=\"twitter:label3\" content=\"Written by\" \/>\n\t<meta name=\"twitter:data3\" content=\"Christoph Sagstetter\" \/>\n<script type=\"application\/ld+json\" class=\"yoast-schema-graph\">{\"@context\":\"https:\\\/\\\/schema.org\",\"@graph\":[{\"@type\":\"Article\",\"@id\":\"https:\\\/\\\/armin-knab-gymnasium.de\\\/Home\\\/2022\\\/10\\\/28\\\/armin-knab-gymnasium-holt-sich-das-triple\\\/#article\",\"isPartOf\":{\"@id\":\"https:\\\/\\\/armin-knab-gymnasium.de\\\/Home\\\/2022\\\/10\\\/28\\\/armin-knab-gymnasium-holt-sich-das-triple\\\/\"},\"author\":{\"name\":\"Christoph Sagstetter\",\"@id\":\"https:\\\/\\\/armin-knab-gymnasium.de\\\/Home\\\/#\\\/schema\\\/person\\\/995eab9647cb2c008ac7d0aba706fee0\"},\"headline\":\"Armin-Knab-Gymnasium holt sich das Triple\",\"datePublished\":\"2022-10-28T08:29:12+00:00\",\"dateModified\":\"2022-10-28T08:34:00+00:00\",\"mainEntityOfPage\":{\"@id\":\"https:\\\/\\\/armin-knab-gymnasium.de\\\/Home\\\/2022\\\/10\\\/28\\\/armin-knab-gymnasium-holt-sich-das-triple\\\/\"},\"wordCount\":375,\"publisher\":{\"@id\":\"https:\\\/\\\/armin-knab-gymnasium.de\\\/Home\\\/#organization\"},\"image\":{\"@id\":\"https:\\\/\\\/armin-knab-gymnasium.de\\\/Home\\\/2022\\\/10\\\/28\\\/armin-knab-gymnasium-holt-sich-das-triple\\\/#primaryimage\"},\"thumbnailUrl\":\"https:\\\/\\\/armin-knab-gymnasium.de\\\/Home\\\/wp-content\\\/uploads\\\/2022\\\/10\\\/2-scaled.jpg\",\"articleSection\":[\"MINT\"],\"inLanguage\":\"de\"},{\"@type\":\"WebPage\",\"@id\":\"https:\\\/\\\/armin-knab-gymnasium.de\\\/Home\\\/2022\\\/10\\\/28\\\/armin-knab-gymnasium-holt-sich-das-triple\\\/\",\"url\":\"https:\\\/\\\/armin-knab-gymnasium.de\\\/Home\\\/2022\\\/10\\\/28\\\/armin-knab-gymnasium-holt-sich-das-triple\\\/\",\"name\":\"Armin-Knab-Gymnasium holt sich das Triple - Armin-Knab-Gymnasium Kitzingen\",\"isPartOf\":{\"@id\":\"https:\\\/\\\/armin-knab-gymnasium.de\\\/Home\\\/#website\"},\"primaryImageOfPage\":{\"@id\":\"https:\\\/\\\/armin-knab-gymnasium.de\\\/Home\\\/2022\\\/10\\\/28\\\/armin-knab-gymnasium-holt-sich-das-triple\\\/#primaryimage\"},\"image\":{\"@id\":\"https:\\\/\\\/armin-knab-gymnasium.de\\\/Home\\\/2022\\\/10\\\/28\\\/armin-knab-gymnasium-holt-sich-das-triple\\\/#primaryimage\"},\"thumbnailUrl\":\"https:\\\/\\\/armin-knab-gymnasium.de\\\/Home\\\/wp-content\\\/uploads\\\/2022\\\/10\\\/2-scaled.jpg\",\"datePublished\":\"2022-10-28T08:29:12+00:00\",\"dateModified\":\"2022-10-28T08:34:00+00:00\",\"breadcrumb\":{\"@id\":\"https:\\\/\\\/armin-knab-gymnasium.de\\\/Home\\\/2022\\\/10\\\/28\\\/armin-knab-gymnasium-holt-sich-das-triple\\\/#breadcrumb\"},\"inLanguage\":\"de\",\"potentialAction\":[{\"@type\":\"ReadAction\",\"target\":[\"https:\\\/\\\/armin-knab-gymnasium.de\\\/Home\\\/2022\\\/10\\\/28\\\/armin-knab-gymnasium-holt-sich-das-triple\\\/\"]}]},{\"@type\":\"ImageObject\",\"inLanguage\":\"de\",\"@id\":\"https:\\\/\\\/armin-knab-gymnasium.de\\\/Home\\\/2022\\\/10\\\/28\\\/armin-knab-gymnasium-holt-sich-das-triple\\\/#primaryimage\",\"url\":\"https:\\\/\\\/armin-knab-gymnasium.de\\\/Home\\\/wp-content\\\/uploads\\\/2022\\\/10\\\/2-scaled.jpg\",\"contentUrl\":\"https:\\\/\\\/armin-knab-gymnasium.de\\\/Home\\\/wp-content\\\/uploads\\\/2022\\\/10\\\/2-scaled.jpg\",\"width\":2560,\"height\":2218},{\"@type\":\"BreadcrumbList\",\"@id\":\"https:\\\/\\\/armin-knab-gymnasium.de\\\/Home\\\/2022\\\/10\\\/28\\\/armin-knab-gymnasium-holt-sich-das-triple\\\/#breadcrumb\",\"itemListElement\":[{\"@type\":\"ListItem\",\"position\":1,\"name\":\"Startseite\",\"item\":\"https:\\\/\\\/armin-knab-gymnasium.de\\\/Home\\\/\"},{\"@type\":\"ListItem\",\"position\":2,\"name\":\"Armin-Knab-Gymnasium holt sich das Triple\"}]},{\"@type\":\"WebSite\",\"@id\":\"https:\\\/\\\/armin-knab-gymnasium.de\\\/Home\\\/#website\",\"url\":\"https:\\\/\\\/armin-knab-gymnasium.de\\\/Home\\\/\",\"name\":\"Armin-Knab-Gymnasium Kitzingen\",\"description\":\"Naturwissenschaftlich-technologisches und sprachliches Gymnasium\",\"publisher\":{\"@id\":\"https:\\\/\\\/armin-knab-gymnasium.de\\\/Home\\\/#organization\"},\"potentialAction\":[{\"@type\":\"SearchAction\",\"target\":{\"@type\":\"EntryPoint\",\"urlTemplate\":\"https:\\\/\\\/armin-knab-gymnasium.de\\\/Home\\\/?s={search_term_string}\"},\"query-input\":{\"@type\":\"PropertyValueSpecification\",\"valueRequired\":true,\"valueName\":\"search_term_string\"}}],\"inLanguage\":\"de\"},{\"@type\":\"Organization\",\"@id\":\"https:\\\/\\\/armin-knab-gymnasium.de\\\/Home\\\/#organization\",\"name\":\"Armin-Knab-Gymnasium Kitzingen\",\"url\":\"https:\\\/\\\/armin-knab-gymnasium.de\\\/Home\\\/\",\"logo\":{\"@type\":\"ImageObject\",\"inLanguage\":\"de\",\"@id\":\"https:\\\/\\\/armin-knab-gymnasium.de\\\/Home\\\/#\\\/schema\\\/logo\\\/image\\\/\",\"url\":\"https:\\\/\\\/armin-knab-gymnasium.de\\\/Home\\\/wp-content\\\/uploads\\\/2016\\\/11\\\/LogoIcon.png\",\"contentUrl\":\"https:\\\/\\\/armin-knab-gymnasium.de\\\/Home\\\/wp-content\\\/uploads\\\/2016\\\/11\\\/LogoIcon.png\",\"width\":512,\"height\":512,\"caption\":\"Armin-Knab-Gymnasium Kitzingen\"},\"image\":{\"@id\":\"https:\\\/\\\/armin-knab-gymnasium.de\\\/Home\\\/#\\\/schema\\\/logo\\\/image\\\/\"}},{\"@type\":\"Person\",\"@id\":\"https:\\\/\\\/armin-knab-gymnasium.de\\\/Home\\\/#\\\/schema\\\/person\\\/995eab9647cb2c008ac7d0aba706fee0\",\"name\":\"Christoph Sagstetter\",\"image\":{\"@type\":\"ImageObject\",\"inLanguage\":\"de\",\"@id\":\"https:\\\/\\\/secure.gravatar.com\\\/avatar\\\/f3a55d968071b72298eaae56ea36831ae70e69a07e5552803008e9ca239fde4d?s=96&d=mm&r=g3ab3ddc6b06e88d7b25cb2d00bbba16a\",\"url\":\"https:\\\/\\\/secure.gravatar.com\\\/avatar\\\/f3a55d968071b72298eaae56ea36831ae70e69a07e5552803008e9ca239fde4d?s=96&d=mm&r=g\",\"contentUrl\":\"https:\\\/\\\/secure.gravatar.com\\\/avatar\\\/f3a55d968071b72298eaae56ea36831ae70e69a07e5552803008e9ca239fde4d?s=96&d=mm&r=g\",\"caption\":\"Christoph Sagstetter\"},\"sameAs\":[\"https:\\\/\\\/armin-knab-gymnasium.de\\\/Home\"],\"url\":\"https:\\\/\\\/armin-knab-gymnasium.de\\\/Home\\\/author\\\/sag\\\/\"}]}<\/script>\n<!-- \/ Yoast SEO plugin. -->","yoast_head_json":{"title":"Armin-Knab-Gymnasium holt sich das Triple - Armin-Knab-Gymnasium Kitzingen","robots":{"index":"index","follow":"follow","max-snippet":"max-snippet:-1","max-image-preview":"max-image-preview:large","max-video-preview":"max-video-preview:-1"},"canonical":"https:\/\/armin-knab-gymnasium.de\/Home\/2022\/10\/28\/armin-knab-gymnasium-holt-sich-das-triple\/","og_locale":"de_DE","og_type":"article","og_title":"Armin-Knab-Gymnasium holt sich das Triple - Armin-Knab-Gymnasium Kitzingen","og_description":"Zum dritten Mal in Folge wurde das AKG von der SchaefflerFAG Stiftung mit dem renommierten Innovation Award f\u00fcr schulische F\u00f6rderung ausgezeichnet. Mit dem Preis werden Schulen unterst\u00fctzt, die sich im... weiterlesen &raquo;","og_url":"https:\/\/armin-knab-gymnasium.de\/Home\/2022\/10\/28\/armin-knab-gymnasium-holt-sich-das-triple\/","og_site_name":"Armin-Knab-Gymnasium Kitzingen","article_published_time":"2022-10-28T08:29:12+00:00","article_modified_time":"2022-10-28T08:34:00+00:00","og_image":[{"width":2560,"height":2218,"url":"https:\/\/armin-knab-gymnasium.de\/Home\/wp-content\/uploads\/2022\/10\/2-scaled.jpg","type":"image\/jpeg"}],"author":"Christoph Sagstetter","twitter_card":"summary_large_image","twitter_misc":{"Verfasst von":"Christoph Sagstetter","Gesch\u00e4tzte Lesezeit":"3\u00a0Minuten","Written by":"Christoph Sagstetter"},"schema":{"@context":"https:\/\/schema.org","@graph":[{"@type":"Article","@id":"https:\/\/armin-knab-gymnasium.de\/Home\/2022\/10\/28\/armin-knab-gymnasium-holt-sich-das-triple\/#article","isPartOf":{"@id":"https:\/\/armin-knab-gymnasium.de\/Home\/2022\/10\/28\/armin-knab-gymnasium-holt-sich-das-triple\/"},"author":{"name":"Christoph Sagstetter","@id":"https:\/\/armin-knab-gymnasium.de\/Home\/#\/schema\/person\/995eab9647cb2c008ac7d0aba706fee0"},"headline":"Armin-Knab-Gymnasium holt sich das Triple","datePublished":"2022-10-28T08:29:12+00:00","dateModified":"2022-10-28T08:34:00+00:00","mainEntityOfPage":{"@id":"https:\/\/armin-knab-gymnasium.de\/Home\/2022\/10\/28\/armin-knab-gymnasium-holt-sich-das-triple\/"},"wordCount":375,"publisher":{"@id":"https:\/\/armin-knab-gymnasium.de\/Home\/#organization"},"image":{"@id":"https:\/\/armin-knab-gymnasium.de\/Home\/2022\/10\/28\/armin-knab-gymnasium-holt-sich-das-triple\/#primaryimage"},"thumbnailUrl":"https:\/\/armin-knab-gymnasium.de\/Home\/wp-content\/uploads\/2022\/10\/2-scaled.jpg","articleSection":["MINT"],"inLanguage":"de"},{"@type":"WebPage","@id":"https:\/\/armin-knab-gymnasium.de\/Home\/2022\/10\/28\/armin-knab-gymnasium-holt-sich-das-triple\/","url":"https:\/\/armin-knab-gymnasium.de\/Home\/2022\/10\/28\/armin-knab-gymnasium-holt-sich-das-triple\/","name":"Armin-Knab-Gymnasium holt sich das Triple - Armin-Knab-Gymnasium Kitzingen","isPartOf":{"@id":"https:\/\/armin-knab-gymnasium.de\/Home\/#website"},"primaryImageOfPage":{"@id":"https:\/\/armin-knab-gymnasium.de\/Home\/2022\/10\/28\/armin-knab-gymnasium-holt-sich-das-triple\/#primaryimage"},"image":{"@id":"https:\/\/armin-knab-gymnasium.de\/Home\/2022\/10\/28\/armin-knab-gymnasium-holt-sich-das-triple\/#primaryimage"},"thumbnailUrl":"https:\/\/armin-knab-gymnasium.de\/Home\/wp-content\/uploads\/2022\/10\/2-scaled.jpg","datePublished":"2022-10-28T08:29:12+00:00","dateModified":"2022-10-28T08:34:00+00:00","breadcrumb":{"@id":"https:\/\/armin-knab-gymnasium.de\/Home\/2022\/10\/28\/armin-knab-gymnasium-holt-sich-das-triple\/#breadcrumb"},"inLanguage":"de","potentialAction":[{"@type":"ReadAction","target":["https:\/\/armin-knab-gymnasium.de\/Home\/2022\/10\/28\/armin-knab-gymnasium-holt-sich-das-triple\/"]}]},{"@type":"ImageObject","inLanguage":"de","@id":"https:\/\/armin-knab-gymnasium.de\/Home\/2022\/10\/28\/armin-knab-gymnasium-holt-sich-das-triple\/#primaryimage","url":"https:\/\/armin-knab-gymnasium.de\/Home\/wp-content\/uploads\/2022\/10\/2-scaled.jpg","contentUrl":"https:\/\/armin-knab-gymnasium.de\/Home\/wp-content\/uploads\/2022\/10\/2-scaled.jpg","width":2560,"height":2218},{"@type":"BreadcrumbList","@id":"https:\/\/armin-knab-gymnasium.de\/Home\/2022\/10\/28\/armin-knab-gymnasium-holt-sich-das-triple\/#breadcrumb","itemListElement":[{"@type":"ListItem","position":1,"name":"Startseite","item":"https:\/\/armin-knab-gymnasium.de\/Home\/"},{"@type":"ListItem","position":2,"name":"Armin-Knab-Gymnasium holt sich das Triple"}]},{"@type":"WebSite","@id":"https:\/\/armin-knab-gymnasium.de\/Home\/#website","url":"https:\/\/armin-knab-gymnasium.de\/Home\/","name":"Armin-Knab-Gymnasium Kitzingen","description":"Naturwissenschaftlich-technologisches und sprachliches Gymnasium","publisher":{"@id":"https:\/\/armin-knab-gymnasium.de\/Home\/#organization"},"potentialAction":[{"@type":"SearchAction","target":{"@type":"EntryPoint","urlTemplate":"https:\/\/armin-knab-gymnasium.de\/Home\/?s={search_term_string}"},"query-input":{"@type":"PropertyValueSpecification","valueRequired":true,"valueName":"search_term_string"}}],"inLanguage":"de"},{"@type":"Organization","@id":"https:\/\/armin-knab-gymnasium.de\/Home\/#organization","name":"Armin-Knab-Gymnasium Kitzingen","url":"https:\/\/armin-knab-gymnasium.de\/Home\/","logo":{"@type":"ImageObject","inLanguage":"de","@id":"https:\/\/armin-knab-gymnasium.de\/Home\/#\/schema\/logo\/image\/","url":"https:\/\/armin-knab-gymnasium.de\/Home\/wp-content\/uploads\/2016\/11\/LogoIcon.png","contentUrl":"https:\/\/armin-knab-gymnasium.de\/Home\/wp-content\/uploads\/2016\/11\/LogoIcon.png","width":512,"height":512,"caption":"Armin-Knab-Gymnasium Kitzingen"},"image":{"@id":"https:\/\/armin-knab-gymnasium.de\/Home\/#\/schema\/logo\/image\/"}},{"@type":"Person","@id":"https:\/\/armin-knab-gymnasium.de\/Home\/#\/schema\/person\/995eab9647cb2c008ac7d0aba706fee0","name":"Christoph Sagstetter","image":{"@type":"ImageObject","inLanguage":"de","@id":"https:\/\/secure.gravatar.com\/avatar\/f3a55d968071b72298eaae56ea36831ae70e69a07e5552803008e9ca239fde4d?s=96&d=mm&r=g3ab3ddc6b06e88d7b25cb2d00bbba16a","url":"https:\/\/secure.gravatar.com\/avatar\/f3a55d968071b72298eaae56ea36831ae70e69a07e5552803008e9ca239fde4d?s=96&d=mm&r=g","contentUrl":"https:\/\/secure.gravatar.com\/avatar\/f3a55d968071b72298eaae56ea36831ae70e69a07e5552803008e9ca239fde4d?s=96&d=mm&r=g","caption":"Christoph Sagstetter"},"sameAs":["https:\/\/armin-knab-gymnasium.de\/Home"],"url":"https:\/\/armin-knab-gymnasium.de\/Home\/author\/sag\/"}]}},"publishpress_future_action":{"enabled":false,"date":"2026-05-09 05:41:04","action":"change-status","newStatus":"draft","terms":[],"taxonomy":"category","extraData":[]},"publishpress_future_workflow_manual_trigger":{"enabledWorkflows":[]},"_links":{"self":[{"href":"https:\/\/armin-knab-gymnasium.de\/Home\/wp-json\/wp\/v2\/posts\/14366","targetHints":{"allow":["GET"]}}],"collection":[{"href":"https:\/\/armin-knab-gymnasium.de\/Home\/wp-json\/wp\/v2\/posts"}],"about":[{"href":"https:\/\/armin-knab-gymnasium.de\/Home\/wp-json\/wp\/v2\/types\/post"}],"author":[{"embeddable":true,"href":"https:\/\/armin-knab-gymnasium.de\/Home\/wp-json\/wp\/v2\/users\/1043"}],"replies":[{"embeddable":true,"href":"https:\/\/armin-knab-gymnasium.de\/Home\/wp-json\/wp\/v2\/comments?post=14366"}],"version-history":[{"count":1,"href":"https:\/\/armin-knab-gymnasium.de\/Home\/wp-json\/wp\/v2\/posts\/14366\/revisions"}],"predecessor-version":[{"id":14369,"href":"https:\/\/armin-knab-gymnasium.de\/Home\/wp-json\/wp\/v2\/posts\/14366\/revisions\/14369"}],"wp:featuredmedia":[{"embeddable":true,"href":"https:\/\/armin-knab-gymnasium.de\/Home\/wp-json\/wp\/v2\/media\/14367"}],"wp:attachment":[{"href":"https:\/\/armin-knab-gymnasium.de\/Home\/wp-json\/wp\/v2\/media?parent=14366"}],"wp:term":[{"taxonomy":"category","embeddable":true,"href":"https:\/\/armin-knab-gymnasium.de\/Home\/wp-json\/wp\/v2\/categories?post=14366"},{"taxonomy":"post_tag","embeddable":true,"href":"https:\/\/armin-knab-gymnasium.de\/Home\/wp-json\/wp\/v2\/tags?post=14366"},{"taxonomy":"author","embeddable":true,"href":"https:\/\/armin-knab-gymnasium.de\/Home\/wp-json\/wp\/v2\/coauthors?post=14366"}],"curies":[{"name":"wp","href":"https:\/\/api.w.org\/{rel}","templated":true}]}}