{"id":14458,"date":"2022-12-12T08:13:54","date_gmt":"2022-12-12T07:13:54","guid":{"rendered":"https:\/\/armin-knab-gymnasium.de\/Home\/?p=14458"},"modified":"2022-12-12T08:13:56","modified_gmt":"2022-12-12T07:13:56","slug":"der-nikolaus-zu-besuch-in-den-5-klassen","status":"publish","type":"post","link":"https:\/\/armin-knab-gymnasium.de\/Home\/2022\/12\/12\/der-nikolaus-zu-besuch-in-den-5-klassen\/","title":{"rendered":"Der Nikolaus zu Besuch in den 5. Klassen"},"content":{"rendered":"<div class=\"wp-block-image\">\n<figure class=\"aligncenter size-large is-resized\"><a href=\"https:\/\/armin-knab-gymnasium.de\/Home\/wp-content\/uploads\/2022\/12\/Nikolaus-2-scaled.jpg\"><img loading=\"lazy\" decoding=\"async\" src=\"https:\/\/armin-knab-gymnasium.de\/Home\/wp-content\/uploads\/2022\/12\/Nikolaus-2-1024x798.jpg\" alt=\"\" class=\"wp-image-14460\" width=\"451\" height=\"351\" srcset=\"https:\/\/armin-knab-gymnasium.de\/Home\/wp-content\/uploads\/2022\/12\/Nikolaus-2-1024x798.jpg 1024w, https:\/\/armin-knab-gymnasium.de\/Home\/wp-content\/uploads\/2022\/12\/Nikolaus-2-300x234.jpg 300w, https:\/\/armin-knab-gymnasium.de\/Home\/wp-content\/uploads\/2022\/12\/Nikolaus-2-768x598.jpg 768w, https:\/\/armin-knab-gymnasium.de\/Home\/wp-content\/uploads\/2022\/12\/Nikolaus-2-1536x1196.jpg 1536w, https:\/\/armin-knab-gymnasium.de\/Home\/wp-content\/uploads\/2022\/12\/Nikolaus-2-2048x1595.jpg 2048w, https:\/\/armin-knab-gymnasium.de\/Home\/wp-content\/uploads\/2022\/12\/Nikolaus-2-624x486.jpg 624w\" sizes=\"auto, (max-width: 451px) 100vw, 451px\" \/><\/a><\/figure>\n<\/div>\n\n\n<p>Wart Ihr denn auch alle sch\u00f6n artig?<\/p>\n\n\n\n<p>Nat\u00fcrlich sind unsere 5. Klassen ganz besonders zauberhafte Wesen, und so konnten der zu Besuch eilende Nikolaus und seine Helferlein vor allem viel loben und die Kinder mit kleinen Leckereien erfreuen.<\/p>\n\n\n\n<p>Tats\u00e4chlich war der Nikolaus dank Insidertipps durch die Klassleitungen gut informiert \u00fcber das Geschehen in den Klassen und hatte zudem die ein oder andere Idee, was vielleicht noch besser laufen k\u00f6nnte, damit sich alle noch wohler f\u00fchlen.<\/p>\n\n\n\n<p>Im Anschluss blieb noch Zeit f\u00fcr adventliche Spiele und Miteinander und die Hoffnung, dass die F\u00fcnftkl\u00e4ssler weiterhin ihre Lehrkr\u00e4fte und die Schule erfreuen.<\/p>\n\n\n<div class=\"wp-block-image\">\n<figure class=\"aligncenter size-large is-resized\"><a href=\"https:\/\/armin-knab-gymnasium.de\/Home\/wp-content\/uploads\/2022\/12\/Nikolaus-zu-Besuch-scaled.jpg\"><img loading=\"lazy\" decoding=\"async\" src=\"https:\/\/armin-knab-gymnasium.de\/Home\/wp-content\/uploads\/2022\/12\/Nikolaus-zu-Besuch-1024x857.jpg\" alt=\"\" class=\"wp-image-14461\" width=\"509\" height=\"426\" srcset=\"https:\/\/armin-knab-gymnasium.de\/Home\/wp-content\/uploads\/2022\/12\/Nikolaus-zu-Besuch-1024x857.jpg 1024w, https:\/\/armin-knab-gymnasium.de\/Home\/wp-content\/uploads\/2022\/12\/Nikolaus-zu-Besuch-300x251.jpg 300w, https:\/\/armin-knab-gymnasium.de\/Home\/wp-content\/uploads\/2022\/12\/Nikolaus-zu-Besuch-768x643.jpg 768w, https:\/\/armin-knab-gymnasium.de\/Home\/wp-content\/uploads\/2022\/12\/Nikolaus-zu-Besuch-1536x1285.jpg 1536w, https:\/\/armin-knab-gymnasium.de\/Home\/wp-content\/uploads\/2022\/12\/Nikolaus-zu-Besuch-2048x1713.jpg 2048w, https:\/\/armin-knab-gymnasium.de\/Home\/wp-content\/uploads\/2022\/12\/Nikolaus-zu-Besuch-624x522.jpg 624w\" sizes=\"auto, (max-width: 509px) 100vw, 509px\" \/><\/a><\/figure>\n<\/div>","protected":false},"excerpt":{"rendered":"<p>Wart Ihr denn auch alle sch\u00f6n artig? Nat\u00fcrlich sind unsere 5. Klassen ganz besonders zauberhafte Wesen, und so konnten der zu Besuch eilende Nikolaus und seine Helferlein vor allem viel&#8230; <a href=\"https:\/\/armin-knab-gymnasium.de\/Home\/2022\/12\/12\/der-nikolaus-zu-besuch-in-den-5-klassen\/\">weiterlesen &raquo;<\/a><\/p>\n","protected":false},"author":1023,"featured_media":14459,"comment_status":"closed","ping_status":"closed","sticky":false,"template":"","format":"standard","meta":{"ghostkit_customizer_options":"","ghostkit_custom_css":"","ghostkit_custom_js_head":"","ghostkit_custom_js_foot":"","ghostkit_typography":"","footnotes":""},"categories":[1],"tags":[],"coauthors":[72],"class_list":["post-14458","post","type-post","status-publish","format-standard","has-post-thumbnail","hentry","category-allgemein"],"yoast_head":"<!-- This site is optimized with the Yoast SEO plugin v27.5 - https:\/\/yoast.com\/product\/yoast-seo-wordpress\/ -->\n<title>Der Nikolaus zu Besuch in den 5. Klassen - Armin-Knab-Gymnasium Kitzingen<\/title>\n<meta name=\"robots\" content=\"index, follow, max-snippet:-1, max-image-preview:large, max-video-preview:-1\" \/>\n<link rel=\"canonical\" href=\"https:\/\/armin-knab-gymnasium.de\/Home\/2022\/12\/12\/der-nikolaus-zu-besuch-in-den-5-klassen\/\" \/>\n<meta property=\"og:locale\" content=\"de_DE\" \/>\n<meta property=\"og:type\" content=\"article\" \/>\n<meta property=\"og:title\" content=\"Der Nikolaus zu Besuch in den 5. Klassen - Armin-Knab-Gymnasium Kitzingen\" \/>\n<meta property=\"og:description\" content=\"Wart Ihr denn auch alle sch\u00f6n artig? Nat\u00fcrlich sind unsere 5. Klassen ganz besonders zauberhafte Wesen, und so konnten der zu Besuch eilende Nikolaus und seine Helferlein vor allem viel... weiterlesen &raquo;\" \/>\n<meta property=\"og:url\" content=\"https:\/\/armin-knab-gymnasium.de\/Home\/2022\/12\/12\/der-nikolaus-zu-besuch-in-den-5-klassen\/\" \/>\n<meta property=\"og:site_name\" content=\"Armin-Knab-Gymnasium Kitzingen\" \/>\n<meta property=\"article:published_time\" content=\"2022-12-12T07:13:54+00:00\" \/>\n<meta property=\"article:modified_time\" content=\"2022-12-12T07:13:56+00:00\" \/>\n<meta property=\"og:image\" content=\"https:\/\/armin-knab-gymnasium.de\/Home\/wp-content\/uploads\/2022\/12\/Alles-im-Griff-scaled.jpg\" \/>\n\t<meta property=\"og:image:width\" content=\"2560\" \/>\n\t<meta property=\"og:image:height\" content=\"2085\" \/>\n\t<meta property=\"og:image:type\" content=\"image\/jpeg\" \/>\n<meta name=\"author\" content=\"Michaela Lindner-Berndt\" \/>\n<meta name=\"twitter:card\" content=\"summary_large_image\" \/>\n<meta name=\"twitter:label1\" content=\"Verfasst von\" \/>\n\t<meta name=\"twitter:data1\" content=\"Michaela Lindner-Berndt\" \/>\n\t<meta name=\"twitter:label2\" content=\"Gesch\u00e4tzte Lesezeit\" \/>\n\t<meta name=\"twitter:data2\" content=\"1\u00a0Minute\" \/>\n\t<meta name=\"twitter:label3\" content=\"Written by\" \/>\n\t<meta name=\"twitter:data3\" content=\"Michaela Lindner-Berndt\" \/>\n<script type=\"application\/ld+json\" class=\"yoast-schema-graph\">{\"@context\":\"https:\\\/\\\/schema.org\",\"@graph\":[{\"@type\":\"Article\",\"@id\":\"https:\\\/\\\/armin-knab-gymnasium.de\\\/Home\\\/2022\\\/12\\\/12\\\/der-nikolaus-zu-besuch-in-den-5-klassen\\\/#article\",\"isPartOf\":{\"@id\":\"https:\\\/\\\/armin-knab-gymnasium.de\\\/Home\\\/2022\\\/12\\\/12\\\/der-nikolaus-zu-besuch-in-den-5-klassen\\\/\"},\"author\":{\"name\":\"Michaela Lindner-Berndt\",\"@id\":\"https:\\\/\\\/armin-knab-gymnasium.de\\\/Home\\\/#\\\/schema\\\/person\\\/f8d90b09206ff232302832be0250a4f2\"},\"headline\":\"Der Nikolaus zu Besuch in den 5. Klassen\",\"datePublished\":\"2022-12-12T07:13:54+00:00\",\"dateModified\":\"2022-12-12T07:13:56+00:00\",\"mainEntityOfPage\":{\"@id\":\"https:\\\/\\\/armin-knab-gymnasium.de\\\/Home\\\/2022\\\/12\\\/12\\\/der-nikolaus-zu-besuch-in-den-5-klassen\\\/\"},\"wordCount\":113,\"publisher\":{\"@id\":\"https:\\\/\\\/armin-knab-gymnasium.de\\\/Home\\\/#organization\"},\"image\":{\"@id\":\"https:\\\/\\\/armin-knab-gymnasium.de\\\/Home\\\/2022\\\/12\\\/12\\\/der-nikolaus-zu-besuch-in-den-5-klassen\\\/#primaryimage\"},\"thumbnailUrl\":\"https:\\\/\\\/armin-knab-gymnasium.de\\\/Home\\\/wp-content\\\/uploads\\\/2022\\\/12\\\/Alles-im-Griff-scaled.jpg\",\"inLanguage\":\"de\"},{\"@type\":\"WebPage\",\"@id\":\"https:\\\/\\\/armin-knab-gymnasium.de\\\/Home\\\/2022\\\/12\\\/12\\\/der-nikolaus-zu-besuch-in-den-5-klassen\\\/\",\"url\":\"https:\\\/\\\/armin-knab-gymnasium.de\\\/Home\\\/2022\\\/12\\\/12\\\/der-nikolaus-zu-besuch-in-den-5-klassen\\\/\",\"name\":\"Der Nikolaus zu Besuch in den 5. Klassen - Armin-Knab-Gymnasium Kitzingen\",\"isPartOf\":{\"@id\":\"https:\\\/\\\/armin-knab-gymnasium.de\\\/Home\\\/#website\"},\"primaryImageOfPage\":{\"@id\":\"https:\\\/\\\/armin-knab-gymnasium.de\\\/Home\\\/2022\\\/12\\\/12\\\/der-nikolaus-zu-besuch-in-den-5-klassen\\\/#primaryimage\"},\"image\":{\"@id\":\"https:\\\/\\\/armin-knab-gymnasium.de\\\/Home\\\/2022\\\/12\\\/12\\\/der-nikolaus-zu-besuch-in-den-5-klassen\\\/#primaryimage\"},\"thumbnailUrl\":\"https:\\\/\\\/armin-knab-gymnasium.de\\\/Home\\\/wp-content\\\/uploads\\\/2022\\\/12\\\/Alles-im-Griff-scaled.jpg\",\"datePublished\":\"2022-12-12T07:13:54+00:00\",\"dateModified\":\"2022-12-12T07:13:56+00:00\",\"breadcrumb\":{\"@id\":\"https:\\\/\\\/armin-knab-gymnasium.de\\\/Home\\\/2022\\\/12\\\/12\\\/der-nikolaus-zu-besuch-in-den-5-klassen\\\/#breadcrumb\"},\"inLanguage\":\"de\",\"potentialAction\":[{\"@type\":\"ReadAction\",\"target\":[\"https:\\\/\\\/armin-knab-gymnasium.de\\\/Home\\\/2022\\\/12\\\/12\\\/der-nikolaus-zu-besuch-in-den-5-klassen\\\/\"]}]},{\"@type\":\"ImageObject\",\"inLanguage\":\"de\",\"@id\":\"https:\\\/\\\/armin-knab-gymnasium.de\\\/Home\\\/2022\\\/12\\\/12\\\/der-nikolaus-zu-besuch-in-den-5-klassen\\\/#primaryimage\",\"url\":\"https:\\\/\\\/armin-knab-gymnasium.de\\\/Home\\\/wp-content\\\/uploads\\\/2022\\\/12\\\/Alles-im-Griff-scaled.jpg\",\"contentUrl\":\"https:\\\/\\\/armin-knab-gymnasium.de\\\/Home\\\/wp-content\\\/uploads\\\/2022\\\/12\\\/Alles-im-Griff-scaled.jpg\",\"width\":2560,\"height\":2085},{\"@type\":\"BreadcrumbList\",\"@id\":\"https:\\\/\\\/armin-knab-gymnasium.de\\\/Home\\\/2022\\\/12\\\/12\\\/der-nikolaus-zu-besuch-in-den-5-klassen\\\/#breadcrumb\",\"itemListElement\":[{\"@type\":\"ListItem\",\"position\":1,\"name\":\"Startseite\",\"item\":\"https:\\\/\\\/armin-knab-gymnasium.de\\\/Home\\\/\"},{\"@type\":\"ListItem\",\"position\":2,\"name\":\"Der Nikolaus zu Besuch in den 5. Klassen\"}]},{\"@type\":\"WebSite\",\"@id\":\"https:\\\/\\\/armin-knab-gymnasium.de\\\/Home\\\/#website\",\"url\":\"https:\\\/\\\/armin-knab-gymnasium.de\\\/Home\\\/\",\"name\":\"Armin-Knab-Gymnasium Kitzingen\",\"description\":\"Naturwissenschaftlich-technologisches und sprachliches Gymnasium\",\"publisher\":{\"@id\":\"https:\\\/\\\/armin-knab-gymnasium.de\\\/Home\\\/#organization\"},\"potentialAction\":[{\"@type\":\"SearchAction\",\"target\":{\"@type\":\"EntryPoint\",\"urlTemplate\":\"https:\\\/\\\/armin-knab-gymnasium.de\\\/Home\\\/?s={search_term_string}\"},\"query-input\":{\"@type\":\"PropertyValueSpecification\",\"valueRequired\":true,\"valueName\":\"search_term_string\"}}],\"inLanguage\":\"de\"},{\"@type\":\"Organization\",\"@id\":\"https:\\\/\\\/armin-knab-gymnasium.de\\\/Home\\\/#organization\",\"name\":\"Armin-Knab-Gymnasium Kitzingen\",\"url\":\"https:\\\/\\\/armin-knab-gymnasium.de\\\/Home\\\/\",\"logo\":{\"@type\":\"ImageObject\",\"inLanguage\":\"de\",\"@id\":\"https:\\\/\\\/armin-knab-gymnasium.de\\\/Home\\\/#\\\/schema\\\/logo\\\/image\\\/\",\"url\":\"https:\\\/\\\/armin-knab-gymnasium.de\\\/Home\\\/wp-content\\\/uploads\\\/2016\\\/11\\\/LogoIcon.png\",\"contentUrl\":\"https:\\\/\\\/armin-knab-gymnasium.de\\\/Home\\\/wp-content\\\/uploads\\\/2016\\\/11\\\/LogoIcon.png\",\"width\":512,\"height\":512,\"caption\":\"Armin-Knab-Gymnasium Kitzingen\"},\"image\":{\"@id\":\"https:\\\/\\\/armin-knab-gymnasium.de\\\/Home\\\/#\\\/schema\\\/logo\\\/image\\\/\"}},{\"@type\":\"Person\",\"@id\":\"https:\\\/\\\/armin-knab-gymnasium.de\\\/Home\\\/#\\\/schema\\\/person\\\/f8d90b09206ff232302832be0250a4f2\",\"name\":\"Michaela Lindner-Berndt\",\"image\":{\"@type\":\"ImageObject\",\"inLanguage\":\"de\",\"@id\":\"https:\\\/\\\/secure.gravatar.com\\\/avatar\\\/3c3c145dff04be085f68f26504daad2b946875946309d6714cf3791582c585b7?s=96&d=mm&r=g0afdabfb09856cde3b8ea2d1566070ee\",\"url\":\"https:\\\/\\\/secure.gravatar.com\\\/avatar\\\/3c3c145dff04be085f68f26504daad2b946875946309d6714cf3791582c585b7?s=96&d=mm&r=g\",\"contentUrl\":\"https:\\\/\\\/secure.gravatar.com\\\/avatar\\\/3c3c145dff04be085f68f26504daad2b946875946309d6714cf3791582c585b7?s=96&d=mm&r=g\",\"caption\":\"Michaela Lindner-Berndt\"},\"sameAs\":[\"https:\\\/\\\/armin-knab-gymnasium.de\\\/Home\"],\"url\":\"https:\\\/\\\/armin-knab-gymnasium.de\\\/Home\\\/author\\\/lin\\\/\"}]}<\/script>\n<!-- \/ Yoast SEO plugin. -->","yoast_head_json":{"title":"Der Nikolaus zu Besuch in den 5. Klassen - Armin-Knab-Gymnasium Kitzingen","robots":{"index":"index","follow":"follow","max-snippet":"max-snippet:-1","max-image-preview":"max-image-preview:large","max-video-preview":"max-video-preview:-1"},"canonical":"https:\/\/armin-knab-gymnasium.de\/Home\/2022\/12\/12\/der-nikolaus-zu-besuch-in-den-5-klassen\/","og_locale":"de_DE","og_type":"article","og_title":"Der Nikolaus zu Besuch in den 5. Klassen - Armin-Knab-Gymnasium Kitzingen","og_description":"Wart Ihr denn auch alle sch\u00f6n artig? Nat\u00fcrlich sind unsere 5. Klassen ganz besonders zauberhafte Wesen, und so konnten der zu Besuch eilende Nikolaus und seine Helferlein vor allem viel... weiterlesen &raquo;","og_url":"https:\/\/armin-knab-gymnasium.de\/Home\/2022\/12\/12\/der-nikolaus-zu-besuch-in-den-5-klassen\/","og_site_name":"Armin-Knab-Gymnasium Kitzingen","article_published_time":"2022-12-12T07:13:54+00:00","article_modified_time":"2022-12-12T07:13:56+00:00","og_image":[{"width":2560,"height":2085,"url":"https:\/\/armin-knab-gymnasium.de\/Home\/wp-content\/uploads\/2022\/12\/Alles-im-Griff-scaled.jpg","type":"image\/jpeg"}],"author":"Michaela Lindner-Berndt","twitter_card":"summary_large_image","twitter_misc":{"Verfasst von":"Michaela Lindner-Berndt","Gesch\u00e4tzte Lesezeit":"1\u00a0Minute","Written by":"Michaela Lindner-Berndt"},"schema":{"@context":"https:\/\/schema.org","@graph":[{"@type":"Article","@id":"https:\/\/armin-knab-gymnasium.de\/Home\/2022\/12\/12\/der-nikolaus-zu-besuch-in-den-5-klassen\/#article","isPartOf":{"@id":"https:\/\/armin-knab-gymnasium.de\/Home\/2022\/12\/12\/der-nikolaus-zu-besuch-in-den-5-klassen\/"},"author":{"name":"Michaela Lindner-Berndt","@id":"https:\/\/armin-knab-gymnasium.de\/Home\/#\/schema\/person\/f8d90b09206ff232302832be0250a4f2"},"headline":"Der Nikolaus zu Besuch in den 5. Klassen","datePublished":"2022-12-12T07:13:54+00:00","dateModified":"2022-12-12T07:13:56+00:00","mainEntityOfPage":{"@id":"https:\/\/armin-knab-gymnasium.de\/Home\/2022\/12\/12\/der-nikolaus-zu-besuch-in-den-5-klassen\/"},"wordCount":113,"publisher":{"@id":"https:\/\/armin-knab-gymnasium.de\/Home\/#organization"},"image":{"@id":"https:\/\/armin-knab-gymnasium.de\/Home\/2022\/12\/12\/der-nikolaus-zu-besuch-in-den-5-klassen\/#primaryimage"},"thumbnailUrl":"https:\/\/armin-knab-gymnasium.de\/Home\/wp-content\/uploads\/2022\/12\/Alles-im-Griff-scaled.jpg","inLanguage":"de"},{"@type":"WebPage","@id":"https:\/\/armin-knab-gymnasium.de\/Home\/2022\/12\/12\/der-nikolaus-zu-besuch-in-den-5-klassen\/","url":"https:\/\/armin-knab-gymnasium.de\/Home\/2022\/12\/12\/der-nikolaus-zu-besuch-in-den-5-klassen\/","name":"Der Nikolaus zu Besuch in den 5. Klassen - Armin-Knab-Gymnasium Kitzingen","isPartOf":{"@id":"https:\/\/armin-knab-gymnasium.de\/Home\/#website"},"primaryImageOfPage":{"@id":"https:\/\/armin-knab-gymnasium.de\/Home\/2022\/12\/12\/der-nikolaus-zu-besuch-in-den-5-klassen\/#primaryimage"},"image":{"@id":"https:\/\/armin-knab-gymnasium.de\/Home\/2022\/12\/12\/der-nikolaus-zu-besuch-in-den-5-klassen\/#primaryimage"},"thumbnailUrl":"https:\/\/armin-knab-gymnasium.de\/Home\/wp-content\/uploads\/2022\/12\/Alles-im-Griff-scaled.jpg","datePublished":"2022-12-12T07:13:54+00:00","dateModified":"2022-12-12T07:13:56+00:00","breadcrumb":{"@id":"https:\/\/armin-knab-gymnasium.de\/Home\/2022\/12\/12\/der-nikolaus-zu-besuch-in-den-5-klassen\/#breadcrumb"},"inLanguage":"de","potentialAction":[{"@type":"ReadAction","target":["https:\/\/armin-knab-gymnasium.de\/Home\/2022\/12\/12\/der-nikolaus-zu-besuch-in-den-5-klassen\/"]}]},{"@type":"ImageObject","inLanguage":"de","@id":"https:\/\/armin-knab-gymnasium.de\/Home\/2022\/12\/12\/der-nikolaus-zu-besuch-in-den-5-klassen\/#primaryimage","url":"https:\/\/armin-knab-gymnasium.de\/Home\/wp-content\/uploads\/2022\/12\/Alles-im-Griff-scaled.jpg","contentUrl":"https:\/\/armin-knab-gymnasium.de\/Home\/wp-content\/uploads\/2022\/12\/Alles-im-Griff-scaled.jpg","width":2560,"height":2085},{"@type":"BreadcrumbList","@id":"https:\/\/armin-knab-gymnasium.de\/Home\/2022\/12\/12\/der-nikolaus-zu-besuch-in-den-5-klassen\/#breadcrumb","itemListElement":[{"@type":"ListItem","position":1,"name":"Startseite","item":"https:\/\/armin-knab-gymnasium.de\/Home\/"},{"@type":"ListItem","position":2,"name":"Der Nikolaus zu Besuch in den 5. Klassen"}]},{"@type":"WebSite","@id":"https:\/\/armin-knab-gymnasium.de\/Home\/#website","url":"https:\/\/armin-knab-gymnasium.de\/Home\/","name":"Armin-Knab-Gymnasium Kitzingen","description":"Naturwissenschaftlich-technologisches und sprachliches Gymnasium","publisher":{"@id":"https:\/\/armin-knab-gymnasium.de\/Home\/#organization"},"potentialAction":[{"@type":"SearchAction","target":{"@type":"EntryPoint","urlTemplate":"https:\/\/armin-knab-gymnasium.de\/Home\/?s={search_term_string}"},"query-input":{"@type":"PropertyValueSpecification","valueRequired":true,"valueName":"search_term_string"}}],"inLanguage":"de"},{"@type":"Organization","@id":"https:\/\/armin-knab-gymnasium.de\/Home\/#organization","name":"Armin-Knab-Gymnasium Kitzingen","url":"https:\/\/armin-knab-gymnasium.de\/Home\/","logo":{"@type":"ImageObject","inLanguage":"de","@id":"https:\/\/armin-knab-gymnasium.de\/Home\/#\/schema\/logo\/image\/","url":"https:\/\/armin-knab-gymnasium.de\/Home\/wp-content\/uploads\/2016\/11\/LogoIcon.png","contentUrl":"https:\/\/armin-knab-gymnasium.de\/Home\/wp-content\/uploads\/2016\/11\/LogoIcon.png","width":512,"height":512,"caption":"Armin-Knab-Gymnasium Kitzingen"},"image":{"@id":"https:\/\/armin-knab-gymnasium.de\/Home\/#\/schema\/logo\/image\/"}},{"@type":"Person","@id":"https:\/\/armin-knab-gymnasium.de\/Home\/#\/schema\/person\/f8d90b09206ff232302832be0250a4f2","name":"Michaela Lindner-Berndt","image":{"@type":"ImageObject","inLanguage":"de","@id":"https:\/\/secure.gravatar.com\/avatar\/3c3c145dff04be085f68f26504daad2b946875946309d6714cf3791582c585b7?s=96&d=mm&r=g0afdabfb09856cde3b8ea2d1566070ee","url":"https:\/\/secure.gravatar.com\/avatar\/3c3c145dff04be085f68f26504daad2b946875946309d6714cf3791582c585b7?s=96&d=mm&r=g","contentUrl":"https:\/\/secure.gravatar.com\/avatar\/3c3c145dff04be085f68f26504daad2b946875946309d6714cf3791582c585b7?s=96&d=mm&r=g","caption":"Michaela Lindner-Berndt"},"sameAs":["https:\/\/armin-knab-gymnasium.de\/Home"],"url":"https:\/\/armin-knab-gymnasium.de\/Home\/author\/lin\/"}]}},"publishpress_future_action":{"enabled":false,"date":"2026-05-09 05:36:12","action":"change-status","newStatus":"draft","terms":[],"taxonomy":"category","extraData":[]},"publishpress_future_workflow_manual_trigger":{"enabledWorkflows":[]},"_links":{"self":[{"href":"https:\/\/armin-knab-gymnasium.de\/Home\/wp-json\/wp\/v2\/posts\/14458","targetHints":{"allow":["GET"]}}],"collection":[{"href":"https:\/\/armin-knab-gymnasium.de\/Home\/wp-json\/wp\/v2\/posts"}],"about":[{"href":"https:\/\/armin-knab-gymnasium.de\/Home\/wp-json\/wp\/v2\/types\/post"}],"author":[{"embeddable":true,"href":"https:\/\/armin-knab-gymnasium.de\/Home\/wp-json\/wp\/v2\/users\/1023"}],"replies":[{"embeddable":true,"href":"https:\/\/armin-knab-gymnasium.de\/Home\/wp-json\/wp\/v2\/comments?post=14458"}],"version-history":[{"count":1,"href":"https:\/\/armin-knab-gymnasium.de\/Home\/wp-json\/wp\/v2\/posts\/14458\/revisions"}],"predecessor-version":[{"id":14462,"href":"https:\/\/armin-knab-gymnasium.de\/Home\/wp-json\/wp\/v2\/posts\/14458\/revisions\/14462"}],"wp:featuredmedia":[{"embeddable":true,"href":"https:\/\/armin-knab-gymnasium.de\/Home\/wp-json\/wp\/v2\/media\/14459"}],"wp:attachment":[{"href":"https:\/\/armin-knab-gymnasium.de\/Home\/wp-json\/wp\/v2\/media?parent=14458"}],"wp:term":[{"taxonomy":"category","embeddable":true,"href":"https:\/\/armin-knab-gymnasium.de\/Home\/wp-json\/wp\/v2\/categories?post=14458"},{"taxonomy":"post_tag","embeddable":true,"href":"https:\/\/armin-knab-gymnasium.de\/Home\/wp-json\/wp\/v2\/tags?post=14458"},{"taxonomy":"author","embeddable":true,"href":"https:\/\/armin-knab-gymnasium.de\/Home\/wp-json\/wp\/v2\/coauthors?post=14458"}],"curies":[{"name":"wp","href":"https:\/\/api.w.org\/{rel}","templated":true}]}}