{"id":1485,"date":"2017-10-07T18:45:11","date_gmt":"2017-10-07T16:45:11","guid":{"rendered":"http:\/\/armin-knab-gymnasium.de\/Home\/?p=1485"},"modified":"2017-10-07T19:29:28","modified_gmt":"2017-10-07T17:29:28","slug":"bundeswettbewerb-mathematik","status":"publish","type":"post","link":"https:\/\/armin-knab-gymnasium.de\/Home\/2017\/10\/07\/bundeswettbewerb-mathematik\/","title":{"rendered":"Bundeswettbewerb Mathematik"},"content":{"rendered":"<h1><a href=\"https:\/\/armin-knab-gymnasium.de\/Home\/wp-content\/uploads\/2017\/10\/bwm_logo.png\"><img loading=\"lazy\" decoding=\"async\" class=\"size-thumbnail wp-image-1492 alignright\" src=\"https:\/\/armin-knab-gymnasium.de\/Home\/wp-content\/uploads\/2017\/10\/bwm_logo-150x150.png\" alt=\"\" width=\"150\" height=\"150\" srcset=\"https:\/\/armin-knab-gymnasium.de\/Home\/wp-content\/uploads\/2017\/10\/bwm_logo-150x150.png 150w, https:\/\/armin-knab-gymnasium.de\/Home\/wp-content\/uploads\/2017\/10\/bwm_logo-180x180.png 180w, https:\/\/armin-knab-gymnasium.de\/Home\/wp-content\/uploads\/2017\/10\/bwm_logo-60x60.png 60w, https:\/\/armin-knab-gymnasium.de\/Home\/wp-content\/uploads\/2017\/10\/bwm_logo-32x32.png 32w, https:\/\/armin-knab-gymnasium.de\/Home\/wp-content\/uploads\/2017\/10\/bwm_logo-50x50.png 50w, https:\/\/armin-knab-gymnasium.de\/Home\/wp-content\/uploads\/2017\/10\/bwm_logo-64x64.png 64w, https:\/\/armin-knab-gymnasium.de\/Home\/wp-content\/uploads\/2017\/10\/bwm_logo-96x96.png 96w, https:\/\/armin-knab-gymnasium.de\/Home\/wp-content\/uploads\/2017\/10\/bwm_logo-128x128.png 128w, https:\/\/armin-knab-gymnasium.de\/Home\/wp-content\/uploads\/2017\/10\/bwm_logo.png 220w\" sizes=\"auto, (max-width: 150px) 100vw, 150px\" \/><\/a>Bundeswettbewerb Mathematik<\/h1>\n<p>Seit 1970 wird der <a href=\"https:\/\/www.mathe-wettbewerbe.de\/bwm\">Bundeswettbewerb Mathematik<\/a> j\u00e4hrlich an allen deutschen Gymnasien ausgeschrieben. Heute steht der Wettbewerb Sch\u00fclern aller Klassenstufen offen, auch wenn er sich in seinen Anforderungen nach wie vor an den Klassen 11 bis 12 orientiert.<\/p>\n<p>Er besteht aus zwei Hausaufgabenrunden und einer abschlie\u00dfenden dritten Runde, die aus einem mathematischen Fachgespr\u00e4ch besteht. Mit interessanten und anspruchsvollen Aufgaben m\u00f6chte er die Sch\u00fcler anregen, sich eine Zeit lang intensiv mit Mathematik zu besch\u00e4ftigen. Neben dem mathematischen Schulwissen muss man zur Teilnahme vor allem auch etwas Ausdauer mitbringen. Schlie\u00dflich dient der Wettbewerb als Instrument zur Findung und F\u00f6rderung mathematisch besonders bef\u00e4higter Sch\u00fclerinnen und Sch\u00fcler.<\/p>\n<p><a href=\"https:\/\/www.mathe-wettbewerbe.de\/bwm\/aufgaben\">Aktuelle Aufgaben<\/a><\/p>\n<hr \/>\n\n\n<div class=\"su-posts su-posts-default-loop \">\n\n\t\n\t\t\t\t\t\n\t\t\t\n\t\t\t<div id=\"su-post-1481\" class=\"su-post \">\n\n\t\t\t\t\n\t\t\t\t<h2 class=\"su-post-title\"><a href=\"https:\/\/armin-knab-gymnasium.de\/Home\/2015\/07\/31\/bwm_2014_2015\/\">Preise beim Bundeswettbewerb Mathematik<\/a><\/h2>\n\n\t\t\t\t<div class=\"su-post-meta\">\n\t\t\t\t\tVer\u00f6ffentlicht: 31. Juli 2015\t\t\t\t<\/div>\n\n\t\t\t\t<div class=\"su-post-excerpt\">\n\t\t\t\t\t<p>Bundeswettbewerb Mathematik 2014\/2015 Fabius Kr\u00e4mer (9F), der in den vergangenen Jahren auch schon erfolgreich bei MOKI teilgenommen hat, versuchte sich diesmal gleich an zwei verschiedenen \u00fcberregionalen Mathematik-Wettbewerben. So wagte er&#8230; <a href=\"https:\/\/armin-knab-gymnasium.de\/Home\/2015\/07\/31\/bwm_2014_2015\/\">weiterlesen &raquo;<\/a><\/p>\n\t\t\t\t<\/div>\n\n\t\t\t\t\n\t\t\t<\/div>\n\n\t\t\n\t\n<\/div>\n\n","protected":false},"excerpt":{"rendered":"<p>Bundeswettbewerb Mathematik Seit 1970 wird der Bundeswettbewerb Mathematik j\u00e4hrlich an allen deutschen Gymnasien ausgeschrieben. Heute steht der Wettbewerb Sch\u00fclern aller Klassenstufen offen, auch wenn er sich in seinen Anforderungen nach&#8230; <a href=\"https:\/\/armin-knab-gymnasium.de\/Home\/2015\/07\/31\/bwm_2014_2015\/\">weiterlesen &raquo;<\/a><\/p>\n","protected":false},"author":5,"featured_media":1492,"comment_status":"closed","ping_status":"closed","sticky":false,"template":"","format":"standard","meta":{"ghostkit_customizer_options":"","ghostkit_custom_css":"","ghostkit_custom_js_head":"","ghostkit_custom_js_foot":"","ghostkit_typography":"","footnotes":""},"categories":[19],"tags":[97,21,94],"coauthors":[],"class_list":["post-1485","post","type-post","status-publish","format-standard","has-post-thumbnail","hentry","category-mathematik","tag-bundeswettbewerb","tag-mathematik","tag-wettbewerb"],"yoast_head":"<!-- This site is optimized with the Yoast SEO plugin v27.5 - https:\/\/yoast.com\/product\/yoast-seo-wordpress\/ -->\n<title>Bundeswettbewerb Mathematik - Armin-Knab-Gymnasium Kitzingen<\/title>\n<meta name=\"robots\" content=\"index, follow, max-snippet:-1, max-image-preview:large, max-video-preview:-1\" \/>\n<link rel=\"canonical\" href=\"https:\/\/armin-knab-gymnasium.de\/Home\/2017\/10\/07\/bundeswettbewerb-mathematik\/\" \/>\n<meta property=\"og:locale\" content=\"de_DE\" \/>\n<meta property=\"og:type\" content=\"article\" \/>\n<meta property=\"og:title\" content=\"Bundeswettbewerb Mathematik - Armin-Knab-Gymnasium Kitzingen\" \/>\n<meta property=\"og:description\" content=\"Bundeswettbewerb Mathematik Seit 1970 wird der Bundeswettbewerb Mathematik j\u00e4hrlich an allen deutschen Gymnasien ausgeschrieben. Heute steht der Wettbewerb Sch\u00fclern aller Klassenstufen offen, auch wenn er sich in seinen Anforderungen nach... weiterlesen &raquo;\" \/>\n<meta property=\"og:url\" content=\"https:\/\/armin-knab-gymnasium.de\/Home\/2017\/10\/07\/bundeswettbewerb-mathematik\/\" \/>\n<meta property=\"og:site_name\" content=\"Armin-Knab-Gymnasium Kitzingen\" \/>\n<meta property=\"article:published_time\" content=\"2017-10-07T16:45:11+00:00\" \/>\n<meta property=\"article:modified_time\" content=\"2017-10-07T17:29:28+00:00\" \/>\n<meta property=\"og:image\" content=\"https:\/\/armin-knab-gymnasium.de\/Home\/wp-content\/uploads\/2017\/10\/bwm_logo.png\" \/>\n\t<meta property=\"og:image:width\" content=\"220\" \/>\n\t<meta property=\"og:image:height\" content=\"220\" \/>\n\t<meta property=\"og:image:type\" content=\"image\/png\" \/>\n<meta name=\"author\" content=\"Tilo Hemmert\" \/>\n<meta name=\"twitter:card\" content=\"summary_large_image\" \/>\n<meta name=\"twitter:label1\" content=\"Verfasst von\" \/>\n\t<meta name=\"twitter:data1\" content=\"Tilo Hemmert\" \/>\n\t<meta name=\"twitter:label2\" content=\"Gesch\u00e4tzte Lesezeit\" \/>\n\t<meta name=\"twitter:data2\" content=\"1\u00a0Minute\" \/>\n\t<meta name=\"twitter:label3\" content=\"Written by\" \/>\n\t<meta name=\"twitter:data3\" content=\"Tilo Hemmert\" \/>\n<script type=\"application\/ld+json\" class=\"yoast-schema-graph\">{\"@context\":\"https:\\\/\\\/schema.org\",\"@graph\":[{\"@type\":\"Article\",\"@id\":\"https:\\\/\\\/armin-knab-gymnasium.de\\\/Home\\\/2017\\\/10\\\/07\\\/bundeswettbewerb-mathematik\\\/#article\",\"isPartOf\":{\"@id\":\"https:\\\/\\\/armin-knab-gymnasium.de\\\/Home\\\/2017\\\/10\\\/07\\\/bundeswettbewerb-mathematik\\\/\"},\"author\":{\"name\":\"Tilo Hemmert\",\"@id\":\"https:\\\/\\\/armin-knab-gymnasium.de\\\/Home\\\/#\\\/schema\\\/person\\\/0b30e8c3693e8171302d48a06dfa7dd1\"},\"headline\":\"Bundeswettbewerb Mathematik\",\"datePublished\":\"2017-10-07T16:45:11+00:00\",\"dateModified\":\"2017-10-07T17:29:28+00:00\",\"mainEntityOfPage\":{\"@id\":\"https:\\\/\\\/armin-knab-gymnasium.de\\\/Home\\\/2017\\\/10\\\/07\\\/bundeswettbewerb-mathematik\\\/\"},\"wordCount\":133,\"publisher\":{\"@id\":\"https:\\\/\\\/armin-knab-gymnasium.de\\\/Home\\\/#organization\"},\"image\":{\"@id\":\"https:\\\/\\\/armin-knab-gymnasium.de\\\/Home\\\/2017\\\/10\\\/07\\\/bundeswettbewerb-mathematik\\\/#primaryimage\"},\"thumbnailUrl\":\"https:\\\/\\\/armin-knab-gymnasium.de\\\/Home\\\/wp-content\\\/uploads\\\/2017\\\/10\\\/bwm_logo.png\",\"keywords\":[\"Bundeswettbewerb\",\"Mathematik\",\"Wettbewerb\"],\"articleSection\":[\"Mathematik\"],\"inLanguage\":\"de\"},{\"@type\":\"WebPage\",\"@id\":\"https:\\\/\\\/armin-knab-gymnasium.de\\\/Home\\\/2017\\\/10\\\/07\\\/bundeswettbewerb-mathematik\\\/\",\"url\":\"https:\\\/\\\/armin-knab-gymnasium.de\\\/Home\\\/2017\\\/10\\\/07\\\/bundeswettbewerb-mathematik\\\/\",\"name\":\"Bundeswettbewerb Mathematik - Armin-Knab-Gymnasium Kitzingen\",\"isPartOf\":{\"@id\":\"https:\\\/\\\/armin-knab-gymnasium.de\\\/Home\\\/#website\"},\"primaryImageOfPage\":{\"@id\":\"https:\\\/\\\/armin-knab-gymnasium.de\\\/Home\\\/2017\\\/10\\\/07\\\/bundeswettbewerb-mathematik\\\/#primaryimage\"},\"image\":{\"@id\":\"https:\\\/\\\/armin-knab-gymnasium.de\\\/Home\\\/2017\\\/10\\\/07\\\/bundeswettbewerb-mathematik\\\/#primaryimage\"},\"thumbnailUrl\":\"https:\\\/\\\/armin-knab-gymnasium.de\\\/Home\\\/wp-content\\\/uploads\\\/2017\\\/10\\\/bwm_logo.png\",\"datePublished\":\"2017-10-07T16:45:11+00:00\",\"dateModified\":\"2017-10-07T17:29:28+00:00\",\"breadcrumb\":{\"@id\":\"https:\\\/\\\/armin-knab-gymnasium.de\\\/Home\\\/2017\\\/10\\\/07\\\/bundeswettbewerb-mathematik\\\/#breadcrumb\"},\"inLanguage\":\"de\",\"potentialAction\":[{\"@type\":\"ReadAction\",\"target\":[\"https:\\\/\\\/armin-knab-gymnasium.de\\\/Home\\\/2017\\\/10\\\/07\\\/bundeswettbewerb-mathematik\\\/\"]}]},{\"@type\":\"ImageObject\",\"inLanguage\":\"de\",\"@id\":\"https:\\\/\\\/armin-knab-gymnasium.de\\\/Home\\\/2017\\\/10\\\/07\\\/bundeswettbewerb-mathematik\\\/#primaryimage\",\"url\":\"https:\\\/\\\/armin-knab-gymnasium.de\\\/Home\\\/wp-content\\\/uploads\\\/2017\\\/10\\\/bwm_logo.png\",\"contentUrl\":\"https:\\\/\\\/armin-knab-gymnasium.de\\\/Home\\\/wp-content\\\/uploads\\\/2017\\\/10\\\/bwm_logo.png\",\"width\":220,\"height\":220},{\"@type\":\"BreadcrumbList\",\"@id\":\"https:\\\/\\\/armin-knab-gymnasium.de\\\/Home\\\/2017\\\/10\\\/07\\\/bundeswettbewerb-mathematik\\\/#breadcrumb\",\"itemListElement\":[{\"@type\":\"ListItem\",\"position\":1,\"name\":\"Startseite\",\"item\":\"https:\\\/\\\/armin-knab-gymnasium.de\\\/Home\\\/\"},{\"@type\":\"ListItem\",\"position\":2,\"name\":\"Bundeswettbewerb Mathematik\"}]},{\"@type\":\"WebSite\",\"@id\":\"https:\\\/\\\/armin-knab-gymnasium.de\\\/Home\\\/#website\",\"url\":\"https:\\\/\\\/armin-knab-gymnasium.de\\\/Home\\\/\",\"name\":\"Armin-Knab-Gymnasium Kitzingen\",\"description\":\"Naturwissenschaftlich-technologisches und sprachliches Gymnasium\",\"publisher\":{\"@id\":\"https:\\\/\\\/armin-knab-gymnasium.de\\\/Home\\\/#organization\"},\"potentialAction\":[{\"@type\":\"SearchAction\",\"target\":{\"@type\":\"EntryPoint\",\"urlTemplate\":\"https:\\\/\\\/armin-knab-gymnasium.de\\\/Home\\\/?s={search_term_string}\"},\"query-input\":{\"@type\":\"PropertyValueSpecification\",\"valueRequired\":true,\"valueName\":\"search_term_string\"}}],\"inLanguage\":\"de\"},{\"@type\":\"Organization\",\"@id\":\"https:\\\/\\\/armin-knab-gymnasium.de\\\/Home\\\/#organization\",\"name\":\"Armin-Knab-Gymnasium Kitzingen\",\"url\":\"https:\\\/\\\/armin-knab-gymnasium.de\\\/Home\\\/\",\"logo\":{\"@type\":\"ImageObject\",\"inLanguage\":\"de\",\"@id\":\"https:\\\/\\\/armin-knab-gymnasium.de\\\/Home\\\/#\\\/schema\\\/logo\\\/image\\\/\",\"url\":\"https:\\\/\\\/armin-knab-gymnasium.de\\\/Home\\\/wp-content\\\/uploads\\\/2016\\\/11\\\/LogoIcon.png\",\"contentUrl\":\"https:\\\/\\\/armin-knab-gymnasium.de\\\/Home\\\/wp-content\\\/uploads\\\/2016\\\/11\\\/LogoIcon.png\",\"width\":512,\"height\":512,\"caption\":\"Armin-Knab-Gymnasium Kitzingen\"},\"image\":{\"@id\":\"https:\\\/\\\/armin-knab-gymnasium.de\\\/Home\\\/#\\\/schema\\\/logo\\\/image\\\/\"}},{\"@type\":\"Person\",\"@id\":\"https:\\\/\\\/armin-knab-gymnasium.de\\\/Home\\\/#\\\/schema\\\/person\\\/0b30e8c3693e8171302d48a06dfa7dd1\",\"name\":\"Tilo Hemmert\",\"image\":{\"@type\":\"ImageObject\",\"inLanguage\":\"de\",\"@id\":\"https:\\\/\\\/secure.gravatar.com\\\/avatar\\\/5beeba68869d6f188af2781e85e2f0e0debfc774721f4157ef4bb0efbc2ef06b?s=96&d=mm&r=g5d786a20b8d63884fc7eddeaf0766f27\",\"url\":\"https:\\\/\\\/secure.gravatar.com\\\/avatar\\\/5beeba68869d6f188af2781e85e2f0e0debfc774721f4157ef4bb0efbc2ef06b?s=96&d=mm&r=g\",\"contentUrl\":\"https:\\\/\\\/secure.gravatar.com\\\/avatar\\\/5beeba68869d6f188af2781e85e2f0e0debfc774721f4157ef4bb0efbc2ef06b?s=96&d=mm&r=g\",\"caption\":\"Tilo Hemmert\"},\"description\":\"Studiendirektor, Mathematik \\\/ Physik - 2. Fachschaftsleiter Mathematik - Mitglieder der erweiterten Schulleitung\",\"sameAs\":[\"https:\\\/\\\/armin-knab-gymnasium.de\\\/Home\"],\"url\":\"https:\\\/\\\/armin-knab-gymnasium.de\\\/Home\\\/author\\\/t-hemmert\\\/\"}]}<\/script>\n<!-- \/ Yoast SEO plugin. -->","yoast_head_json":{"title":"Bundeswettbewerb Mathematik - Armin-Knab-Gymnasium Kitzingen","robots":{"index":"index","follow":"follow","max-snippet":"max-snippet:-1","max-image-preview":"max-image-preview:large","max-video-preview":"max-video-preview:-1"},"canonical":"https:\/\/armin-knab-gymnasium.de\/Home\/2017\/10\/07\/bundeswettbewerb-mathematik\/","og_locale":"de_DE","og_type":"article","og_title":"Bundeswettbewerb Mathematik - Armin-Knab-Gymnasium Kitzingen","og_description":"Bundeswettbewerb Mathematik Seit 1970 wird der Bundeswettbewerb Mathematik j\u00e4hrlich an allen deutschen Gymnasien ausgeschrieben. Heute steht der Wettbewerb Sch\u00fclern aller Klassenstufen offen, auch wenn er sich in seinen Anforderungen nach... weiterlesen &raquo;","og_url":"https:\/\/armin-knab-gymnasium.de\/Home\/2017\/10\/07\/bundeswettbewerb-mathematik\/","og_site_name":"Armin-Knab-Gymnasium Kitzingen","article_published_time":"2017-10-07T16:45:11+00:00","article_modified_time":"2017-10-07T17:29:28+00:00","og_image":[{"width":220,"height":220,"url":"https:\/\/armin-knab-gymnasium.de\/Home\/wp-content\/uploads\/2017\/10\/bwm_logo.png","type":"image\/png"}],"author":"Tilo Hemmert","twitter_card":"summary_large_image","twitter_misc":{"Verfasst von":"Tilo Hemmert","Gesch\u00e4tzte Lesezeit":"1\u00a0Minute","Written by":"Tilo Hemmert"},"schema":{"@context":"https:\/\/schema.org","@graph":[{"@type":"Article","@id":"https:\/\/armin-knab-gymnasium.de\/Home\/2017\/10\/07\/bundeswettbewerb-mathematik\/#article","isPartOf":{"@id":"https:\/\/armin-knab-gymnasium.de\/Home\/2017\/10\/07\/bundeswettbewerb-mathematik\/"},"author":{"name":"Tilo Hemmert","@id":"https:\/\/armin-knab-gymnasium.de\/Home\/#\/schema\/person\/0b30e8c3693e8171302d48a06dfa7dd1"},"headline":"Bundeswettbewerb Mathematik","datePublished":"2017-10-07T16:45:11+00:00","dateModified":"2017-10-07T17:29:28+00:00","mainEntityOfPage":{"@id":"https:\/\/armin-knab-gymnasium.de\/Home\/2017\/10\/07\/bundeswettbewerb-mathematik\/"},"wordCount":133,"publisher":{"@id":"https:\/\/armin-knab-gymnasium.de\/Home\/#organization"},"image":{"@id":"https:\/\/armin-knab-gymnasium.de\/Home\/2017\/10\/07\/bundeswettbewerb-mathematik\/#primaryimage"},"thumbnailUrl":"https:\/\/armin-knab-gymnasium.de\/Home\/wp-content\/uploads\/2017\/10\/bwm_logo.png","keywords":["Bundeswettbewerb","Mathematik","Wettbewerb"],"articleSection":["Mathematik"],"inLanguage":"de"},{"@type":"WebPage","@id":"https:\/\/armin-knab-gymnasium.de\/Home\/2017\/10\/07\/bundeswettbewerb-mathematik\/","url":"https:\/\/armin-knab-gymnasium.de\/Home\/2017\/10\/07\/bundeswettbewerb-mathematik\/","name":"Bundeswettbewerb Mathematik - Armin-Knab-Gymnasium Kitzingen","isPartOf":{"@id":"https:\/\/armin-knab-gymnasium.de\/Home\/#website"},"primaryImageOfPage":{"@id":"https:\/\/armin-knab-gymnasium.de\/Home\/2017\/10\/07\/bundeswettbewerb-mathematik\/#primaryimage"},"image":{"@id":"https:\/\/armin-knab-gymnasium.de\/Home\/2017\/10\/07\/bundeswettbewerb-mathematik\/#primaryimage"},"thumbnailUrl":"https:\/\/armin-knab-gymnasium.de\/Home\/wp-content\/uploads\/2017\/10\/bwm_logo.png","datePublished":"2017-10-07T16:45:11+00:00","dateModified":"2017-10-07T17:29:28+00:00","breadcrumb":{"@id":"https:\/\/armin-knab-gymnasium.de\/Home\/2017\/10\/07\/bundeswettbewerb-mathematik\/#breadcrumb"},"inLanguage":"de","potentialAction":[{"@type":"ReadAction","target":["https:\/\/armin-knab-gymnasium.de\/Home\/2017\/10\/07\/bundeswettbewerb-mathematik\/"]}]},{"@type":"ImageObject","inLanguage":"de","@id":"https:\/\/armin-knab-gymnasium.de\/Home\/2017\/10\/07\/bundeswettbewerb-mathematik\/#primaryimage","url":"https:\/\/armin-knab-gymnasium.de\/Home\/wp-content\/uploads\/2017\/10\/bwm_logo.png","contentUrl":"https:\/\/armin-knab-gymnasium.de\/Home\/wp-content\/uploads\/2017\/10\/bwm_logo.png","width":220,"height":220},{"@type":"BreadcrumbList","@id":"https:\/\/armin-knab-gymnasium.de\/Home\/2017\/10\/07\/bundeswettbewerb-mathematik\/#breadcrumb","itemListElement":[{"@type":"ListItem","position":1,"name":"Startseite","item":"https:\/\/armin-knab-gymnasium.de\/Home\/"},{"@type":"ListItem","position":2,"name":"Bundeswettbewerb Mathematik"}]},{"@type":"WebSite","@id":"https:\/\/armin-knab-gymnasium.de\/Home\/#website","url":"https:\/\/armin-knab-gymnasium.de\/Home\/","name":"Armin-Knab-Gymnasium Kitzingen","description":"Naturwissenschaftlich-technologisches und sprachliches Gymnasium","publisher":{"@id":"https:\/\/armin-knab-gymnasium.de\/Home\/#organization"},"potentialAction":[{"@type":"SearchAction","target":{"@type":"EntryPoint","urlTemplate":"https:\/\/armin-knab-gymnasium.de\/Home\/?s={search_term_string}"},"query-input":{"@type":"PropertyValueSpecification","valueRequired":true,"valueName":"search_term_string"}}],"inLanguage":"de"},{"@type":"Organization","@id":"https:\/\/armin-knab-gymnasium.de\/Home\/#organization","name":"Armin-Knab-Gymnasium Kitzingen","url":"https:\/\/armin-knab-gymnasium.de\/Home\/","logo":{"@type":"ImageObject","inLanguage":"de","@id":"https:\/\/armin-knab-gymnasium.de\/Home\/#\/schema\/logo\/image\/","url":"https:\/\/armin-knab-gymnasium.de\/Home\/wp-content\/uploads\/2016\/11\/LogoIcon.png","contentUrl":"https:\/\/armin-knab-gymnasium.de\/Home\/wp-content\/uploads\/2016\/11\/LogoIcon.png","width":512,"height":512,"caption":"Armin-Knab-Gymnasium Kitzingen"},"image":{"@id":"https:\/\/armin-knab-gymnasium.de\/Home\/#\/schema\/logo\/image\/"}},{"@type":"Person","@id":"https:\/\/armin-knab-gymnasium.de\/Home\/#\/schema\/person\/0b30e8c3693e8171302d48a06dfa7dd1","name":"Tilo Hemmert","image":{"@type":"ImageObject","inLanguage":"de","@id":"https:\/\/secure.gravatar.com\/avatar\/5beeba68869d6f188af2781e85e2f0e0debfc774721f4157ef4bb0efbc2ef06b?s=96&d=mm&r=g5d786a20b8d63884fc7eddeaf0766f27","url":"https:\/\/secure.gravatar.com\/avatar\/5beeba68869d6f188af2781e85e2f0e0debfc774721f4157ef4bb0efbc2ef06b?s=96&d=mm&r=g","contentUrl":"https:\/\/secure.gravatar.com\/avatar\/5beeba68869d6f188af2781e85e2f0e0debfc774721f4157ef4bb0efbc2ef06b?s=96&d=mm&r=g","caption":"Tilo Hemmert"},"description":"Studiendirektor, Mathematik \/ Physik - 2. Fachschaftsleiter Mathematik - Mitglieder der erweiterten Schulleitung","sameAs":["https:\/\/armin-knab-gymnasium.de\/Home"],"url":"https:\/\/armin-knab-gymnasium.de\/Home\/author\/t-hemmert\/"}]}},"publishpress_future_action":{"enabled":false,"date":"2026-05-09 04:29:51","action":"change-status","newStatus":"draft","terms":[],"taxonomy":"category","extraData":[]},"publishpress_future_workflow_manual_trigger":{"enabledWorkflows":[]},"_links":{"self":[{"href":"https:\/\/armin-knab-gymnasium.de\/Home\/wp-json\/wp\/v2\/posts\/1485","targetHints":{"allow":["GET"]}}],"collection":[{"href":"https:\/\/armin-knab-gymnasium.de\/Home\/wp-json\/wp\/v2\/posts"}],"about":[{"href":"https:\/\/armin-knab-gymnasium.de\/Home\/wp-json\/wp\/v2\/types\/post"}],"author":[{"embeddable":true,"href":"https:\/\/armin-knab-gymnasium.de\/Home\/wp-json\/wp\/v2\/users\/5"}],"replies":[{"embeddable":true,"href":"https:\/\/armin-knab-gymnasium.de\/Home\/wp-json\/wp\/v2\/comments?post=1485"}],"version-history":[{"count":3,"href":"https:\/\/armin-knab-gymnasium.de\/Home\/wp-json\/wp\/v2\/posts\/1485\/revisions"}],"predecessor-version":[{"id":1498,"href":"https:\/\/armin-knab-gymnasium.de\/Home\/wp-json\/wp\/v2\/posts\/1485\/revisions\/1498"}],"wp:featuredmedia":[{"embeddable":true,"href":"https:\/\/armin-knab-gymnasium.de\/Home\/wp-json\/wp\/v2\/media\/1492"}],"wp:attachment":[{"href":"https:\/\/armin-knab-gymnasium.de\/Home\/wp-json\/wp\/v2\/media?parent=1485"}],"wp:term":[{"taxonomy":"category","embeddable":true,"href":"https:\/\/armin-knab-gymnasium.de\/Home\/wp-json\/wp\/v2\/categories?post=1485"},{"taxonomy":"post_tag","embeddable":true,"href":"https:\/\/armin-knab-gymnasium.de\/Home\/wp-json\/wp\/v2\/tags?post=1485"},{"taxonomy":"author","embeddable":true,"href":"https:\/\/armin-knab-gymnasium.de\/Home\/wp-json\/wp\/v2\/coauthors?post=1485"}],"curies":[{"name":"wp","href":"https:\/\/api.w.org\/{rel}","templated":true}]}}