{"id":15141,"date":"2023-07-10T15:24:11","date_gmt":"2023-07-10T13:24:11","guid":{"rendered":"https:\/\/armin-knab-gymnasium.de\/Home\/?p=15141"},"modified":"2023-07-10T16:13:33","modified_gmt":"2023-07-10T14:13:33","slug":"feierliche-abiturzeugnis-verleihung-am-30-06-2023-im-imax","status":"publish","type":"post","link":"https:\/\/armin-knab-gymnasium.de\/Home\/2023\/07\/10\/feierliche-abiturzeugnis-verleihung-am-30-06-2023-im-imax\/","title":{"rendered":"Feierliche Abiturzeugnis-Verleihung am 30.06.2023 im IMAX"},"content":{"rendered":"\n<p>Im ehemaligen Kinosaal, mit einer eigens f\u00fcr diese Veranstaltung gebauten B\u00fchne \u00fcber dem Orchestergraben, fand die diesj\u00e4hrige Zeugnisverleihung des Armin-Knab-Gymnasiums statt. Nach einer Besinnung mit szenischer Umsetzung folgten der Reden unserer Schulleiterin, Frau Monika Rahner, der Landr\u00e4tin Frau Tamara Bischof und dem Elternbeiratsvorsitzenden, Herrn Carsten Schmidt. Frau StRin Yvonne Wiesinger sprach im Namen der Lehrerschaft und gab den Abiturient:innen, wie auch die vorherigen Redner:innen, die besten W\u00fcnsche mit auf den Weg in die Zukunft. Die f\u00fcnf Jahrgangssprecher lie\u00dfen in der traditionellen Sch\u00fclerrede die H\u00f6hepunkte Ihrer Schulzeit Revue passieren und im Anschluss wurden die Abiturzeugnisse \u00fcberreicht.<br>Das gelungene und beeindruckende Begleitprogramm mit einer Tanzeinlage und diversen musikalischen Beitr\u00e4gen bestritten die Absolvent:innen selbst.<br>Mit der untergehenden Sonne verwandelte sich das IMAX in eine Partylocation und es wurde ausgelassen gefeiert. Das hatte sich der Abiturjahrgang 2023 verdient!<\/p>\n\n\n\n<figure class=\"wp-block-image size-large\"><a href=\"https:\/\/armin-knab-gymnasium.de\/Home\/wp-content\/uploads\/2023\/07\/Abiturienten-23-scaled.jpg\"><img loading=\"lazy\" decoding=\"async\" width=\"1024\" height=\"384\" src=\"https:\/\/armin-knab-gymnasium.de\/Home\/wp-content\/uploads\/2023\/07\/Abiturienten-23-1024x384.jpg\" alt=\"\" class=\"wp-image-15142\" srcset=\"https:\/\/armin-knab-gymnasium.de\/Home\/wp-content\/uploads\/2023\/07\/Abiturienten-23-1024x384.jpg 1024w, https:\/\/armin-knab-gymnasium.de\/Home\/wp-content\/uploads\/2023\/07\/Abiturienten-23-300x113.jpg 300w, https:\/\/armin-knab-gymnasium.de\/Home\/wp-content\/uploads\/2023\/07\/Abiturienten-23-768x288.jpg 768w, https:\/\/armin-knab-gymnasium.de\/Home\/wp-content\/uploads\/2023\/07\/Abiturienten-23-1536x576.jpg 1536w, https:\/\/armin-knab-gymnasium.de\/Home\/wp-content\/uploads\/2023\/07\/Abiturienten-23-2048x768.jpg 2048w, https:\/\/armin-knab-gymnasium.de\/Home\/wp-content\/uploads\/2023\/07\/Abiturienten-23-624x234.jpg 624w\" sizes=\"auto, (max-width: 1024px) 100vw, 1024px\" \/><\/a><\/figure>\n\n\n\n<figure class=\"wp-block-gallery has-nested-images columns-default is-cropped wp-block-gallery-1 is-layout-flex wp-block-gallery-is-layout-flex\">\n<figure class=\"wp-block-image size-large\"><a href=\"https:\/\/armin-knab-gymnasium.de\/Home\/wp-content\/uploads\/2023\/07\/DSC_0010-scaled.jpg\"><img loading=\"lazy\" decoding=\"async\" width=\"1024\" height=\"683\" data-id=\"15144\" src=\"https:\/\/armin-knab-gymnasium.de\/Home\/wp-content\/uploads\/2023\/07\/DSC_0010-1024x683.jpg\" alt=\"\" class=\"wp-image-15144\" srcset=\"https:\/\/armin-knab-gymnasium.de\/Home\/wp-content\/uploads\/2023\/07\/DSC_0010-1024x683.jpg 1024w, https:\/\/armin-knab-gymnasium.de\/Home\/wp-content\/uploads\/2023\/07\/DSC_0010-300x200.jpg 300w, https:\/\/armin-knab-gymnasium.de\/Home\/wp-content\/uploads\/2023\/07\/DSC_0010-768x512.jpg 768w, https:\/\/armin-knab-gymnasium.de\/Home\/wp-content\/uploads\/2023\/07\/DSC_0010-1536x1024.jpg 1536w, https:\/\/armin-knab-gymnasium.de\/Home\/wp-content\/uploads\/2023\/07\/DSC_0010-2048x1365.jpg 2048w, https:\/\/armin-knab-gymnasium.de\/Home\/wp-content\/uploads\/2023\/07\/DSC_0010-624x416.jpg 624w\" sizes=\"auto, (max-width: 1024px) 100vw, 1024px\" \/><\/a><\/figure>\n\n\n\n<figure class=\"wp-block-image size-large\"><a href=\"https:\/\/armin-knab-gymnasium.de\/Home\/wp-content\/uploads\/2023\/07\/DSC_0011-scaled.jpg\"><img loading=\"lazy\" decoding=\"async\" width=\"1024\" height=\"683\" data-id=\"15145\" src=\"https:\/\/armin-knab-gymnasium.de\/Home\/wp-content\/uploads\/2023\/07\/DSC_0011-1024x683.jpg\" alt=\"\" class=\"wp-image-15145\" srcset=\"https:\/\/armin-knab-gymnasium.de\/Home\/wp-content\/uploads\/2023\/07\/DSC_0011-1024x683.jpg 1024w, https:\/\/armin-knab-gymnasium.de\/Home\/wp-content\/uploads\/2023\/07\/DSC_0011-300x200.jpg 300w, https:\/\/armin-knab-gymnasium.de\/Home\/wp-content\/uploads\/2023\/07\/DSC_0011-768x512.jpg 768w, https:\/\/armin-knab-gymnasium.de\/Home\/wp-content\/uploads\/2023\/07\/DSC_0011-1536x1024.jpg 1536w, https:\/\/armin-knab-gymnasium.de\/Home\/wp-content\/uploads\/2023\/07\/DSC_0011-2048x1365.jpg 2048w, https:\/\/armin-knab-gymnasium.de\/Home\/wp-content\/uploads\/2023\/07\/DSC_0011-624x416.jpg 624w\" sizes=\"auto, (max-width: 1024px) 100vw, 1024px\" \/><\/a><\/figure>\n\n\n\n<figure class=\"wp-block-image size-large\"><a href=\"https:\/\/armin-knab-gymnasium.de\/Home\/wp-content\/uploads\/2023\/07\/DSC_0085-scaled.jpg\"><img loading=\"lazy\" decoding=\"async\" width=\"1024\" height=\"683\" data-id=\"15151\" src=\"https:\/\/armin-knab-gymnasium.de\/Home\/wp-content\/uploads\/2023\/07\/DSC_0085-1024x683.jpg\" alt=\"\" class=\"wp-image-15151\" srcset=\"https:\/\/armin-knab-gymnasium.de\/Home\/wp-content\/uploads\/2023\/07\/DSC_0085-1024x683.jpg 1024w, https:\/\/armin-knab-gymnasium.de\/Home\/wp-content\/uploads\/2023\/07\/DSC_0085-300x200.jpg 300w, https:\/\/armin-knab-gymnasium.de\/Home\/wp-content\/uploads\/2023\/07\/DSC_0085-768x512.jpg 768w, https:\/\/armin-knab-gymnasium.de\/Home\/wp-content\/uploads\/2023\/07\/DSC_0085-1536x1024.jpg 1536w, https:\/\/armin-knab-gymnasium.de\/Home\/wp-content\/uploads\/2023\/07\/DSC_0085-2048x1365.jpg 2048w, https:\/\/armin-knab-gymnasium.de\/Home\/wp-content\/uploads\/2023\/07\/DSC_0085-624x416.jpg 624w\" sizes=\"auto, (max-width: 1024px) 100vw, 1024px\" \/><\/a><\/figure>\n\n\n\n<figure class=\"wp-block-image size-large\"><a href=\"https:\/\/armin-knab-gymnasium.de\/Home\/wp-content\/uploads\/2023\/07\/DSC_0066-scaled.jpg\"><img loading=\"lazy\" decoding=\"async\" width=\"1024\" height=\"683\" data-id=\"15150\" src=\"https:\/\/armin-knab-gymnasium.de\/Home\/wp-content\/uploads\/2023\/07\/DSC_0066-1024x683.jpg\" alt=\"\" class=\"wp-image-15150\" srcset=\"https:\/\/armin-knab-gymnasium.de\/Home\/wp-content\/uploads\/2023\/07\/DSC_0066-1024x683.jpg 1024w, https:\/\/armin-knab-gymnasium.de\/Home\/wp-content\/uploads\/2023\/07\/DSC_0066-300x200.jpg 300w, https:\/\/armin-knab-gymnasium.de\/Home\/wp-content\/uploads\/2023\/07\/DSC_0066-768x512.jpg 768w, https:\/\/armin-knab-gymnasium.de\/Home\/wp-content\/uploads\/2023\/07\/DSC_0066-1536x1024.jpg 1536w, https:\/\/armin-knab-gymnasium.de\/Home\/wp-content\/uploads\/2023\/07\/DSC_0066-2048x1365.jpg 2048w, https:\/\/armin-knab-gymnasium.de\/Home\/wp-content\/uploads\/2023\/07\/DSC_0066-624x416.jpg 624w\" sizes=\"auto, (max-width: 1024px) 100vw, 1024px\" \/><\/a><\/figure>\n\n\n\n<figure class=\"wp-block-image size-large\"><a href=\"https:\/\/armin-knab-gymnasium.de\/Home\/wp-content\/uploads\/2023\/07\/DSC_0128-scaled.jpg\"><img loading=\"lazy\" decoding=\"async\" width=\"1024\" height=\"683\" data-id=\"15156\" src=\"https:\/\/armin-knab-gymnasium.de\/Home\/wp-content\/uploads\/2023\/07\/DSC_0128-1024x683.jpg\" alt=\"\" class=\"wp-image-15156\" srcset=\"https:\/\/armin-knab-gymnasium.de\/Home\/wp-content\/uploads\/2023\/07\/DSC_0128-1024x683.jpg 1024w, https:\/\/armin-knab-gymnasium.de\/Home\/wp-content\/uploads\/2023\/07\/DSC_0128-300x200.jpg 300w, https:\/\/armin-knab-gymnasium.de\/Home\/wp-content\/uploads\/2023\/07\/DSC_0128-768x512.jpg 768w, https:\/\/armin-knab-gymnasium.de\/Home\/wp-content\/uploads\/2023\/07\/DSC_0128-1536x1024.jpg 1536w, https:\/\/armin-knab-gymnasium.de\/Home\/wp-content\/uploads\/2023\/07\/DSC_0128-2048x1365.jpg 2048w, https:\/\/armin-knab-gymnasium.de\/Home\/wp-content\/uploads\/2023\/07\/DSC_0128-624x416.jpg 624w\" sizes=\"auto, (max-width: 1024px) 100vw, 1024px\" \/><\/a><\/figure>\n<\/figure>\n","protected":false},"excerpt":{"rendered":"<p>Im ehemaligen Kinosaal, mit einer eigens f\u00fcr diese Veranstaltung gebauten B\u00fchne \u00fcber dem Orchestergraben, fand die diesj\u00e4hrige Zeugnisverleihung des Armin-Knab-Gymnasiums statt. Nach einer Besinnung mit szenischer Umsetzung folgten der Reden&#8230; <a href=\"https:\/\/armin-knab-gymnasium.de\/Home\/2023\/07\/10\/feierliche-abiturzeugnis-verleihung-am-30-06-2023-im-imax\/\">weiterlesen &raquo;<\/a><\/p>\n","protected":false},"author":12,"featured_media":15152,"comment_status":"closed","ping_status":"closed","sticky":false,"template":"","format":"standard","meta":{"ghostkit_customizer_options":"","ghostkit_custom_css":"","ghostkit_custom_js_head":"","ghostkit_custom_js_foot":"","ghostkit_typography":"","footnotes":""},"categories":[1],"tags":[],"coauthors":[45],"class_list":["post-15141","post","type-post","status-publish","format-standard","has-post-thumbnail","hentry","category-allgemein"],"yoast_head":"<!-- This site is optimized with the Yoast SEO plugin v27.5 - https:\/\/yoast.com\/product\/yoast-seo-wordpress\/ -->\n<title>Feierliche Abiturzeugnis-Verleihung am 30.06.2023 im IMAX - Armin-Knab-Gymnasium Kitzingen<\/title>\n<meta name=\"robots\" content=\"index, follow, max-snippet:-1, max-image-preview:large, max-video-preview:-1\" \/>\n<link rel=\"canonical\" href=\"https:\/\/armin-knab-gymnasium.de\/Home\/2023\/07\/10\/feierliche-abiturzeugnis-verleihung-am-30-06-2023-im-imax\/\" \/>\n<meta property=\"og:locale\" content=\"de_DE\" \/>\n<meta property=\"og:type\" content=\"article\" \/>\n<meta property=\"og:title\" content=\"Feierliche Abiturzeugnis-Verleihung am 30.06.2023 im IMAX - Armin-Knab-Gymnasium Kitzingen\" \/>\n<meta property=\"og:description\" content=\"Im ehemaligen Kinosaal, mit einer eigens f\u00fcr diese Veranstaltung gebauten B\u00fchne \u00fcber dem Orchestergraben, fand die diesj\u00e4hrige Zeugnisverleihung des Armin-Knab-Gymnasiums statt. Nach einer Besinnung mit szenischer Umsetzung folgten der Reden... weiterlesen &raquo;\" \/>\n<meta property=\"og:url\" content=\"https:\/\/armin-knab-gymnasium.de\/Home\/2023\/07\/10\/feierliche-abiturzeugnis-verleihung-am-30-06-2023-im-imax\/\" \/>\n<meta property=\"og:site_name\" content=\"Armin-Knab-Gymnasium Kitzingen\" \/>\n<meta property=\"article:published_time\" content=\"2023-07-10T13:24:11+00:00\" \/>\n<meta property=\"article:modified_time\" content=\"2023-07-10T14:13:33+00:00\" \/>\n<meta property=\"og:image\" content=\"https:\/\/armin-knab-gymnasium.de\/Home\/wp-content\/uploads\/2023\/07\/DSC_0098-scaled.jpg\" \/>\n\t<meta property=\"og:image:width\" content=\"2560\" \/>\n\t<meta property=\"og:image:height\" content=\"1707\" \/>\n\t<meta property=\"og:image:type\" content=\"image\/jpeg\" \/>\n<meta name=\"author\" content=\"Kerstin Fischer\" \/>\n<meta name=\"twitter:card\" content=\"summary_large_image\" \/>\n<meta name=\"twitter:label1\" content=\"Verfasst von\" \/>\n\t<meta name=\"twitter:data1\" content=\"Kerstin Fischer\" \/>\n\t<meta name=\"twitter:label2\" content=\"Gesch\u00e4tzte Lesezeit\" \/>\n\t<meta name=\"twitter:data2\" content=\"2\u00a0Minuten\" \/>\n\t<meta name=\"twitter:label3\" content=\"Written by\" \/>\n\t<meta name=\"twitter:data3\" content=\"Kerstin Fischer\" \/>\n<script type=\"application\/ld+json\" class=\"yoast-schema-graph\">{\"@context\":\"https:\\\/\\\/schema.org\",\"@graph\":[{\"@type\":\"Article\",\"@id\":\"https:\\\/\\\/armin-knab-gymnasium.de\\\/Home\\\/2023\\\/07\\\/10\\\/feierliche-abiturzeugnis-verleihung-am-30-06-2023-im-imax\\\/#article\",\"isPartOf\":{\"@id\":\"https:\\\/\\\/armin-knab-gymnasium.de\\\/Home\\\/2023\\\/07\\\/10\\\/feierliche-abiturzeugnis-verleihung-am-30-06-2023-im-imax\\\/\"},\"author\":{\"name\":\"Kerstin Fischer\",\"@id\":\"https:\\\/\\\/armin-knab-gymnasium.de\\\/Home\\\/#\\\/schema\\\/person\\\/95d5a5ac4ade135fa472bfba70c2c81f\"},\"headline\":\"Feierliche Abiturzeugnis-Verleihung am 30.06.2023 im IMAX\",\"datePublished\":\"2023-07-10T13:24:11+00:00\",\"dateModified\":\"2023-07-10T14:13:33+00:00\",\"mainEntityOfPage\":{\"@id\":\"https:\\\/\\\/armin-knab-gymnasium.de\\\/Home\\\/2023\\\/07\\\/10\\\/feierliche-abiturzeugnis-verleihung-am-30-06-2023-im-imax\\\/\"},\"wordCount\":151,\"publisher\":{\"@id\":\"https:\\\/\\\/armin-knab-gymnasium.de\\\/Home\\\/#organization\"},\"image\":{\"@id\":\"https:\\\/\\\/armin-knab-gymnasium.de\\\/Home\\\/2023\\\/07\\\/10\\\/feierliche-abiturzeugnis-verleihung-am-30-06-2023-im-imax\\\/#primaryimage\"},\"thumbnailUrl\":\"https:\\\/\\\/armin-knab-gymnasium.de\\\/Home\\\/wp-content\\\/uploads\\\/2023\\\/07\\\/DSC_0098-scaled.jpg\",\"inLanguage\":\"de\"},{\"@type\":\"WebPage\",\"@id\":\"https:\\\/\\\/armin-knab-gymnasium.de\\\/Home\\\/2023\\\/07\\\/10\\\/feierliche-abiturzeugnis-verleihung-am-30-06-2023-im-imax\\\/\",\"url\":\"https:\\\/\\\/armin-knab-gymnasium.de\\\/Home\\\/2023\\\/07\\\/10\\\/feierliche-abiturzeugnis-verleihung-am-30-06-2023-im-imax\\\/\",\"name\":\"Feierliche Abiturzeugnis-Verleihung am 30.06.2023 im IMAX - Armin-Knab-Gymnasium Kitzingen\",\"isPartOf\":{\"@id\":\"https:\\\/\\\/armin-knab-gymnasium.de\\\/Home\\\/#website\"},\"primaryImageOfPage\":{\"@id\":\"https:\\\/\\\/armin-knab-gymnasium.de\\\/Home\\\/2023\\\/07\\\/10\\\/feierliche-abiturzeugnis-verleihung-am-30-06-2023-im-imax\\\/#primaryimage\"},\"image\":{\"@id\":\"https:\\\/\\\/armin-knab-gymnasium.de\\\/Home\\\/2023\\\/07\\\/10\\\/feierliche-abiturzeugnis-verleihung-am-30-06-2023-im-imax\\\/#primaryimage\"},\"thumbnailUrl\":\"https:\\\/\\\/armin-knab-gymnasium.de\\\/Home\\\/wp-content\\\/uploads\\\/2023\\\/07\\\/DSC_0098-scaled.jpg\",\"datePublished\":\"2023-07-10T13:24:11+00:00\",\"dateModified\":\"2023-07-10T14:13:33+00:00\",\"breadcrumb\":{\"@id\":\"https:\\\/\\\/armin-knab-gymnasium.de\\\/Home\\\/2023\\\/07\\\/10\\\/feierliche-abiturzeugnis-verleihung-am-30-06-2023-im-imax\\\/#breadcrumb\"},\"inLanguage\":\"de\",\"potentialAction\":[{\"@type\":\"ReadAction\",\"target\":[\"https:\\\/\\\/armin-knab-gymnasium.de\\\/Home\\\/2023\\\/07\\\/10\\\/feierliche-abiturzeugnis-verleihung-am-30-06-2023-im-imax\\\/\"]}]},{\"@type\":\"ImageObject\",\"inLanguage\":\"de\",\"@id\":\"https:\\\/\\\/armin-knab-gymnasium.de\\\/Home\\\/2023\\\/07\\\/10\\\/feierliche-abiturzeugnis-verleihung-am-30-06-2023-im-imax\\\/#primaryimage\",\"url\":\"https:\\\/\\\/armin-knab-gymnasium.de\\\/Home\\\/wp-content\\\/uploads\\\/2023\\\/07\\\/DSC_0098-scaled.jpg\",\"contentUrl\":\"https:\\\/\\\/armin-knab-gymnasium.de\\\/Home\\\/wp-content\\\/uploads\\\/2023\\\/07\\\/DSC_0098-scaled.jpg\",\"width\":2560,\"height\":1707},{\"@type\":\"BreadcrumbList\",\"@id\":\"https:\\\/\\\/armin-knab-gymnasium.de\\\/Home\\\/2023\\\/07\\\/10\\\/feierliche-abiturzeugnis-verleihung-am-30-06-2023-im-imax\\\/#breadcrumb\",\"itemListElement\":[{\"@type\":\"ListItem\",\"position\":1,\"name\":\"Startseite\",\"item\":\"https:\\\/\\\/armin-knab-gymnasium.de\\\/Home\\\/\"},{\"@type\":\"ListItem\",\"position\":2,\"name\":\"Feierliche Abiturzeugnis-Verleihung am 30.06.2023 im IMAX\"}]},{\"@type\":\"WebSite\",\"@id\":\"https:\\\/\\\/armin-knab-gymnasium.de\\\/Home\\\/#website\",\"url\":\"https:\\\/\\\/armin-knab-gymnasium.de\\\/Home\\\/\",\"name\":\"Armin-Knab-Gymnasium Kitzingen\",\"description\":\"Naturwissenschaftlich-technologisches und sprachliches Gymnasium\",\"publisher\":{\"@id\":\"https:\\\/\\\/armin-knab-gymnasium.de\\\/Home\\\/#organization\"},\"potentialAction\":[{\"@type\":\"SearchAction\",\"target\":{\"@type\":\"EntryPoint\",\"urlTemplate\":\"https:\\\/\\\/armin-knab-gymnasium.de\\\/Home\\\/?s={search_term_string}\"},\"query-input\":{\"@type\":\"PropertyValueSpecification\",\"valueRequired\":true,\"valueName\":\"search_term_string\"}}],\"inLanguage\":\"de\"},{\"@type\":\"Organization\",\"@id\":\"https:\\\/\\\/armin-knab-gymnasium.de\\\/Home\\\/#organization\",\"name\":\"Armin-Knab-Gymnasium Kitzingen\",\"url\":\"https:\\\/\\\/armin-knab-gymnasium.de\\\/Home\\\/\",\"logo\":{\"@type\":\"ImageObject\",\"inLanguage\":\"de\",\"@id\":\"https:\\\/\\\/armin-knab-gymnasium.de\\\/Home\\\/#\\\/schema\\\/logo\\\/image\\\/\",\"url\":\"https:\\\/\\\/armin-knab-gymnasium.de\\\/Home\\\/wp-content\\\/uploads\\\/2016\\\/11\\\/LogoIcon.png\",\"contentUrl\":\"https:\\\/\\\/armin-knab-gymnasium.de\\\/Home\\\/wp-content\\\/uploads\\\/2016\\\/11\\\/LogoIcon.png\",\"width\":512,\"height\":512,\"caption\":\"Armin-Knab-Gymnasium Kitzingen\"},\"image\":{\"@id\":\"https:\\\/\\\/armin-knab-gymnasium.de\\\/Home\\\/#\\\/schema\\\/logo\\\/image\\\/\"}},{\"@type\":\"Person\",\"@id\":\"https:\\\/\\\/armin-knab-gymnasium.de\\\/Home\\\/#\\\/schema\\\/person\\\/95d5a5ac4ade135fa472bfba70c2c81f\",\"name\":\"Kerstin Fischer\",\"image\":{\"@type\":\"ImageObject\",\"inLanguage\":\"de\",\"@id\":\"https:\\\/\\\/secure.gravatar.com\\\/avatar\\\/7bdbf83899237cbc65555695b45b91f6924bfc710e71db53ad8637fc3de3eb54?s=96&d=mm&r=gd04ef5d85aac6e82f1173ac7b41753a3\",\"url\":\"https:\\\/\\\/secure.gravatar.com\\\/avatar\\\/7bdbf83899237cbc65555695b45b91f6924bfc710e71db53ad8637fc3de3eb54?s=96&d=mm&r=g\",\"contentUrl\":\"https:\\\/\\\/secure.gravatar.com\\\/avatar\\\/7bdbf83899237cbc65555695b45b91f6924bfc710e71db53ad8637fc3de3eb54?s=96&d=mm&r=g\",\"caption\":\"Kerstin Fischer\"},\"sameAs\":[\"https:\\\/\\\/armin-knab-gymnasium.de\\\/Home\"],\"url\":\"https:\\\/\\\/armin-knab-gymnasium.de\\\/Home\\\/author\\\/kweber\\\/\"}]}<\/script>\n<!-- \/ Yoast SEO plugin. -->","yoast_head_json":{"title":"Feierliche Abiturzeugnis-Verleihung am 30.06.2023 im IMAX - Armin-Knab-Gymnasium Kitzingen","robots":{"index":"index","follow":"follow","max-snippet":"max-snippet:-1","max-image-preview":"max-image-preview:large","max-video-preview":"max-video-preview:-1"},"canonical":"https:\/\/armin-knab-gymnasium.de\/Home\/2023\/07\/10\/feierliche-abiturzeugnis-verleihung-am-30-06-2023-im-imax\/","og_locale":"de_DE","og_type":"article","og_title":"Feierliche Abiturzeugnis-Verleihung am 30.06.2023 im IMAX - Armin-Knab-Gymnasium Kitzingen","og_description":"Im ehemaligen Kinosaal, mit einer eigens f\u00fcr diese Veranstaltung gebauten B\u00fchne \u00fcber dem Orchestergraben, fand die diesj\u00e4hrige Zeugnisverleihung des Armin-Knab-Gymnasiums statt. Nach einer Besinnung mit szenischer Umsetzung folgten der Reden... weiterlesen &raquo;","og_url":"https:\/\/armin-knab-gymnasium.de\/Home\/2023\/07\/10\/feierliche-abiturzeugnis-verleihung-am-30-06-2023-im-imax\/","og_site_name":"Armin-Knab-Gymnasium Kitzingen","article_published_time":"2023-07-10T13:24:11+00:00","article_modified_time":"2023-07-10T14:13:33+00:00","og_image":[{"width":2560,"height":1707,"url":"https:\/\/armin-knab-gymnasium.de\/Home\/wp-content\/uploads\/2023\/07\/DSC_0098-scaled.jpg","type":"image\/jpeg"}],"author":"Kerstin Fischer","twitter_card":"summary_large_image","twitter_misc":{"Verfasst von":"Kerstin Fischer","Gesch\u00e4tzte Lesezeit":"2\u00a0Minuten","Written by":"Kerstin Fischer"},"schema":{"@context":"https:\/\/schema.org","@graph":[{"@type":"Article","@id":"https:\/\/armin-knab-gymnasium.de\/Home\/2023\/07\/10\/feierliche-abiturzeugnis-verleihung-am-30-06-2023-im-imax\/#article","isPartOf":{"@id":"https:\/\/armin-knab-gymnasium.de\/Home\/2023\/07\/10\/feierliche-abiturzeugnis-verleihung-am-30-06-2023-im-imax\/"},"author":{"name":"Kerstin Fischer","@id":"https:\/\/armin-knab-gymnasium.de\/Home\/#\/schema\/person\/95d5a5ac4ade135fa472bfba70c2c81f"},"headline":"Feierliche Abiturzeugnis-Verleihung am 30.06.2023 im IMAX","datePublished":"2023-07-10T13:24:11+00:00","dateModified":"2023-07-10T14:13:33+00:00","mainEntityOfPage":{"@id":"https:\/\/armin-knab-gymnasium.de\/Home\/2023\/07\/10\/feierliche-abiturzeugnis-verleihung-am-30-06-2023-im-imax\/"},"wordCount":151,"publisher":{"@id":"https:\/\/armin-knab-gymnasium.de\/Home\/#organization"},"image":{"@id":"https:\/\/armin-knab-gymnasium.de\/Home\/2023\/07\/10\/feierliche-abiturzeugnis-verleihung-am-30-06-2023-im-imax\/#primaryimage"},"thumbnailUrl":"https:\/\/armin-knab-gymnasium.de\/Home\/wp-content\/uploads\/2023\/07\/DSC_0098-scaled.jpg","inLanguage":"de"},{"@type":"WebPage","@id":"https:\/\/armin-knab-gymnasium.de\/Home\/2023\/07\/10\/feierliche-abiturzeugnis-verleihung-am-30-06-2023-im-imax\/","url":"https:\/\/armin-knab-gymnasium.de\/Home\/2023\/07\/10\/feierliche-abiturzeugnis-verleihung-am-30-06-2023-im-imax\/","name":"Feierliche Abiturzeugnis-Verleihung am 30.06.2023 im IMAX - Armin-Knab-Gymnasium Kitzingen","isPartOf":{"@id":"https:\/\/armin-knab-gymnasium.de\/Home\/#website"},"primaryImageOfPage":{"@id":"https:\/\/armin-knab-gymnasium.de\/Home\/2023\/07\/10\/feierliche-abiturzeugnis-verleihung-am-30-06-2023-im-imax\/#primaryimage"},"image":{"@id":"https:\/\/armin-knab-gymnasium.de\/Home\/2023\/07\/10\/feierliche-abiturzeugnis-verleihung-am-30-06-2023-im-imax\/#primaryimage"},"thumbnailUrl":"https:\/\/armin-knab-gymnasium.de\/Home\/wp-content\/uploads\/2023\/07\/DSC_0098-scaled.jpg","datePublished":"2023-07-10T13:24:11+00:00","dateModified":"2023-07-10T14:13:33+00:00","breadcrumb":{"@id":"https:\/\/armin-knab-gymnasium.de\/Home\/2023\/07\/10\/feierliche-abiturzeugnis-verleihung-am-30-06-2023-im-imax\/#breadcrumb"},"inLanguage":"de","potentialAction":[{"@type":"ReadAction","target":["https:\/\/armin-knab-gymnasium.de\/Home\/2023\/07\/10\/feierliche-abiturzeugnis-verleihung-am-30-06-2023-im-imax\/"]}]},{"@type":"ImageObject","inLanguage":"de","@id":"https:\/\/armin-knab-gymnasium.de\/Home\/2023\/07\/10\/feierliche-abiturzeugnis-verleihung-am-30-06-2023-im-imax\/#primaryimage","url":"https:\/\/armin-knab-gymnasium.de\/Home\/wp-content\/uploads\/2023\/07\/DSC_0098-scaled.jpg","contentUrl":"https:\/\/armin-knab-gymnasium.de\/Home\/wp-content\/uploads\/2023\/07\/DSC_0098-scaled.jpg","width":2560,"height":1707},{"@type":"BreadcrumbList","@id":"https:\/\/armin-knab-gymnasium.de\/Home\/2023\/07\/10\/feierliche-abiturzeugnis-verleihung-am-30-06-2023-im-imax\/#breadcrumb","itemListElement":[{"@type":"ListItem","position":1,"name":"Startseite","item":"https:\/\/armin-knab-gymnasium.de\/Home\/"},{"@type":"ListItem","position":2,"name":"Feierliche Abiturzeugnis-Verleihung am 30.06.2023 im IMAX"}]},{"@type":"WebSite","@id":"https:\/\/armin-knab-gymnasium.de\/Home\/#website","url":"https:\/\/armin-knab-gymnasium.de\/Home\/","name":"Armin-Knab-Gymnasium Kitzingen","description":"Naturwissenschaftlich-technologisches und sprachliches Gymnasium","publisher":{"@id":"https:\/\/armin-knab-gymnasium.de\/Home\/#organization"},"potentialAction":[{"@type":"SearchAction","target":{"@type":"EntryPoint","urlTemplate":"https:\/\/armin-knab-gymnasium.de\/Home\/?s={search_term_string}"},"query-input":{"@type":"PropertyValueSpecification","valueRequired":true,"valueName":"search_term_string"}}],"inLanguage":"de"},{"@type":"Organization","@id":"https:\/\/armin-knab-gymnasium.de\/Home\/#organization","name":"Armin-Knab-Gymnasium Kitzingen","url":"https:\/\/armin-knab-gymnasium.de\/Home\/","logo":{"@type":"ImageObject","inLanguage":"de","@id":"https:\/\/armin-knab-gymnasium.de\/Home\/#\/schema\/logo\/image\/","url":"https:\/\/armin-knab-gymnasium.de\/Home\/wp-content\/uploads\/2016\/11\/LogoIcon.png","contentUrl":"https:\/\/armin-knab-gymnasium.de\/Home\/wp-content\/uploads\/2016\/11\/LogoIcon.png","width":512,"height":512,"caption":"Armin-Knab-Gymnasium Kitzingen"},"image":{"@id":"https:\/\/armin-knab-gymnasium.de\/Home\/#\/schema\/logo\/image\/"}},{"@type":"Person","@id":"https:\/\/armin-knab-gymnasium.de\/Home\/#\/schema\/person\/95d5a5ac4ade135fa472bfba70c2c81f","name":"Kerstin Fischer","image":{"@type":"ImageObject","inLanguage":"de","@id":"https:\/\/secure.gravatar.com\/avatar\/7bdbf83899237cbc65555695b45b91f6924bfc710e71db53ad8637fc3de3eb54?s=96&d=mm&r=gd04ef5d85aac6e82f1173ac7b41753a3","url":"https:\/\/secure.gravatar.com\/avatar\/7bdbf83899237cbc65555695b45b91f6924bfc710e71db53ad8637fc3de3eb54?s=96&d=mm&r=g","contentUrl":"https:\/\/secure.gravatar.com\/avatar\/7bdbf83899237cbc65555695b45b91f6924bfc710e71db53ad8637fc3de3eb54?s=96&d=mm&r=g","caption":"Kerstin Fischer"},"sameAs":["https:\/\/armin-knab-gymnasium.de\/Home"],"url":"https:\/\/armin-knab-gymnasium.de\/Home\/author\/kweber\/"}]}},"publishpress_future_action":{"enabled":false,"date":"2026-05-06 05:15:13","action":"change-status","newStatus":"draft","terms":[],"taxonomy":"category","extraData":[]},"publishpress_future_workflow_manual_trigger":{"enabledWorkflows":[]},"_links":{"self":[{"href":"https:\/\/armin-knab-gymnasium.de\/Home\/wp-json\/wp\/v2\/posts\/15141","targetHints":{"allow":["GET"]}}],"collection":[{"href":"https:\/\/armin-knab-gymnasium.de\/Home\/wp-json\/wp\/v2\/posts"}],"about":[{"href":"https:\/\/armin-knab-gymnasium.de\/Home\/wp-json\/wp\/v2\/types\/post"}],"author":[{"embeddable":true,"href":"https:\/\/armin-knab-gymnasium.de\/Home\/wp-json\/wp\/v2\/users\/12"}],"replies":[{"embeddable":true,"href":"https:\/\/armin-knab-gymnasium.de\/Home\/wp-json\/wp\/v2\/comments?post=15141"}],"version-history":[{"count":3,"href":"https:\/\/armin-knab-gymnasium.de\/Home\/wp-json\/wp\/v2\/posts\/15141\/revisions"}],"predecessor-version":[{"id":15164,"href":"https:\/\/armin-knab-gymnasium.de\/Home\/wp-json\/wp\/v2\/posts\/15141\/revisions\/15164"}],"wp:featuredmedia":[{"embeddable":true,"href":"https:\/\/armin-knab-gymnasium.de\/Home\/wp-json\/wp\/v2\/media\/15152"}],"wp:attachment":[{"href":"https:\/\/armin-knab-gymnasium.de\/Home\/wp-json\/wp\/v2\/media?parent=15141"}],"wp:term":[{"taxonomy":"category","embeddable":true,"href":"https:\/\/armin-knab-gymnasium.de\/Home\/wp-json\/wp\/v2\/categories?post=15141"},{"taxonomy":"post_tag","embeddable":true,"href":"https:\/\/armin-knab-gymnasium.de\/Home\/wp-json\/wp\/v2\/tags?post=15141"},{"taxonomy":"author","embeddable":true,"href":"https:\/\/armin-knab-gymnasium.de\/Home\/wp-json\/wp\/v2\/coauthors?post=15141"}],"curies":[{"name":"wp","href":"https:\/\/api.w.org\/{rel}","templated":true}]}}