{"id":15196,"date":"2023-07-27T10:26:39","date_gmt":"2023-07-27T08:26:39","guid":{"rendered":"https:\/\/armin-knab-gymnasium.de\/Home\/?p=15196"},"modified":"2023-07-27T10:26:41","modified_gmt":"2023-07-27T08:26:41","slug":"wenn-der-gerichtssaal-zum-klassenzimmer-wird","status":"publish","type":"post","link":"https:\/\/armin-knab-gymnasium.de\/Home\/2023\/07\/27\/wenn-der-gerichtssaal-zum-klassenzimmer-wird\/","title":{"rendered":"Wenn der Gerichtssaal zum Klassenzimmer wird"},"content":{"rendered":"\n<figure class=\"wp-block-image size-large\"><a href=\"https:\/\/armin-knab-gymnasium.de\/Home\/wp-content\/uploads\/2023\/07\/10E-am-Gericht-scaled.jpg\"><img loading=\"lazy\" decoding=\"async\" width=\"1024\" height=\"652\" src=\"https:\/\/armin-knab-gymnasium.de\/Home\/wp-content\/uploads\/2023\/07\/10E-am-Gericht-1024x652.jpg\" alt=\"\" class=\"wp-image-15197\" srcset=\"https:\/\/armin-knab-gymnasium.de\/Home\/wp-content\/uploads\/2023\/07\/10E-am-Gericht-1024x652.jpg 1024w, https:\/\/armin-knab-gymnasium.de\/Home\/wp-content\/uploads\/2023\/07\/10E-am-Gericht-300x191.jpg 300w, https:\/\/armin-knab-gymnasium.de\/Home\/wp-content\/uploads\/2023\/07\/10E-am-Gericht-768x489.jpg 768w, https:\/\/armin-knab-gymnasium.de\/Home\/wp-content\/uploads\/2023\/07\/10E-am-Gericht-1536x978.jpg 1536w, https:\/\/armin-knab-gymnasium.de\/Home\/wp-content\/uploads\/2023\/07\/10E-am-Gericht-2048x1304.jpg 2048w, https:\/\/armin-knab-gymnasium.de\/Home\/wp-content\/uploads\/2023\/07\/10E-am-Gericht-624x397.jpg 624w\" sizes=\"auto, (max-width: 1024px) 100vw, 1024px\" \/><\/a><\/figure>\n\n\n\n<p>Bei einem Gerichtsprozess am 20. Juli hatte die Klasse 10E die M\u00f6glichkeit am Amtsgericht Kitzingen Rechtsprechung in Realit\u00e4t zu erleben. Hierbei ging es um den Vorwurf der K\u00f6rperverletzung. Angeklagt waren zwei junge M\u00e4nner, die beim Heros-Festival in Geiselwind nach einer verbalen Auseinandersetzung und einem Gerangel zwei jungen Frauen mit der Faust in den Halsbereich und ins Gesicht geschlagen haben sollen.<\/p>\n\n\n\n<p>Zun\u00e4chst stellten die Verteidiger der Angeklagten diese als Opfer dar und versuchten die Tat in der n\u00e4chtlichen, aufgereizten Streitsituation als Notwehr auszulegen.<\/p>\n\n\n\n<figure class=\"wp-block-image size-full\"><a href=\"https:\/\/armin-knab-gymnasium.de\/Home\/wp-content\/uploads\/2023\/07\/wer-sitzt-wo-im-gericht.png\"><img loading=\"lazy\" decoding=\"async\" width=\"633\" height=\"357\" src=\"https:\/\/armin-knab-gymnasium.de\/Home\/wp-content\/uploads\/2023\/07\/wer-sitzt-wo-im-gericht.png\" alt=\"\" class=\"wp-image-15198\" srcset=\"https:\/\/armin-knab-gymnasium.de\/Home\/wp-content\/uploads\/2023\/07\/wer-sitzt-wo-im-gericht.png 633w, https:\/\/armin-knab-gymnasium.de\/Home\/wp-content\/uploads\/2023\/07\/wer-sitzt-wo-im-gericht-300x169.png 300w, https:\/\/armin-knab-gymnasium.de\/Home\/wp-content\/uploads\/2023\/07\/wer-sitzt-wo-im-gericht-624x352.png 624w\" sizes=\"auto, (max-width: 633px) 100vw, 633px\" \/><\/a><figcaption class=\"wp-element-caption\">Quelle: https:\/\/justiz.thueringen.de\/fileadmin\/TMMJV\/Service\/publikationen\/Besuch-einer-Gerichtsverhandlung_web.pdf<\/figcaption><\/figure>\n\n\n\n<p>Nachdem die Richterin f\u00fcnf Zeuginnen und Zeugen (Opfer, Polizist, unbeteiligte Beobachter) geh\u00f6rt hatte und diese sich den Fragen des Staatsanwalts und der Verteidigung gestellt hatten, kam es zu einem Strategiewechsel der Verteidigung.<\/p>\n\n\n\n<p>Der belastete Hauptangeklagte gab zwei Faustschl\u00e4ge zu, entschuldigte sich bei den Opfern und erkl\u00e4rte sich zu einer Wiedergutmachungszahlung von 900 \u20ac je Opfer bereit. Dieser T\u00e4ter-Opfer-Ausgleich wurde von allen Beteiligten akzeptiert und wirkte sich strafmildernd auf das Urteil der Richterin aus. Damit entging der Angeklagte einer drohenden Freiheitsstrafe. Das Urteil lautete schlie\u00dflich: 100 Tagess\u00e4tze \u00e1 60 Euro \u2013 also eine Geldstrafe von 6.000 Euro. Au\u00dferdem hat der Verurteilte die Verfahrenskosten zu tragen.<\/p>\n\n\n\n<figure class=\"wp-block-image size-full\"><a href=\"https:\/\/armin-knab-gymnasium.de\/Home\/wp-content\/uploads\/2023\/07\/Koerperverletzung-StGb.png\"><img loading=\"lazy\" decoding=\"async\" width=\"631\" height=\"353\" src=\"https:\/\/armin-knab-gymnasium.de\/Home\/wp-content\/uploads\/2023\/07\/Koerperverletzung-StGb.png\" alt=\"\" class=\"wp-image-15199\" srcset=\"https:\/\/armin-knab-gymnasium.de\/Home\/wp-content\/uploads\/2023\/07\/Koerperverletzung-StGb.png 631w, https:\/\/armin-knab-gymnasium.de\/Home\/wp-content\/uploads\/2023\/07\/Koerperverletzung-StGb-300x168.png 300w, https:\/\/armin-knab-gymnasium.de\/Home\/wp-content\/uploads\/2023\/07\/Koerperverletzung-StGb-624x349.png 624w\" sizes=\"auto, (max-width: 631px) 100vw, 631px\" \/><\/a><\/figure>\n\n\n\n<p>Da die Vorw\u00fcrfe gegen den anderen Angeklagten nicht so schwer wogen, wurde das Verfahren gegen ihn mit der Auflage einer Zahlung von 2.000 \u20ac an einen guten Zweck eingestellt.<\/p>\n\n\n\n<p>Die Sch\u00fclerinnen und Sch\u00fcler waren sich einig: Eine interessante Verhandlung, bei der man viel \u00fcber das Strafrecht lernen konnte. Besonders beeindruckt waren sie, dass sich Richterin und Staatsanwalt in den Unterbrechungen der Verhandlung Zeit f\u00fcr ihre Fragen genommen haben. Diese wurden ausf\u00fchrlich und auch mit einer pers\u00f6nlichen Note beantwortet. So wissen wir nun, warum im Gericht Roben getragen werden (so wird u. A. die Trennung von Person und Gericht verdeutlicht) und warum Frau Dr. Mathes den Beruf der Richterin seit ihrer Kindheit aus\u00fcben wollte.<\/p>\n","protected":false},"excerpt":{"rendered":"<p>Bei einem Gerichtsprozess am 20. Juli hatte die Klasse 10E die M\u00f6glichkeit am Amtsgericht Kitzingen Rechtsprechung in Realit\u00e4t zu erleben. Hierbei ging es um den Vorwurf der K\u00f6rperverletzung. Angeklagt waren&#8230; <a href=\"https:\/\/armin-knab-gymnasium.de\/Home\/2023\/07\/27\/wenn-der-gerichtssaal-zum-klassenzimmer-wird\/\">weiterlesen &raquo;<\/a><\/p>\n","protected":false},"author":1042,"featured_media":15197,"comment_status":"closed","ping_status":"closed","sticky":false,"template":"","format":"standard","meta":{"ghostkit_customizer_options":"","ghostkit_custom_css":"","ghostkit_custom_js_head":"","ghostkit_custom_js_foot":"","ghostkit_typography":"","footnotes":""},"categories":[73,92],"tags":[],"coauthors":[111],"class_list":["post-15196","post","type-post","status-publish","format-standard","has-post-thumbnail","hentry","category-aktuelles","category-wirtschaftrecht"],"yoast_head":"<!-- This site is optimized with the Yoast SEO plugin v27.5 - https:\/\/yoast.com\/product\/yoast-seo-wordpress\/ -->\n<title>Wenn der Gerichtssaal zum Klassenzimmer wird - Armin-Knab-Gymnasium Kitzingen<\/title>\n<meta name=\"robots\" content=\"index, follow, max-snippet:-1, max-image-preview:large, max-video-preview:-1\" \/>\n<link rel=\"canonical\" href=\"https:\/\/armin-knab-gymnasium.de\/Home\/2023\/07\/27\/wenn-der-gerichtssaal-zum-klassenzimmer-wird\/\" \/>\n<meta property=\"og:locale\" content=\"de_DE\" \/>\n<meta property=\"og:type\" content=\"article\" \/>\n<meta property=\"og:title\" content=\"Wenn der Gerichtssaal zum Klassenzimmer wird - Armin-Knab-Gymnasium Kitzingen\" \/>\n<meta property=\"og:description\" content=\"Bei einem Gerichtsprozess am 20. Juli hatte die Klasse 10E die M\u00f6glichkeit am Amtsgericht Kitzingen Rechtsprechung in Realit\u00e4t zu erleben. Hierbei ging es um den Vorwurf der K\u00f6rperverletzung. Angeklagt waren... weiterlesen &raquo;\" \/>\n<meta property=\"og:url\" content=\"https:\/\/armin-knab-gymnasium.de\/Home\/2023\/07\/27\/wenn-der-gerichtssaal-zum-klassenzimmer-wird\/\" \/>\n<meta property=\"og:site_name\" content=\"Armin-Knab-Gymnasium Kitzingen\" \/>\n<meta property=\"article:published_time\" content=\"2023-07-27T08:26:39+00:00\" \/>\n<meta property=\"article:modified_time\" content=\"2023-07-27T08:26:41+00:00\" \/>\n<meta property=\"og:image\" content=\"https:\/\/armin-knab-gymnasium.de\/Home\/wp-content\/uploads\/2023\/07\/10E-am-Gericht-scaled.jpg\" \/>\n\t<meta property=\"og:image:width\" content=\"2560\" \/>\n\t<meta property=\"og:image:height\" content=\"1630\" \/>\n\t<meta property=\"og:image:type\" content=\"image\/jpeg\" \/>\n<meta name=\"author\" content=\"Katja Heider\" \/>\n<meta name=\"twitter:card\" content=\"summary_large_image\" \/>\n<meta name=\"twitter:label1\" content=\"Verfasst von\" \/>\n\t<meta name=\"twitter:data1\" content=\"Katja Heider\" \/>\n\t<meta name=\"twitter:label2\" content=\"Gesch\u00e4tzte Lesezeit\" \/>\n\t<meta name=\"twitter:data2\" content=\"3\u00a0Minuten\" \/>\n\t<meta name=\"twitter:label3\" content=\"Written by\" \/>\n\t<meta name=\"twitter:data3\" content=\"Katja Heider\" \/>\n<script type=\"application\/ld+json\" class=\"yoast-schema-graph\">{\"@context\":\"https:\\\/\\\/schema.org\",\"@graph\":[{\"@type\":\"Article\",\"@id\":\"https:\\\/\\\/armin-knab-gymnasium.de\\\/Home\\\/2023\\\/07\\\/27\\\/wenn-der-gerichtssaal-zum-klassenzimmer-wird\\\/#article\",\"isPartOf\":{\"@id\":\"https:\\\/\\\/armin-knab-gymnasium.de\\\/Home\\\/2023\\\/07\\\/27\\\/wenn-der-gerichtssaal-zum-klassenzimmer-wird\\\/\"},\"author\":{\"name\":\"Katja Heider\",\"@id\":\"https:\\\/\\\/armin-knab-gymnasium.de\\\/Home\\\/#\\\/schema\\\/person\\\/8ba7aa8767096e5583dc72ce84a9ae3b\"},\"headline\":\"Wenn der Gerichtssaal zum Klassenzimmer wird\",\"datePublished\":\"2023-07-27T08:26:39+00:00\",\"dateModified\":\"2023-07-27T08:26:41+00:00\",\"mainEntityOfPage\":{\"@id\":\"https:\\\/\\\/armin-knab-gymnasium.de\\\/Home\\\/2023\\\/07\\\/27\\\/wenn-der-gerichtssaal-zum-klassenzimmer-wird\\\/\"},\"wordCount\":328,\"publisher\":{\"@id\":\"https:\\\/\\\/armin-knab-gymnasium.de\\\/Home\\\/#organization\"},\"image\":{\"@id\":\"https:\\\/\\\/armin-knab-gymnasium.de\\\/Home\\\/2023\\\/07\\\/27\\\/wenn-der-gerichtssaal-zum-klassenzimmer-wird\\\/#primaryimage\"},\"thumbnailUrl\":\"https:\\\/\\\/armin-knab-gymnasium.de\\\/Home\\\/wp-content\\\/uploads\\\/2023\\\/07\\\/10E-am-Gericht-scaled.jpg\",\"articleSection\":[\"Aktuelles\",\"Wirtschaft\\\/Recht\"],\"inLanguage\":\"de\"},{\"@type\":\"WebPage\",\"@id\":\"https:\\\/\\\/armin-knab-gymnasium.de\\\/Home\\\/2023\\\/07\\\/27\\\/wenn-der-gerichtssaal-zum-klassenzimmer-wird\\\/\",\"url\":\"https:\\\/\\\/armin-knab-gymnasium.de\\\/Home\\\/2023\\\/07\\\/27\\\/wenn-der-gerichtssaal-zum-klassenzimmer-wird\\\/\",\"name\":\"Wenn der Gerichtssaal zum Klassenzimmer wird - Armin-Knab-Gymnasium Kitzingen\",\"isPartOf\":{\"@id\":\"https:\\\/\\\/armin-knab-gymnasium.de\\\/Home\\\/#website\"},\"primaryImageOfPage\":{\"@id\":\"https:\\\/\\\/armin-knab-gymnasium.de\\\/Home\\\/2023\\\/07\\\/27\\\/wenn-der-gerichtssaal-zum-klassenzimmer-wird\\\/#primaryimage\"},\"image\":{\"@id\":\"https:\\\/\\\/armin-knab-gymnasium.de\\\/Home\\\/2023\\\/07\\\/27\\\/wenn-der-gerichtssaal-zum-klassenzimmer-wird\\\/#primaryimage\"},\"thumbnailUrl\":\"https:\\\/\\\/armin-knab-gymnasium.de\\\/Home\\\/wp-content\\\/uploads\\\/2023\\\/07\\\/10E-am-Gericht-scaled.jpg\",\"datePublished\":\"2023-07-27T08:26:39+00:00\",\"dateModified\":\"2023-07-27T08:26:41+00:00\",\"breadcrumb\":{\"@id\":\"https:\\\/\\\/armin-knab-gymnasium.de\\\/Home\\\/2023\\\/07\\\/27\\\/wenn-der-gerichtssaal-zum-klassenzimmer-wird\\\/#breadcrumb\"},\"inLanguage\":\"de\",\"potentialAction\":[{\"@type\":\"ReadAction\",\"target\":[\"https:\\\/\\\/armin-knab-gymnasium.de\\\/Home\\\/2023\\\/07\\\/27\\\/wenn-der-gerichtssaal-zum-klassenzimmer-wird\\\/\"]}]},{\"@type\":\"ImageObject\",\"inLanguage\":\"de\",\"@id\":\"https:\\\/\\\/armin-knab-gymnasium.de\\\/Home\\\/2023\\\/07\\\/27\\\/wenn-der-gerichtssaal-zum-klassenzimmer-wird\\\/#primaryimage\",\"url\":\"https:\\\/\\\/armin-knab-gymnasium.de\\\/Home\\\/wp-content\\\/uploads\\\/2023\\\/07\\\/10E-am-Gericht-scaled.jpg\",\"contentUrl\":\"https:\\\/\\\/armin-knab-gymnasium.de\\\/Home\\\/wp-content\\\/uploads\\\/2023\\\/07\\\/10E-am-Gericht-scaled.jpg\",\"width\":2560,\"height\":1630},{\"@type\":\"BreadcrumbList\",\"@id\":\"https:\\\/\\\/armin-knab-gymnasium.de\\\/Home\\\/2023\\\/07\\\/27\\\/wenn-der-gerichtssaal-zum-klassenzimmer-wird\\\/#breadcrumb\",\"itemListElement\":[{\"@type\":\"ListItem\",\"position\":1,\"name\":\"Startseite\",\"item\":\"https:\\\/\\\/armin-knab-gymnasium.de\\\/Home\\\/\"},{\"@type\":\"ListItem\",\"position\":2,\"name\":\"Wenn der Gerichtssaal zum Klassenzimmer wird\"}]},{\"@type\":\"WebSite\",\"@id\":\"https:\\\/\\\/armin-knab-gymnasium.de\\\/Home\\\/#website\",\"url\":\"https:\\\/\\\/armin-knab-gymnasium.de\\\/Home\\\/\",\"name\":\"Armin-Knab-Gymnasium Kitzingen\",\"description\":\"Naturwissenschaftlich-technologisches und sprachliches Gymnasium\",\"publisher\":{\"@id\":\"https:\\\/\\\/armin-knab-gymnasium.de\\\/Home\\\/#organization\"},\"potentialAction\":[{\"@type\":\"SearchAction\",\"target\":{\"@type\":\"EntryPoint\",\"urlTemplate\":\"https:\\\/\\\/armin-knab-gymnasium.de\\\/Home\\\/?s={search_term_string}\"},\"query-input\":{\"@type\":\"PropertyValueSpecification\",\"valueRequired\":true,\"valueName\":\"search_term_string\"}}],\"inLanguage\":\"de\"},{\"@type\":\"Organization\",\"@id\":\"https:\\\/\\\/armin-knab-gymnasium.de\\\/Home\\\/#organization\",\"name\":\"Armin-Knab-Gymnasium Kitzingen\",\"url\":\"https:\\\/\\\/armin-knab-gymnasium.de\\\/Home\\\/\",\"logo\":{\"@type\":\"ImageObject\",\"inLanguage\":\"de\",\"@id\":\"https:\\\/\\\/armin-knab-gymnasium.de\\\/Home\\\/#\\\/schema\\\/logo\\\/image\\\/\",\"url\":\"https:\\\/\\\/armin-knab-gymnasium.de\\\/Home\\\/wp-content\\\/uploads\\\/2016\\\/11\\\/LogoIcon.png\",\"contentUrl\":\"https:\\\/\\\/armin-knab-gymnasium.de\\\/Home\\\/wp-content\\\/uploads\\\/2016\\\/11\\\/LogoIcon.png\",\"width\":512,\"height\":512,\"caption\":\"Armin-Knab-Gymnasium Kitzingen\"},\"image\":{\"@id\":\"https:\\\/\\\/armin-knab-gymnasium.de\\\/Home\\\/#\\\/schema\\\/logo\\\/image\\\/\"}},{\"@type\":\"Person\",\"@id\":\"https:\\\/\\\/armin-knab-gymnasium.de\\\/Home\\\/#\\\/schema\\\/person\\\/8ba7aa8767096e5583dc72ce84a9ae3b\",\"name\":\"Katja Heider\",\"image\":{\"@type\":\"ImageObject\",\"inLanguage\":\"de\",\"@id\":\"https:\\\/\\\/secure.gravatar.com\\\/avatar\\\/ce63146bddb38584867a68e94e55baee2b3b74c1c0cd3f3ccfcd008212bce8fd?s=96&d=mm&r=g08be2febd8d68a1fe07569a888e17e88\",\"url\":\"https:\\\/\\\/secure.gravatar.com\\\/avatar\\\/ce63146bddb38584867a68e94e55baee2b3b74c1c0cd3f3ccfcd008212bce8fd?s=96&d=mm&r=g\",\"contentUrl\":\"https:\\\/\\\/secure.gravatar.com\\\/avatar\\\/ce63146bddb38584867a68e94e55baee2b3b74c1c0cd3f3ccfcd008212bce8fd?s=96&d=mm&r=g\",\"caption\":\"Katja Heider\"},\"sameAs\":[\"https:\\\/\\\/armin-knab-gymnasium.de\\\/Home\"],\"url\":\"https:\\\/\\\/armin-knab-gymnasium.de\\\/Home\\\/author\\\/hei\\\/\"}]}<\/script>\n<!-- \/ Yoast SEO plugin. -->","yoast_head_json":{"title":"Wenn der Gerichtssaal zum Klassenzimmer wird - Armin-Knab-Gymnasium Kitzingen","robots":{"index":"index","follow":"follow","max-snippet":"max-snippet:-1","max-image-preview":"max-image-preview:large","max-video-preview":"max-video-preview:-1"},"canonical":"https:\/\/armin-knab-gymnasium.de\/Home\/2023\/07\/27\/wenn-der-gerichtssaal-zum-klassenzimmer-wird\/","og_locale":"de_DE","og_type":"article","og_title":"Wenn der Gerichtssaal zum Klassenzimmer wird - Armin-Knab-Gymnasium Kitzingen","og_description":"Bei einem Gerichtsprozess am 20. Juli hatte die Klasse 10E die M\u00f6glichkeit am Amtsgericht Kitzingen Rechtsprechung in Realit\u00e4t zu erleben. Hierbei ging es um den Vorwurf der K\u00f6rperverletzung. Angeklagt waren... weiterlesen &raquo;","og_url":"https:\/\/armin-knab-gymnasium.de\/Home\/2023\/07\/27\/wenn-der-gerichtssaal-zum-klassenzimmer-wird\/","og_site_name":"Armin-Knab-Gymnasium Kitzingen","article_published_time":"2023-07-27T08:26:39+00:00","article_modified_time":"2023-07-27T08:26:41+00:00","og_image":[{"width":2560,"height":1630,"url":"https:\/\/armin-knab-gymnasium.de\/Home\/wp-content\/uploads\/2023\/07\/10E-am-Gericht-scaled.jpg","type":"image\/jpeg"}],"author":"Katja Heider","twitter_card":"summary_large_image","twitter_misc":{"Verfasst von":"Katja Heider","Gesch\u00e4tzte Lesezeit":"3\u00a0Minuten","Written by":"Katja Heider"},"schema":{"@context":"https:\/\/schema.org","@graph":[{"@type":"Article","@id":"https:\/\/armin-knab-gymnasium.de\/Home\/2023\/07\/27\/wenn-der-gerichtssaal-zum-klassenzimmer-wird\/#article","isPartOf":{"@id":"https:\/\/armin-knab-gymnasium.de\/Home\/2023\/07\/27\/wenn-der-gerichtssaal-zum-klassenzimmer-wird\/"},"author":{"name":"Katja Heider","@id":"https:\/\/armin-knab-gymnasium.de\/Home\/#\/schema\/person\/8ba7aa8767096e5583dc72ce84a9ae3b"},"headline":"Wenn der Gerichtssaal zum Klassenzimmer wird","datePublished":"2023-07-27T08:26:39+00:00","dateModified":"2023-07-27T08:26:41+00:00","mainEntityOfPage":{"@id":"https:\/\/armin-knab-gymnasium.de\/Home\/2023\/07\/27\/wenn-der-gerichtssaal-zum-klassenzimmer-wird\/"},"wordCount":328,"publisher":{"@id":"https:\/\/armin-knab-gymnasium.de\/Home\/#organization"},"image":{"@id":"https:\/\/armin-knab-gymnasium.de\/Home\/2023\/07\/27\/wenn-der-gerichtssaal-zum-klassenzimmer-wird\/#primaryimage"},"thumbnailUrl":"https:\/\/armin-knab-gymnasium.de\/Home\/wp-content\/uploads\/2023\/07\/10E-am-Gericht-scaled.jpg","articleSection":["Aktuelles","Wirtschaft\/Recht"],"inLanguage":"de"},{"@type":"WebPage","@id":"https:\/\/armin-knab-gymnasium.de\/Home\/2023\/07\/27\/wenn-der-gerichtssaal-zum-klassenzimmer-wird\/","url":"https:\/\/armin-knab-gymnasium.de\/Home\/2023\/07\/27\/wenn-der-gerichtssaal-zum-klassenzimmer-wird\/","name":"Wenn der Gerichtssaal zum Klassenzimmer wird - Armin-Knab-Gymnasium Kitzingen","isPartOf":{"@id":"https:\/\/armin-knab-gymnasium.de\/Home\/#website"},"primaryImageOfPage":{"@id":"https:\/\/armin-knab-gymnasium.de\/Home\/2023\/07\/27\/wenn-der-gerichtssaal-zum-klassenzimmer-wird\/#primaryimage"},"image":{"@id":"https:\/\/armin-knab-gymnasium.de\/Home\/2023\/07\/27\/wenn-der-gerichtssaal-zum-klassenzimmer-wird\/#primaryimage"},"thumbnailUrl":"https:\/\/armin-knab-gymnasium.de\/Home\/wp-content\/uploads\/2023\/07\/10E-am-Gericht-scaled.jpg","datePublished":"2023-07-27T08:26:39+00:00","dateModified":"2023-07-27T08:26:41+00:00","breadcrumb":{"@id":"https:\/\/armin-knab-gymnasium.de\/Home\/2023\/07\/27\/wenn-der-gerichtssaal-zum-klassenzimmer-wird\/#breadcrumb"},"inLanguage":"de","potentialAction":[{"@type":"ReadAction","target":["https:\/\/armin-knab-gymnasium.de\/Home\/2023\/07\/27\/wenn-der-gerichtssaal-zum-klassenzimmer-wird\/"]}]},{"@type":"ImageObject","inLanguage":"de","@id":"https:\/\/armin-knab-gymnasium.de\/Home\/2023\/07\/27\/wenn-der-gerichtssaal-zum-klassenzimmer-wird\/#primaryimage","url":"https:\/\/armin-knab-gymnasium.de\/Home\/wp-content\/uploads\/2023\/07\/10E-am-Gericht-scaled.jpg","contentUrl":"https:\/\/armin-knab-gymnasium.de\/Home\/wp-content\/uploads\/2023\/07\/10E-am-Gericht-scaled.jpg","width":2560,"height":1630},{"@type":"BreadcrumbList","@id":"https:\/\/armin-knab-gymnasium.de\/Home\/2023\/07\/27\/wenn-der-gerichtssaal-zum-klassenzimmer-wird\/#breadcrumb","itemListElement":[{"@type":"ListItem","position":1,"name":"Startseite","item":"https:\/\/armin-knab-gymnasium.de\/Home\/"},{"@type":"ListItem","position":2,"name":"Wenn der Gerichtssaal zum Klassenzimmer wird"}]},{"@type":"WebSite","@id":"https:\/\/armin-knab-gymnasium.de\/Home\/#website","url":"https:\/\/armin-knab-gymnasium.de\/Home\/","name":"Armin-Knab-Gymnasium Kitzingen","description":"Naturwissenschaftlich-technologisches und sprachliches Gymnasium","publisher":{"@id":"https:\/\/armin-knab-gymnasium.de\/Home\/#organization"},"potentialAction":[{"@type":"SearchAction","target":{"@type":"EntryPoint","urlTemplate":"https:\/\/armin-knab-gymnasium.de\/Home\/?s={search_term_string}"},"query-input":{"@type":"PropertyValueSpecification","valueRequired":true,"valueName":"search_term_string"}}],"inLanguage":"de"},{"@type":"Organization","@id":"https:\/\/armin-knab-gymnasium.de\/Home\/#organization","name":"Armin-Knab-Gymnasium Kitzingen","url":"https:\/\/armin-knab-gymnasium.de\/Home\/","logo":{"@type":"ImageObject","inLanguage":"de","@id":"https:\/\/armin-knab-gymnasium.de\/Home\/#\/schema\/logo\/image\/","url":"https:\/\/armin-knab-gymnasium.de\/Home\/wp-content\/uploads\/2016\/11\/LogoIcon.png","contentUrl":"https:\/\/armin-knab-gymnasium.de\/Home\/wp-content\/uploads\/2016\/11\/LogoIcon.png","width":512,"height":512,"caption":"Armin-Knab-Gymnasium Kitzingen"},"image":{"@id":"https:\/\/armin-knab-gymnasium.de\/Home\/#\/schema\/logo\/image\/"}},{"@type":"Person","@id":"https:\/\/armin-knab-gymnasium.de\/Home\/#\/schema\/person\/8ba7aa8767096e5583dc72ce84a9ae3b","name":"Katja Heider","image":{"@type":"ImageObject","inLanguage":"de","@id":"https:\/\/secure.gravatar.com\/avatar\/ce63146bddb38584867a68e94e55baee2b3b74c1c0cd3f3ccfcd008212bce8fd?s=96&d=mm&r=g08be2febd8d68a1fe07569a888e17e88","url":"https:\/\/secure.gravatar.com\/avatar\/ce63146bddb38584867a68e94e55baee2b3b74c1c0cd3f3ccfcd008212bce8fd?s=96&d=mm&r=g","contentUrl":"https:\/\/secure.gravatar.com\/avatar\/ce63146bddb38584867a68e94e55baee2b3b74c1c0cd3f3ccfcd008212bce8fd?s=96&d=mm&r=g","caption":"Katja Heider"},"sameAs":["https:\/\/armin-knab-gymnasium.de\/Home"],"url":"https:\/\/armin-knab-gymnasium.de\/Home\/author\/hei\/"}]}},"publishpress_future_action":{"enabled":false,"date":"2026-05-08 04:17:13","action":"change-status","newStatus":"draft","terms":[],"taxonomy":"category","extraData":[]},"publishpress_future_workflow_manual_trigger":{"enabledWorkflows":[]},"_links":{"self":[{"href":"https:\/\/armin-knab-gymnasium.de\/Home\/wp-json\/wp\/v2\/posts\/15196","targetHints":{"allow":["GET"]}}],"collection":[{"href":"https:\/\/armin-knab-gymnasium.de\/Home\/wp-json\/wp\/v2\/posts"}],"about":[{"href":"https:\/\/armin-knab-gymnasium.de\/Home\/wp-json\/wp\/v2\/types\/post"}],"author":[{"embeddable":true,"href":"https:\/\/armin-knab-gymnasium.de\/Home\/wp-json\/wp\/v2\/users\/1042"}],"replies":[{"embeddable":true,"href":"https:\/\/armin-knab-gymnasium.de\/Home\/wp-json\/wp\/v2\/comments?post=15196"}],"version-history":[{"count":1,"href":"https:\/\/armin-knab-gymnasium.de\/Home\/wp-json\/wp\/v2\/posts\/15196\/revisions"}],"predecessor-version":[{"id":15200,"href":"https:\/\/armin-knab-gymnasium.de\/Home\/wp-json\/wp\/v2\/posts\/15196\/revisions\/15200"}],"wp:featuredmedia":[{"embeddable":true,"href":"https:\/\/armin-knab-gymnasium.de\/Home\/wp-json\/wp\/v2\/media\/15197"}],"wp:attachment":[{"href":"https:\/\/armin-knab-gymnasium.de\/Home\/wp-json\/wp\/v2\/media?parent=15196"}],"wp:term":[{"taxonomy":"category","embeddable":true,"href":"https:\/\/armin-knab-gymnasium.de\/Home\/wp-json\/wp\/v2\/categories?post=15196"},{"taxonomy":"post_tag","embeddable":true,"href":"https:\/\/armin-knab-gymnasium.de\/Home\/wp-json\/wp\/v2\/tags?post=15196"},{"taxonomy":"author","embeddable":true,"href":"https:\/\/armin-knab-gymnasium.de\/Home\/wp-json\/wp\/v2\/coauthors?post=15196"}],"curies":[{"name":"wp","href":"https:\/\/api.w.org\/{rel}","templated":true}]}}