{"id":15939,"date":"2023-12-21T13:06:45","date_gmt":"2023-12-21T12:06:45","guid":{"rendered":"https:\/\/armin-knab-gymnasium.de\/Home\/?p=15939"},"modified":"2023-12-21T13:06:45","modified_gmt":"2023-12-21T12:06:45","slug":"vorlesewettbewerb-2023","status":"publish","type":"post","link":"https:\/\/armin-knab-gymnasium.de\/Home\/2023\/12\/21\/vorlesewettbewerb-2023\/","title":{"rendered":"Vorlesewettbewerb 2023"},"content":{"rendered":"\n<p>Auch in diesem Schuljahr fand wieder der Schulentscheid des Vorlesewettbewerbs statt. Die Lesek\u00f6nige der einzelnen sechsten Klassen, Luca Rosenberger 6A, Hannes Vogel 6B, Henri R\u00fcttiger 6C und Jakob Maier 6D, also eine reine Herrenrunde, traten in unserer sch\u00f6nen Schulbibliothek gegeneinander an und lasen den bekannten Text aus von ihnen selbst gew\u00e4hlten B\u00fcchern. Dabei stand Rick Riordan mit \u201ePercy Jackson\u201c und \u201eDie Abenteuer des Apollo\u201c ganz hoch im Kurs. Au\u00dferdem wurde aus \u201eHarry Potter und der Stein der Weisen\u201c von J. K. Rowling &nbsp;und \u201eAdresse unbekannt\u201c von Susin Nielsen vorgelesen. Alle Teilnehmer waren sehr gut vorbereitet und lasen mit viel Herzblut.<\/p>\n\n\n\n<p>Der unbekannt Text stammte aus Cornelia Funkes \u201eTintenherz\u201c und die Sch\u00fcler durften in die spannende Welt von Staubfinger eintauchen.<\/p>\n\n\n\n<p>Am sch\u00f6nsten und mitrei\u00dfendsten hatte Henri R\u00fcttiger gelesen und darf nun als Schulsieger auf der n\u00e4chsten Ebene das Armin-Knab-Gymnasium vertreten.<\/p>\n","protected":false},"excerpt":{"rendered":"<p>Auch in diesem Schuljahr fand wieder der Schulentscheid des Vorlesewettbewerbs statt. Die Lesek\u00f6nige der einzelnen sechsten Klassen, Luca Rosenberger 6A, Hannes Vogel 6B, Henri R\u00fcttiger 6C und Jakob Maier 6D,&#8230; <a href=\"https:\/\/armin-knab-gymnasium.de\/Home\/2023\/12\/21\/vorlesewettbewerb-2023\/\">weiterlesen &raquo;<\/a><\/p>\n","protected":false},"author":1006,"featured_media":15940,"comment_status":"closed","ping_status":"closed","sticky":false,"template":"","format":"standard","meta":{"ghostkit_customizer_options":"","ghostkit_custom_css":"","ghostkit_custom_js_head":"","ghostkit_custom_js_foot":"","ghostkit_typography":"","footnotes":""},"categories":[75],"tags":[],"coauthors":[56],"class_list":["post-15939","post","type-post","status-publish","format-standard","has-post-thumbnail","hentry","category-deutsch"],"yoast_head":"<!-- This site is optimized with the Yoast SEO plugin v27.5 - https:\/\/yoast.com\/product\/yoast-seo-wordpress\/ -->\n<title>Vorlesewettbewerb 2023 - Armin-Knab-Gymnasium Kitzingen<\/title>\n<meta name=\"robots\" content=\"index, follow, max-snippet:-1, max-image-preview:large, max-video-preview:-1\" \/>\n<link rel=\"canonical\" href=\"https:\/\/armin-knab-gymnasium.de\/Home\/2023\/12\/21\/vorlesewettbewerb-2023\/\" \/>\n<meta property=\"og:locale\" content=\"de_DE\" \/>\n<meta property=\"og:type\" content=\"article\" \/>\n<meta property=\"og:title\" content=\"Vorlesewettbewerb 2023 - Armin-Knab-Gymnasium Kitzingen\" \/>\n<meta property=\"og:description\" content=\"Auch in diesem Schuljahr fand wieder der Schulentscheid des Vorlesewettbewerbs statt. Die Lesek\u00f6nige der einzelnen sechsten Klassen, Luca Rosenberger 6A, Hannes Vogel 6B, Henri R\u00fcttiger 6C und Jakob Maier 6D,... weiterlesen &raquo;\" \/>\n<meta property=\"og:url\" content=\"https:\/\/armin-knab-gymnasium.de\/Home\/2023\/12\/21\/vorlesewettbewerb-2023\/\" \/>\n<meta property=\"og:site_name\" content=\"Armin-Knab-Gymnasium Kitzingen\" \/>\n<meta property=\"article:published_time\" content=\"2023-12-21T12:06:45+00:00\" \/>\n<meta property=\"og:image\" content=\"https:\/\/armin-knab-gymnasium.de\/Home\/wp-content\/uploads\/2023\/12\/Vorlesewettbewerb-scaled.jpg\" \/>\n\t<meta property=\"og:image:width\" content=\"2560\" \/>\n\t<meta property=\"og:image:height\" content=\"2053\" \/>\n\t<meta property=\"og:image:type\" content=\"image\/jpeg\" \/>\n<meta name=\"author\" content=\"Barbara Bayer\" \/>\n<meta name=\"twitter:card\" content=\"summary_large_image\" \/>\n<meta name=\"twitter:label1\" content=\"Verfasst von\" \/>\n\t<meta name=\"twitter:data1\" content=\"Barbara Bayer\" \/>\n\t<meta name=\"twitter:label2\" content=\"Gesch\u00e4tzte Lesezeit\" \/>\n\t<meta name=\"twitter:data2\" content=\"1\u00a0Minute\" \/>\n\t<meta name=\"twitter:label3\" content=\"Written by\" \/>\n\t<meta name=\"twitter:data3\" content=\"Barbara Bayer\" \/>\n<script type=\"application\/ld+json\" class=\"yoast-schema-graph\">{\"@context\":\"https:\\\/\\\/schema.org\",\"@graph\":[{\"@type\":\"Article\",\"@id\":\"https:\\\/\\\/armin-knab-gymnasium.de\\\/Home\\\/2023\\\/12\\\/21\\\/vorlesewettbewerb-2023\\\/#article\",\"isPartOf\":{\"@id\":\"https:\\\/\\\/armin-knab-gymnasium.de\\\/Home\\\/2023\\\/12\\\/21\\\/vorlesewettbewerb-2023\\\/\"},\"author\":{\"name\":\"Barbara Bayer\",\"@id\":\"https:\\\/\\\/armin-knab-gymnasium.de\\\/Home\\\/#\\\/schema\\\/person\\\/b224d097d2615e62b1f1a22a1500a080\"},\"headline\":\"Vorlesewettbewerb 2023\",\"datePublished\":\"2023-12-21T12:06:45+00:00\",\"mainEntityOfPage\":{\"@id\":\"https:\\\/\\\/armin-knab-gymnasium.de\\\/Home\\\/2023\\\/12\\\/21\\\/vorlesewettbewerb-2023\\\/\"},\"wordCount\":152,\"publisher\":{\"@id\":\"https:\\\/\\\/armin-knab-gymnasium.de\\\/Home\\\/#organization\"},\"image\":{\"@id\":\"https:\\\/\\\/armin-knab-gymnasium.de\\\/Home\\\/2023\\\/12\\\/21\\\/vorlesewettbewerb-2023\\\/#primaryimage\"},\"thumbnailUrl\":\"https:\\\/\\\/armin-knab-gymnasium.de\\\/Home\\\/wp-content\\\/uploads\\\/2023\\\/12\\\/Vorlesewettbewerb-scaled.jpg\",\"articleSection\":[\"Deutsch\"],\"inLanguage\":\"de\"},{\"@type\":\"WebPage\",\"@id\":\"https:\\\/\\\/armin-knab-gymnasium.de\\\/Home\\\/2023\\\/12\\\/21\\\/vorlesewettbewerb-2023\\\/\",\"url\":\"https:\\\/\\\/armin-knab-gymnasium.de\\\/Home\\\/2023\\\/12\\\/21\\\/vorlesewettbewerb-2023\\\/\",\"name\":\"Vorlesewettbewerb 2023 - Armin-Knab-Gymnasium Kitzingen\",\"isPartOf\":{\"@id\":\"https:\\\/\\\/armin-knab-gymnasium.de\\\/Home\\\/#website\"},\"primaryImageOfPage\":{\"@id\":\"https:\\\/\\\/armin-knab-gymnasium.de\\\/Home\\\/2023\\\/12\\\/21\\\/vorlesewettbewerb-2023\\\/#primaryimage\"},\"image\":{\"@id\":\"https:\\\/\\\/armin-knab-gymnasium.de\\\/Home\\\/2023\\\/12\\\/21\\\/vorlesewettbewerb-2023\\\/#primaryimage\"},\"thumbnailUrl\":\"https:\\\/\\\/armin-knab-gymnasium.de\\\/Home\\\/wp-content\\\/uploads\\\/2023\\\/12\\\/Vorlesewettbewerb-scaled.jpg\",\"datePublished\":\"2023-12-21T12:06:45+00:00\",\"breadcrumb\":{\"@id\":\"https:\\\/\\\/armin-knab-gymnasium.de\\\/Home\\\/2023\\\/12\\\/21\\\/vorlesewettbewerb-2023\\\/#breadcrumb\"},\"inLanguage\":\"de\",\"potentialAction\":[{\"@type\":\"ReadAction\",\"target\":[\"https:\\\/\\\/armin-knab-gymnasium.de\\\/Home\\\/2023\\\/12\\\/21\\\/vorlesewettbewerb-2023\\\/\"]}]},{\"@type\":\"ImageObject\",\"inLanguage\":\"de\",\"@id\":\"https:\\\/\\\/armin-knab-gymnasium.de\\\/Home\\\/2023\\\/12\\\/21\\\/vorlesewettbewerb-2023\\\/#primaryimage\",\"url\":\"https:\\\/\\\/armin-knab-gymnasium.de\\\/Home\\\/wp-content\\\/uploads\\\/2023\\\/12\\\/Vorlesewettbewerb-scaled.jpg\",\"contentUrl\":\"https:\\\/\\\/armin-knab-gymnasium.de\\\/Home\\\/wp-content\\\/uploads\\\/2023\\\/12\\\/Vorlesewettbewerb-scaled.jpg\",\"width\":2560,\"height\":2053},{\"@type\":\"BreadcrumbList\",\"@id\":\"https:\\\/\\\/armin-knab-gymnasium.de\\\/Home\\\/2023\\\/12\\\/21\\\/vorlesewettbewerb-2023\\\/#breadcrumb\",\"itemListElement\":[{\"@type\":\"ListItem\",\"position\":1,\"name\":\"Startseite\",\"item\":\"https:\\\/\\\/armin-knab-gymnasium.de\\\/Home\\\/\"},{\"@type\":\"ListItem\",\"position\":2,\"name\":\"Vorlesewettbewerb 2023\"}]},{\"@type\":\"WebSite\",\"@id\":\"https:\\\/\\\/armin-knab-gymnasium.de\\\/Home\\\/#website\",\"url\":\"https:\\\/\\\/armin-knab-gymnasium.de\\\/Home\\\/\",\"name\":\"Armin-Knab-Gymnasium Kitzingen\",\"description\":\"Naturwissenschaftlich-technologisches und sprachliches Gymnasium\",\"publisher\":{\"@id\":\"https:\\\/\\\/armin-knab-gymnasium.de\\\/Home\\\/#organization\"},\"potentialAction\":[{\"@type\":\"SearchAction\",\"target\":{\"@type\":\"EntryPoint\",\"urlTemplate\":\"https:\\\/\\\/armin-knab-gymnasium.de\\\/Home\\\/?s={search_term_string}\"},\"query-input\":{\"@type\":\"PropertyValueSpecification\",\"valueRequired\":true,\"valueName\":\"search_term_string\"}}],\"inLanguage\":\"de\"},{\"@type\":\"Organization\",\"@id\":\"https:\\\/\\\/armin-knab-gymnasium.de\\\/Home\\\/#organization\",\"name\":\"Armin-Knab-Gymnasium Kitzingen\",\"url\":\"https:\\\/\\\/armin-knab-gymnasium.de\\\/Home\\\/\",\"logo\":{\"@type\":\"ImageObject\",\"inLanguage\":\"de\",\"@id\":\"https:\\\/\\\/armin-knab-gymnasium.de\\\/Home\\\/#\\\/schema\\\/logo\\\/image\\\/\",\"url\":\"https:\\\/\\\/armin-knab-gymnasium.de\\\/Home\\\/wp-content\\\/uploads\\\/2016\\\/11\\\/LogoIcon.png\",\"contentUrl\":\"https:\\\/\\\/armin-knab-gymnasium.de\\\/Home\\\/wp-content\\\/uploads\\\/2016\\\/11\\\/LogoIcon.png\",\"width\":512,\"height\":512,\"caption\":\"Armin-Knab-Gymnasium Kitzingen\"},\"image\":{\"@id\":\"https:\\\/\\\/armin-knab-gymnasium.de\\\/Home\\\/#\\\/schema\\\/logo\\\/image\\\/\"}},{\"@type\":\"Person\",\"@id\":\"https:\\\/\\\/armin-knab-gymnasium.de\\\/Home\\\/#\\\/schema\\\/person\\\/b224d097d2615e62b1f1a22a1500a080\",\"name\":\"Barbara Bayer\",\"image\":{\"@type\":\"ImageObject\",\"inLanguage\":\"de\",\"@id\":\"https:\\\/\\\/secure.gravatar.com\\\/avatar\\\/e2b29d7a00de6819400481e9aeb793faa589b6484b5a9bbeb61d61f00066f99d?s=96&d=mm&r=g27e6188aa5678bbbc53c4c85730908cb\",\"url\":\"https:\\\/\\\/secure.gravatar.com\\\/avatar\\\/e2b29d7a00de6819400481e9aeb793faa589b6484b5a9bbeb61d61f00066f99d?s=96&d=mm&r=g\",\"contentUrl\":\"https:\\\/\\\/secure.gravatar.com\\\/avatar\\\/e2b29d7a00de6819400481e9aeb793faa589b6484b5a9bbeb61d61f00066f99d?s=96&d=mm&r=g\",\"caption\":\"Barbara Bayer\"},\"sameAs\":[\"https:\\\/\\\/armin-knab-gymnasium.de\\\/Home\"],\"url\":\"https:\\\/\\\/armin-knab-gymnasium.de\\\/Home\\\/author\\\/bay\\\/\"}]}<\/script>\n<!-- \/ Yoast SEO plugin. -->","yoast_head_json":{"title":"Vorlesewettbewerb 2023 - Armin-Knab-Gymnasium Kitzingen","robots":{"index":"index","follow":"follow","max-snippet":"max-snippet:-1","max-image-preview":"max-image-preview:large","max-video-preview":"max-video-preview:-1"},"canonical":"https:\/\/armin-knab-gymnasium.de\/Home\/2023\/12\/21\/vorlesewettbewerb-2023\/","og_locale":"de_DE","og_type":"article","og_title":"Vorlesewettbewerb 2023 - Armin-Knab-Gymnasium Kitzingen","og_description":"Auch in diesem Schuljahr fand wieder der Schulentscheid des Vorlesewettbewerbs statt. Die Lesek\u00f6nige der einzelnen sechsten Klassen, Luca Rosenberger 6A, Hannes Vogel 6B, Henri R\u00fcttiger 6C und Jakob Maier 6D,... weiterlesen &raquo;","og_url":"https:\/\/armin-knab-gymnasium.de\/Home\/2023\/12\/21\/vorlesewettbewerb-2023\/","og_site_name":"Armin-Knab-Gymnasium Kitzingen","article_published_time":"2023-12-21T12:06:45+00:00","og_image":[{"width":2560,"height":2053,"url":"https:\/\/armin-knab-gymnasium.de\/Home\/wp-content\/uploads\/2023\/12\/Vorlesewettbewerb-scaled.jpg","type":"image\/jpeg"}],"author":"Barbara Bayer","twitter_card":"summary_large_image","twitter_misc":{"Verfasst von":"Barbara Bayer","Gesch\u00e4tzte Lesezeit":"1\u00a0Minute","Written by":"Barbara Bayer"},"schema":{"@context":"https:\/\/schema.org","@graph":[{"@type":"Article","@id":"https:\/\/armin-knab-gymnasium.de\/Home\/2023\/12\/21\/vorlesewettbewerb-2023\/#article","isPartOf":{"@id":"https:\/\/armin-knab-gymnasium.de\/Home\/2023\/12\/21\/vorlesewettbewerb-2023\/"},"author":{"name":"Barbara Bayer","@id":"https:\/\/armin-knab-gymnasium.de\/Home\/#\/schema\/person\/b224d097d2615e62b1f1a22a1500a080"},"headline":"Vorlesewettbewerb 2023","datePublished":"2023-12-21T12:06:45+00:00","mainEntityOfPage":{"@id":"https:\/\/armin-knab-gymnasium.de\/Home\/2023\/12\/21\/vorlesewettbewerb-2023\/"},"wordCount":152,"publisher":{"@id":"https:\/\/armin-knab-gymnasium.de\/Home\/#organization"},"image":{"@id":"https:\/\/armin-knab-gymnasium.de\/Home\/2023\/12\/21\/vorlesewettbewerb-2023\/#primaryimage"},"thumbnailUrl":"https:\/\/armin-knab-gymnasium.de\/Home\/wp-content\/uploads\/2023\/12\/Vorlesewettbewerb-scaled.jpg","articleSection":["Deutsch"],"inLanguage":"de"},{"@type":"WebPage","@id":"https:\/\/armin-knab-gymnasium.de\/Home\/2023\/12\/21\/vorlesewettbewerb-2023\/","url":"https:\/\/armin-knab-gymnasium.de\/Home\/2023\/12\/21\/vorlesewettbewerb-2023\/","name":"Vorlesewettbewerb 2023 - Armin-Knab-Gymnasium Kitzingen","isPartOf":{"@id":"https:\/\/armin-knab-gymnasium.de\/Home\/#website"},"primaryImageOfPage":{"@id":"https:\/\/armin-knab-gymnasium.de\/Home\/2023\/12\/21\/vorlesewettbewerb-2023\/#primaryimage"},"image":{"@id":"https:\/\/armin-knab-gymnasium.de\/Home\/2023\/12\/21\/vorlesewettbewerb-2023\/#primaryimage"},"thumbnailUrl":"https:\/\/armin-knab-gymnasium.de\/Home\/wp-content\/uploads\/2023\/12\/Vorlesewettbewerb-scaled.jpg","datePublished":"2023-12-21T12:06:45+00:00","breadcrumb":{"@id":"https:\/\/armin-knab-gymnasium.de\/Home\/2023\/12\/21\/vorlesewettbewerb-2023\/#breadcrumb"},"inLanguage":"de","potentialAction":[{"@type":"ReadAction","target":["https:\/\/armin-knab-gymnasium.de\/Home\/2023\/12\/21\/vorlesewettbewerb-2023\/"]}]},{"@type":"ImageObject","inLanguage":"de","@id":"https:\/\/armin-knab-gymnasium.de\/Home\/2023\/12\/21\/vorlesewettbewerb-2023\/#primaryimage","url":"https:\/\/armin-knab-gymnasium.de\/Home\/wp-content\/uploads\/2023\/12\/Vorlesewettbewerb-scaled.jpg","contentUrl":"https:\/\/armin-knab-gymnasium.de\/Home\/wp-content\/uploads\/2023\/12\/Vorlesewettbewerb-scaled.jpg","width":2560,"height":2053},{"@type":"BreadcrumbList","@id":"https:\/\/armin-knab-gymnasium.de\/Home\/2023\/12\/21\/vorlesewettbewerb-2023\/#breadcrumb","itemListElement":[{"@type":"ListItem","position":1,"name":"Startseite","item":"https:\/\/armin-knab-gymnasium.de\/Home\/"},{"@type":"ListItem","position":2,"name":"Vorlesewettbewerb 2023"}]},{"@type":"WebSite","@id":"https:\/\/armin-knab-gymnasium.de\/Home\/#website","url":"https:\/\/armin-knab-gymnasium.de\/Home\/","name":"Armin-Knab-Gymnasium Kitzingen","description":"Naturwissenschaftlich-technologisches und sprachliches Gymnasium","publisher":{"@id":"https:\/\/armin-knab-gymnasium.de\/Home\/#organization"},"potentialAction":[{"@type":"SearchAction","target":{"@type":"EntryPoint","urlTemplate":"https:\/\/armin-knab-gymnasium.de\/Home\/?s={search_term_string}"},"query-input":{"@type":"PropertyValueSpecification","valueRequired":true,"valueName":"search_term_string"}}],"inLanguage":"de"},{"@type":"Organization","@id":"https:\/\/armin-knab-gymnasium.de\/Home\/#organization","name":"Armin-Knab-Gymnasium Kitzingen","url":"https:\/\/armin-knab-gymnasium.de\/Home\/","logo":{"@type":"ImageObject","inLanguage":"de","@id":"https:\/\/armin-knab-gymnasium.de\/Home\/#\/schema\/logo\/image\/","url":"https:\/\/armin-knab-gymnasium.de\/Home\/wp-content\/uploads\/2016\/11\/LogoIcon.png","contentUrl":"https:\/\/armin-knab-gymnasium.de\/Home\/wp-content\/uploads\/2016\/11\/LogoIcon.png","width":512,"height":512,"caption":"Armin-Knab-Gymnasium Kitzingen"},"image":{"@id":"https:\/\/armin-knab-gymnasium.de\/Home\/#\/schema\/logo\/image\/"}},{"@type":"Person","@id":"https:\/\/armin-knab-gymnasium.de\/Home\/#\/schema\/person\/b224d097d2615e62b1f1a22a1500a080","name":"Barbara Bayer","image":{"@type":"ImageObject","inLanguage":"de","@id":"https:\/\/secure.gravatar.com\/avatar\/e2b29d7a00de6819400481e9aeb793faa589b6484b5a9bbeb61d61f00066f99d?s=96&d=mm&r=g27e6188aa5678bbbc53c4c85730908cb","url":"https:\/\/secure.gravatar.com\/avatar\/e2b29d7a00de6819400481e9aeb793faa589b6484b5a9bbeb61d61f00066f99d?s=96&d=mm&r=g","contentUrl":"https:\/\/secure.gravatar.com\/avatar\/e2b29d7a00de6819400481e9aeb793faa589b6484b5a9bbeb61d61f00066f99d?s=96&d=mm&r=g","caption":"Barbara Bayer"},"sameAs":["https:\/\/armin-knab-gymnasium.de\/Home"],"url":"https:\/\/armin-knab-gymnasium.de\/Home\/author\/bay\/"}]}},"publishpress_future_action":{"enabled":false,"date":"2026-05-05 15:37:15","action":"change-status","newStatus":"draft","terms":[],"taxonomy":"category","extraData":[]},"publishpress_future_workflow_manual_trigger":{"enabledWorkflows":[]},"_links":{"self":[{"href":"https:\/\/armin-knab-gymnasium.de\/Home\/wp-json\/wp\/v2\/posts\/15939","targetHints":{"allow":["GET"]}}],"collection":[{"href":"https:\/\/armin-knab-gymnasium.de\/Home\/wp-json\/wp\/v2\/posts"}],"about":[{"href":"https:\/\/armin-knab-gymnasium.de\/Home\/wp-json\/wp\/v2\/types\/post"}],"author":[{"embeddable":true,"href":"https:\/\/armin-knab-gymnasium.de\/Home\/wp-json\/wp\/v2\/users\/1006"}],"replies":[{"embeddable":true,"href":"https:\/\/armin-knab-gymnasium.de\/Home\/wp-json\/wp\/v2\/comments?post=15939"}],"version-history":[{"count":1,"href":"https:\/\/armin-knab-gymnasium.de\/Home\/wp-json\/wp\/v2\/posts\/15939\/revisions"}],"predecessor-version":[{"id":15941,"href":"https:\/\/armin-knab-gymnasium.de\/Home\/wp-json\/wp\/v2\/posts\/15939\/revisions\/15941"}],"wp:featuredmedia":[{"embeddable":true,"href":"https:\/\/armin-knab-gymnasium.de\/Home\/wp-json\/wp\/v2\/media\/15940"}],"wp:attachment":[{"href":"https:\/\/armin-knab-gymnasium.de\/Home\/wp-json\/wp\/v2\/media?parent=15939"}],"wp:term":[{"taxonomy":"category","embeddable":true,"href":"https:\/\/armin-knab-gymnasium.de\/Home\/wp-json\/wp\/v2\/categories?post=15939"},{"taxonomy":"post_tag","embeddable":true,"href":"https:\/\/armin-knab-gymnasium.de\/Home\/wp-json\/wp\/v2\/tags?post=15939"},{"taxonomy":"author","embeddable":true,"href":"https:\/\/armin-knab-gymnasium.de\/Home\/wp-json\/wp\/v2\/coauthors?post=15939"}],"curies":[{"name":"wp","href":"https:\/\/api.w.org\/{rel}","templated":true}]}}