{"id":16377,"date":"2024-06-03T08:42:46","date_gmt":"2024-06-03T06:42:46","guid":{"rendered":"https:\/\/armin-knab-gymnasium.de\/Home\/?p=16377"},"modified":"2024-06-03T08:42:47","modified_gmt":"2024-06-03T06:42:47","slug":"rap-wettbewerb-der-siebten-klassen-2024","status":"publish","type":"post","link":"https:\/\/armin-knab-gymnasium.de\/Home\/2024\/06\/03\/rap-wettbewerb-der-siebten-klassen-2024\/","title":{"rendered":"Rap-Wettbewerb der siebten Klassen 2024"},"content":{"rendered":"\n<p>Am 17. Mai 2024 fand zum zweiten Mal der Rap-Wettbewerb der siebten Klasse statt. Die Sch\u00fcler der Klassen 7A , 7B und 7C hatten die Wochen davor in Gruppen eingeteilt begeistert im Unterricht an ihren eigenen Texten geschrieben. Zusammen mit dem Organisator und Musiklehrer Herrn Fries hatten sie einzigartige Beats kreiert. Endlich kam der gro\u00dfe Tag, an dem zwei von der jeweiligen Klasse gew\u00e4hlte Teams vor der Jury, bestehend aus den letztj\u00e4hrigen Siegern Mika Fexer, Max Seufert und Maximilian W\u00e4chter, ihren eigenen Rap in der Mensa vortragen durften. Alle sechs Teams zeigten einen gro\u00dfen Siegeswillen und ihre jeweiligen Klassen feuerten sie kr\u00e4ftig an. Nach einer Ausscheidungsrunde und der Pause, in der die Nerven aller Teilnehmer zum Zerrei\u00dfen gespannt waren, durften drei der sechs Teams noch einmal in der finalen und entscheidenden Runde gegeneinander antreten. Es kam zu einer Stichwahl zwischen den zwei besten Teams, beide aus der 7B. Ein Team bestand nur aus einem Sch\u00fcler, da dessen Partner leider unsere Schule verlassen hatte. Letzteres tat dem Erfolg keinen Abbruch. Max Rambow war alleine der gl\u00fcckliche Gewinner des Rap-Battle, dicht gefolgt vom Team von Constantin Giehl, Jonathan Holzheid und Antonio Roder. Der stolze Gewinner empfing unter lautem Gejubel der begeisterten Klassen seine Siegesurkunde.<\/p>\n\n\n\n<p>Ein voller Erfolg!<\/p>\n","protected":false},"excerpt":{"rendered":"<p>Am 17. Mai 2024 fand zum zweiten Mal der Rap-Wettbewerb der siebten Klasse statt. Die Sch\u00fcler der Klassen 7A , 7B und 7C hatten die Wochen davor in Gruppen eingeteilt&#8230; <a href=\"https:\/\/armin-knab-gymnasium.de\/Home\/2024\/06\/03\/rap-wettbewerb-der-siebten-klassen-2024\/\">weiterlesen &raquo;<\/a><\/p>\n","protected":false},"author":1018,"featured_media":16378,"comment_status":"closed","ping_status":"closed","sticky":false,"template":"","format":"standard","meta":{"ghostkit_customizer_options":"","ghostkit_custom_css":"","ghostkit_custom_js_head":"","ghostkit_custom_js_foot":"","ghostkit_typography":"","footnotes":""},"categories":[84],"tags":[],"coauthors":[65],"class_list":["post-16377","post","type-post","status-publish","format-standard","has-post-thumbnail","hentry","category-musik"],"yoast_head":"<!-- This site is optimized with the Yoast SEO plugin v27.5 - https:\/\/yoast.com\/product\/yoast-seo-wordpress\/ -->\n<title>Rap-Wettbewerb der siebten Klassen 2024 - Armin-Knab-Gymnasium Kitzingen<\/title>\n<meta name=\"robots\" content=\"index, follow, max-snippet:-1, max-image-preview:large, max-video-preview:-1\" \/>\n<link rel=\"canonical\" href=\"https:\/\/armin-knab-gymnasium.de\/Home\/2024\/06\/03\/rap-wettbewerb-der-siebten-klassen-2024\/\" \/>\n<meta property=\"og:locale\" content=\"de_DE\" \/>\n<meta property=\"og:type\" content=\"article\" \/>\n<meta property=\"og:title\" content=\"Rap-Wettbewerb der siebten Klassen 2024 - Armin-Knab-Gymnasium Kitzingen\" \/>\n<meta property=\"og:description\" content=\"Am 17. Mai 2024 fand zum zweiten Mal der Rap-Wettbewerb der siebten Klasse statt. Die Sch\u00fcler der Klassen 7A , 7B und 7C hatten die Wochen davor in Gruppen eingeteilt... weiterlesen &raquo;\" \/>\n<meta property=\"og:url\" content=\"https:\/\/armin-knab-gymnasium.de\/Home\/2024\/06\/03\/rap-wettbewerb-der-siebten-klassen-2024\/\" \/>\n<meta property=\"og:site_name\" content=\"Armin-Knab-Gymnasium Kitzingen\" \/>\n<meta property=\"article:published_time\" content=\"2024-06-03T06:42:46+00:00\" \/>\n<meta property=\"article:modified_time\" content=\"2024-06-03T06:42:47+00:00\" \/>\n<meta property=\"og:image\" content=\"https:\/\/armin-knab-gymnasium.de\/Home\/wp-content\/uploads\/2024\/06\/Max-Rambow-scaled.jpg\" \/>\n\t<meta property=\"og:image:width\" content=\"2560\" \/>\n\t<meta property=\"og:image:height\" content=\"1958\" \/>\n\t<meta property=\"og:image:type\" content=\"image\/jpeg\" \/>\n<meta name=\"author\" content=\"Burkard Fries\" \/>\n<meta name=\"twitter:card\" content=\"summary_large_image\" \/>\n<meta name=\"twitter:label1\" content=\"Verfasst von\" \/>\n\t<meta name=\"twitter:data1\" content=\"Burkard Fries\" \/>\n\t<meta name=\"twitter:label2\" content=\"Gesch\u00e4tzte Lesezeit\" \/>\n\t<meta name=\"twitter:data2\" content=\"2\u00a0Minuten\" \/>\n\t<meta name=\"twitter:label3\" content=\"Written by\" \/>\n\t<meta name=\"twitter:data3\" content=\"Burkard Fries\" \/>\n<script type=\"application\/ld+json\" class=\"yoast-schema-graph\">{\"@context\":\"https:\\\/\\\/schema.org\",\"@graph\":[{\"@type\":\"Article\",\"@id\":\"https:\\\/\\\/armin-knab-gymnasium.de\\\/Home\\\/2024\\\/06\\\/03\\\/rap-wettbewerb-der-siebten-klassen-2024\\\/#article\",\"isPartOf\":{\"@id\":\"https:\\\/\\\/armin-knab-gymnasium.de\\\/Home\\\/2024\\\/06\\\/03\\\/rap-wettbewerb-der-siebten-klassen-2024\\\/\"},\"author\":{\"name\":\"Burkard Fries\",\"@id\":\"https:\\\/\\\/armin-knab-gymnasium.de\\\/Home\\\/#\\\/schema\\\/person\\\/400696c2cab374992d38ea0ef39c511b\"},\"headline\":\"Rap-Wettbewerb der siebten Klassen 2024\",\"datePublished\":\"2024-06-03T06:42:46+00:00\",\"dateModified\":\"2024-06-03T06:42:47+00:00\",\"mainEntityOfPage\":{\"@id\":\"https:\\\/\\\/armin-knab-gymnasium.de\\\/Home\\\/2024\\\/06\\\/03\\\/rap-wettbewerb-der-siebten-klassen-2024\\\/\"},\"wordCount\":216,\"publisher\":{\"@id\":\"https:\\\/\\\/armin-knab-gymnasium.de\\\/Home\\\/#organization\"},\"image\":{\"@id\":\"https:\\\/\\\/armin-knab-gymnasium.de\\\/Home\\\/2024\\\/06\\\/03\\\/rap-wettbewerb-der-siebten-klassen-2024\\\/#primaryimage\"},\"thumbnailUrl\":\"https:\\\/\\\/armin-knab-gymnasium.de\\\/Home\\\/wp-content\\\/uploads\\\/2024\\\/06\\\/Max-Rambow-scaled.jpg\",\"articleSection\":[\"Musik\"],\"inLanguage\":\"de\"},{\"@type\":\"WebPage\",\"@id\":\"https:\\\/\\\/armin-knab-gymnasium.de\\\/Home\\\/2024\\\/06\\\/03\\\/rap-wettbewerb-der-siebten-klassen-2024\\\/\",\"url\":\"https:\\\/\\\/armin-knab-gymnasium.de\\\/Home\\\/2024\\\/06\\\/03\\\/rap-wettbewerb-der-siebten-klassen-2024\\\/\",\"name\":\"Rap-Wettbewerb der siebten Klassen 2024 - Armin-Knab-Gymnasium Kitzingen\",\"isPartOf\":{\"@id\":\"https:\\\/\\\/armin-knab-gymnasium.de\\\/Home\\\/#website\"},\"primaryImageOfPage\":{\"@id\":\"https:\\\/\\\/armin-knab-gymnasium.de\\\/Home\\\/2024\\\/06\\\/03\\\/rap-wettbewerb-der-siebten-klassen-2024\\\/#primaryimage\"},\"image\":{\"@id\":\"https:\\\/\\\/armin-knab-gymnasium.de\\\/Home\\\/2024\\\/06\\\/03\\\/rap-wettbewerb-der-siebten-klassen-2024\\\/#primaryimage\"},\"thumbnailUrl\":\"https:\\\/\\\/armin-knab-gymnasium.de\\\/Home\\\/wp-content\\\/uploads\\\/2024\\\/06\\\/Max-Rambow-scaled.jpg\",\"datePublished\":\"2024-06-03T06:42:46+00:00\",\"dateModified\":\"2024-06-03T06:42:47+00:00\",\"breadcrumb\":{\"@id\":\"https:\\\/\\\/armin-knab-gymnasium.de\\\/Home\\\/2024\\\/06\\\/03\\\/rap-wettbewerb-der-siebten-klassen-2024\\\/#breadcrumb\"},\"inLanguage\":\"de\",\"potentialAction\":[{\"@type\":\"ReadAction\",\"target\":[\"https:\\\/\\\/armin-knab-gymnasium.de\\\/Home\\\/2024\\\/06\\\/03\\\/rap-wettbewerb-der-siebten-klassen-2024\\\/\"]}]},{\"@type\":\"ImageObject\",\"inLanguage\":\"de\",\"@id\":\"https:\\\/\\\/armin-knab-gymnasium.de\\\/Home\\\/2024\\\/06\\\/03\\\/rap-wettbewerb-der-siebten-klassen-2024\\\/#primaryimage\",\"url\":\"https:\\\/\\\/armin-knab-gymnasium.de\\\/Home\\\/wp-content\\\/uploads\\\/2024\\\/06\\\/Max-Rambow-scaled.jpg\",\"contentUrl\":\"https:\\\/\\\/armin-knab-gymnasium.de\\\/Home\\\/wp-content\\\/uploads\\\/2024\\\/06\\\/Max-Rambow-scaled.jpg\",\"width\":2560,\"height\":1958},{\"@type\":\"BreadcrumbList\",\"@id\":\"https:\\\/\\\/armin-knab-gymnasium.de\\\/Home\\\/2024\\\/06\\\/03\\\/rap-wettbewerb-der-siebten-klassen-2024\\\/#breadcrumb\",\"itemListElement\":[{\"@type\":\"ListItem\",\"position\":1,\"name\":\"Startseite\",\"item\":\"https:\\\/\\\/armin-knab-gymnasium.de\\\/Home\\\/\"},{\"@type\":\"ListItem\",\"position\":2,\"name\":\"Rap-Wettbewerb der siebten Klassen 2024\"}]},{\"@type\":\"WebSite\",\"@id\":\"https:\\\/\\\/armin-knab-gymnasium.de\\\/Home\\\/#website\",\"url\":\"https:\\\/\\\/armin-knab-gymnasium.de\\\/Home\\\/\",\"name\":\"Armin-Knab-Gymnasium Kitzingen\",\"description\":\"Naturwissenschaftlich-technologisches und sprachliches Gymnasium\",\"publisher\":{\"@id\":\"https:\\\/\\\/armin-knab-gymnasium.de\\\/Home\\\/#organization\"},\"potentialAction\":[{\"@type\":\"SearchAction\",\"target\":{\"@type\":\"EntryPoint\",\"urlTemplate\":\"https:\\\/\\\/armin-knab-gymnasium.de\\\/Home\\\/?s={search_term_string}\"},\"query-input\":{\"@type\":\"PropertyValueSpecification\",\"valueRequired\":true,\"valueName\":\"search_term_string\"}}],\"inLanguage\":\"de\"},{\"@type\":\"Organization\",\"@id\":\"https:\\\/\\\/armin-knab-gymnasium.de\\\/Home\\\/#organization\",\"name\":\"Armin-Knab-Gymnasium Kitzingen\",\"url\":\"https:\\\/\\\/armin-knab-gymnasium.de\\\/Home\\\/\",\"logo\":{\"@type\":\"ImageObject\",\"inLanguage\":\"de\",\"@id\":\"https:\\\/\\\/armin-knab-gymnasium.de\\\/Home\\\/#\\\/schema\\\/logo\\\/image\\\/\",\"url\":\"https:\\\/\\\/armin-knab-gymnasium.de\\\/Home\\\/wp-content\\\/uploads\\\/2016\\\/11\\\/LogoIcon.png\",\"contentUrl\":\"https:\\\/\\\/armin-knab-gymnasium.de\\\/Home\\\/wp-content\\\/uploads\\\/2016\\\/11\\\/LogoIcon.png\",\"width\":512,\"height\":512,\"caption\":\"Armin-Knab-Gymnasium Kitzingen\"},\"image\":{\"@id\":\"https:\\\/\\\/armin-knab-gymnasium.de\\\/Home\\\/#\\\/schema\\\/logo\\\/image\\\/\"}},{\"@type\":\"Person\",\"@id\":\"https:\\\/\\\/armin-knab-gymnasium.de\\\/Home\\\/#\\\/schema\\\/person\\\/400696c2cab374992d38ea0ef39c511b\",\"name\":\"Burkard Fries\",\"image\":{\"@type\":\"ImageObject\",\"inLanguage\":\"de\",\"@id\":\"https:\\\/\\\/secure.gravatar.com\\\/avatar\\\/d8cfe14d84002b7bd3e89a061cee2d50a80abec41ad6e6961e3de2f5d436ab65?s=96&d=mm&r=g03361921f9dcf166472d6b7ea1668d16\",\"url\":\"https:\\\/\\\/secure.gravatar.com\\\/avatar\\\/d8cfe14d84002b7bd3e89a061cee2d50a80abec41ad6e6961e3de2f5d436ab65?s=96&d=mm&r=g\",\"contentUrl\":\"https:\\\/\\\/secure.gravatar.com\\\/avatar\\\/d8cfe14d84002b7bd3e89a061cee2d50a80abec41ad6e6961e3de2f5d436ab65?s=96&d=mm&r=g\",\"caption\":\"Burkard Fries\"},\"sameAs\":[\"https:\\\/\\\/armin-knab-gymnasium.de\\\/Home\"],\"url\":\"https:\\\/\\\/armin-knab-gymnasium.de\\\/Home\\\/author\\\/fri\\\/\"}]}<\/script>\n<!-- \/ Yoast SEO plugin. -->","yoast_head_json":{"title":"Rap-Wettbewerb der siebten Klassen 2024 - Armin-Knab-Gymnasium Kitzingen","robots":{"index":"index","follow":"follow","max-snippet":"max-snippet:-1","max-image-preview":"max-image-preview:large","max-video-preview":"max-video-preview:-1"},"canonical":"https:\/\/armin-knab-gymnasium.de\/Home\/2024\/06\/03\/rap-wettbewerb-der-siebten-klassen-2024\/","og_locale":"de_DE","og_type":"article","og_title":"Rap-Wettbewerb der siebten Klassen 2024 - Armin-Knab-Gymnasium Kitzingen","og_description":"Am 17. Mai 2024 fand zum zweiten Mal der Rap-Wettbewerb der siebten Klasse statt. Die Sch\u00fcler der Klassen 7A , 7B und 7C hatten die Wochen davor in Gruppen eingeteilt... weiterlesen &raquo;","og_url":"https:\/\/armin-knab-gymnasium.de\/Home\/2024\/06\/03\/rap-wettbewerb-der-siebten-klassen-2024\/","og_site_name":"Armin-Knab-Gymnasium Kitzingen","article_published_time":"2024-06-03T06:42:46+00:00","article_modified_time":"2024-06-03T06:42:47+00:00","og_image":[{"width":2560,"height":1958,"url":"https:\/\/armin-knab-gymnasium.de\/Home\/wp-content\/uploads\/2024\/06\/Max-Rambow-scaled.jpg","type":"image\/jpeg"}],"author":"Burkard Fries","twitter_card":"summary_large_image","twitter_misc":{"Verfasst von":"Burkard Fries","Gesch\u00e4tzte Lesezeit":"2\u00a0Minuten","Written by":"Burkard Fries"},"schema":{"@context":"https:\/\/schema.org","@graph":[{"@type":"Article","@id":"https:\/\/armin-knab-gymnasium.de\/Home\/2024\/06\/03\/rap-wettbewerb-der-siebten-klassen-2024\/#article","isPartOf":{"@id":"https:\/\/armin-knab-gymnasium.de\/Home\/2024\/06\/03\/rap-wettbewerb-der-siebten-klassen-2024\/"},"author":{"name":"Burkard Fries","@id":"https:\/\/armin-knab-gymnasium.de\/Home\/#\/schema\/person\/400696c2cab374992d38ea0ef39c511b"},"headline":"Rap-Wettbewerb der siebten Klassen 2024","datePublished":"2024-06-03T06:42:46+00:00","dateModified":"2024-06-03T06:42:47+00:00","mainEntityOfPage":{"@id":"https:\/\/armin-knab-gymnasium.de\/Home\/2024\/06\/03\/rap-wettbewerb-der-siebten-klassen-2024\/"},"wordCount":216,"publisher":{"@id":"https:\/\/armin-knab-gymnasium.de\/Home\/#organization"},"image":{"@id":"https:\/\/armin-knab-gymnasium.de\/Home\/2024\/06\/03\/rap-wettbewerb-der-siebten-klassen-2024\/#primaryimage"},"thumbnailUrl":"https:\/\/armin-knab-gymnasium.de\/Home\/wp-content\/uploads\/2024\/06\/Max-Rambow-scaled.jpg","articleSection":["Musik"],"inLanguage":"de"},{"@type":"WebPage","@id":"https:\/\/armin-knab-gymnasium.de\/Home\/2024\/06\/03\/rap-wettbewerb-der-siebten-klassen-2024\/","url":"https:\/\/armin-knab-gymnasium.de\/Home\/2024\/06\/03\/rap-wettbewerb-der-siebten-klassen-2024\/","name":"Rap-Wettbewerb der siebten Klassen 2024 - Armin-Knab-Gymnasium Kitzingen","isPartOf":{"@id":"https:\/\/armin-knab-gymnasium.de\/Home\/#website"},"primaryImageOfPage":{"@id":"https:\/\/armin-knab-gymnasium.de\/Home\/2024\/06\/03\/rap-wettbewerb-der-siebten-klassen-2024\/#primaryimage"},"image":{"@id":"https:\/\/armin-knab-gymnasium.de\/Home\/2024\/06\/03\/rap-wettbewerb-der-siebten-klassen-2024\/#primaryimage"},"thumbnailUrl":"https:\/\/armin-knab-gymnasium.de\/Home\/wp-content\/uploads\/2024\/06\/Max-Rambow-scaled.jpg","datePublished":"2024-06-03T06:42:46+00:00","dateModified":"2024-06-03T06:42:47+00:00","breadcrumb":{"@id":"https:\/\/armin-knab-gymnasium.de\/Home\/2024\/06\/03\/rap-wettbewerb-der-siebten-klassen-2024\/#breadcrumb"},"inLanguage":"de","potentialAction":[{"@type":"ReadAction","target":["https:\/\/armin-knab-gymnasium.de\/Home\/2024\/06\/03\/rap-wettbewerb-der-siebten-klassen-2024\/"]}]},{"@type":"ImageObject","inLanguage":"de","@id":"https:\/\/armin-knab-gymnasium.de\/Home\/2024\/06\/03\/rap-wettbewerb-der-siebten-klassen-2024\/#primaryimage","url":"https:\/\/armin-knab-gymnasium.de\/Home\/wp-content\/uploads\/2024\/06\/Max-Rambow-scaled.jpg","contentUrl":"https:\/\/armin-knab-gymnasium.de\/Home\/wp-content\/uploads\/2024\/06\/Max-Rambow-scaled.jpg","width":2560,"height":1958},{"@type":"BreadcrumbList","@id":"https:\/\/armin-knab-gymnasium.de\/Home\/2024\/06\/03\/rap-wettbewerb-der-siebten-klassen-2024\/#breadcrumb","itemListElement":[{"@type":"ListItem","position":1,"name":"Startseite","item":"https:\/\/armin-knab-gymnasium.de\/Home\/"},{"@type":"ListItem","position":2,"name":"Rap-Wettbewerb der siebten Klassen 2024"}]},{"@type":"WebSite","@id":"https:\/\/armin-knab-gymnasium.de\/Home\/#website","url":"https:\/\/armin-knab-gymnasium.de\/Home\/","name":"Armin-Knab-Gymnasium Kitzingen","description":"Naturwissenschaftlich-technologisches und sprachliches Gymnasium","publisher":{"@id":"https:\/\/armin-knab-gymnasium.de\/Home\/#organization"},"potentialAction":[{"@type":"SearchAction","target":{"@type":"EntryPoint","urlTemplate":"https:\/\/armin-knab-gymnasium.de\/Home\/?s={search_term_string}"},"query-input":{"@type":"PropertyValueSpecification","valueRequired":true,"valueName":"search_term_string"}}],"inLanguage":"de"},{"@type":"Organization","@id":"https:\/\/armin-knab-gymnasium.de\/Home\/#organization","name":"Armin-Knab-Gymnasium Kitzingen","url":"https:\/\/armin-knab-gymnasium.de\/Home\/","logo":{"@type":"ImageObject","inLanguage":"de","@id":"https:\/\/armin-knab-gymnasium.de\/Home\/#\/schema\/logo\/image\/","url":"https:\/\/armin-knab-gymnasium.de\/Home\/wp-content\/uploads\/2016\/11\/LogoIcon.png","contentUrl":"https:\/\/armin-knab-gymnasium.de\/Home\/wp-content\/uploads\/2016\/11\/LogoIcon.png","width":512,"height":512,"caption":"Armin-Knab-Gymnasium Kitzingen"},"image":{"@id":"https:\/\/armin-knab-gymnasium.de\/Home\/#\/schema\/logo\/image\/"}},{"@type":"Person","@id":"https:\/\/armin-knab-gymnasium.de\/Home\/#\/schema\/person\/400696c2cab374992d38ea0ef39c511b","name":"Burkard Fries","image":{"@type":"ImageObject","inLanguage":"de","@id":"https:\/\/secure.gravatar.com\/avatar\/d8cfe14d84002b7bd3e89a061cee2d50a80abec41ad6e6961e3de2f5d436ab65?s=96&d=mm&r=g03361921f9dcf166472d6b7ea1668d16","url":"https:\/\/secure.gravatar.com\/avatar\/d8cfe14d84002b7bd3e89a061cee2d50a80abec41ad6e6961e3de2f5d436ab65?s=96&d=mm&r=g","contentUrl":"https:\/\/secure.gravatar.com\/avatar\/d8cfe14d84002b7bd3e89a061cee2d50a80abec41ad6e6961e3de2f5d436ab65?s=96&d=mm&r=g","caption":"Burkard Fries"},"sameAs":["https:\/\/armin-knab-gymnasium.de\/Home"],"url":"https:\/\/armin-knab-gymnasium.de\/Home\/author\/fri\/"}]}},"publishpress_future_action":{"enabled":false,"date":"2026-05-08 10:22:39","action":"change-status","newStatus":"draft","terms":[],"taxonomy":"category","extraData":[]},"publishpress_future_workflow_manual_trigger":{"enabledWorkflows":[]},"_links":{"self":[{"href":"https:\/\/armin-knab-gymnasium.de\/Home\/wp-json\/wp\/v2\/posts\/16377","targetHints":{"allow":["GET"]}}],"collection":[{"href":"https:\/\/armin-knab-gymnasium.de\/Home\/wp-json\/wp\/v2\/posts"}],"about":[{"href":"https:\/\/armin-knab-gymnasium.de\/Home\/wp-json\/wp\/v2\/types\/post"}],"author":[{"embeddable":true,"href":"https:\/\/armin-knab-gymnasium.de\/Home\/wp-json\/wp\/v2\/users\/1018"}],"replies":[{"embeddable":true,"href":"https:\/\/armin-knab-gymnasium.de\/Home\/wp-json\/wp\/v2\/comments?post=16377"}],"version-history":[{"count":1,"href":"https:\/\/armin-knab-gymnasium.de\/Home\/wp-json\/wp\/v2\/posts\/16377\/revisions"}],"predecessor-version":[{"id":16379,"href":"https:\/\/armin-knab-gymnasium.de\/Home\/wp-json\/wp\/v2\/posts\/16377\/revisions\/16379"}],"wp:featuredmedia":[{"embeddable":true,"href":"https:\/\/armin-knab-gymnasium.de\/Home\/wp-json\/wp\/v2\/media\/16378"}],"wp:attachment":[{"href":"https:\/\/armin-knab-gymnasium.de\/Home\/wp-json\/wp\/v2\/media?parent=16377"}],"wp:term":[{"taxonomy":"category","embeddable":true,"href":"https:\/\/armin-knab-gymnasium.de\/Home\/wp-json\/wp\/v2\/categories?post=16377"},{"taxonomy":"post_tag","embeddable":true,"href":"https:\/\/armin-knab-gymnasium.de\/Home\/wp-json\/wp\/v2\/tags?post=16377"},{"taxonomy":"author","embeddable":true,"href":"https:\/\/armin-knab-gymnasium.de\/Home\/wp-json\/wp\/v2\/coauthors?post=16377"}],"curies":[{"name":"wp","href":"https:\/\/api.w.org\/{rel}","templated":true}]}}