{"id":16969,"date":"2025-03-10T16:16:00","date_gmt":"2025-03-10T15:16:00","guid":{"rendered":"https:\/\/armin-knab-gymnasium.de\/Home\/?p=16969"},"modified":"2025-03-12T09:29:32","modified_gmt":"2025-03-12T08:29:32","slug":"theater-und-schule-tusch100-neue-kooperation-mit-dem-mainfrankentheater","status":"publish","type":"post","link":"https:\/\/armin-knab-gymnasium.de\/Home\/2025\/03\/10\/theater-und-schule-tusch100-neue-kooperation-mit-dem-mainfrankentheater\/","title":{"rendered":"Theater und Schule \u2013 \u201eTuSCH100\u201c Neue Kooperation mit dem Mainfrankentheater"},"content":{"rendered":"\n<p>Wir freuen uns!<\/p>\n\n\n\n<p>Seit dem Schuljahr 2024\/25 hat das AKG eine Kooperation mit dem Mainfranken Theater W\u00fcrzburg. Unser gemeinsames Ziel ist es, jeder Klasse einmal im Jahr die M\u00f6glichkeit zu bieten, ins Theater zu gehen und unsere Kinder und Jugendlichen auf diese Weise kulturell und \u00e4sthetisch zu bilden. Denn \u201ekulturelle Bildung dient einer ganzheitlichen Bildung. Sie f\u00f6rdert eine Lebensgestaltung, in der sowohl Individualit\u00e4t, z. B. Werthaltungen und Identit\u00e4t, als auch gesellschaftliche Teilhabe ihren Ausdruck finden.\u201c (LehrplanPlus)<\/p>\n\n\n\n<p><br>Unsere Klassen profitieren neben den verg\u00fcnstigten Eintrittspreisen und einem Vorrecht bei Buchungen auch von einer kostenlosen theaterp\u00e4dagogischen Vor- oder Nachbereitung. Auch in Workshops haben wir die M\u00f6glichkeit, hinter die Kulissen des Mainfranken Theaters zu blicken.<\/p>\n\n\n\n<p>In diesem Schuljahr stehen bislang f\u00fcr unsere Gro\u00dfen und Kleinen \u201eDie Schneek\u00f6nigin\u201c, \u201eEscape Love\u201c, \u201eWas Wanda Will\u201c, \u201eMaria Stuart\u201c, \u201eDas Leben des Galilei\u201c und \u201eDas schweigende Klassenzimmer\u201c auf dem Programm \u2013 und die Theaterbesuche begeistern, bewegen und regen auch zur Diskussion im Unterricht an. Eine gro\u00dfartige M\u00f6glichkeit!<\/p>\n\n\n\n<p>Bei Fragen rund um die Kooperation gibt Michaela Lindner-Berndt als Ansprechpartnerin sehr gerne Auskunft.<\/p>\n\n\n\n<figure class=\"wp-block-gallery has-nested-images columns-default is-cropped wp-block-gallery-1 is-layout-flex wp-block-gallery-is-layout-flex\">\n<figure class=\"wp-block-image size-large\"><a href=\"https:\/\/armin-knab-gymnasium.de\/Home\/wp-content\/uploads\/2025\/03\/2.jpg\"><img loading=\"lazy\" decoding=\"async\" width=\"924\" height=\"682\" data-id=\"16979\" src=\"https:\/\/armin-knab-gymnasium.de\/Home\/wp-content\/uploads\/2025\/03\/2.jpg\" alt=\"\" class=\"wp-image-16979\" srcset=\"https:\/\/armin-knab-gymnasium.de\/Home\/wp-content\/uploads\/2025\/03\/2.jpg 924w, https:\/\/armin-knab-gymnasium.de\/Home\/wp-content\/uploads\/2025\/03\/2-300x221.jpg 300w, https:\/\/armin-knab-gymnasium.de\/Home\/wp-content\/uploads\/2025\/03\/2-768x567.jpg 768w, https:\/\/armin-knab-gymnasium.de\/Home\/wp-content\/uploads\/2025\/03\/2-624x461.jpg 624w\" sizes=\"auto, (max-width: 924px) 100vw, 924px\" \/><\/a><\/figure>\n\n\n\n<figure class=\"wp-block-image size-large\"><a href=\"https:\/\/armin-knab-gymnasium.de\/Home\/wp-content\/uploads\/2025\/03\/3a-scaled.jpg\"><img loading=\"lazy\" decoding=\"async\" width=\"1024\" height=\"1024\" data-id=\"16984\" src=\"https:\/\/armin-knab-gymnasium.de\/Home\/wp-content\/uploads\/2025\/03\/3a-1024x1024.jpg\" alt=\"\" class=\"wp-image-16984\" srcset=\"https:\/\/armin-knab-gymnasium.de\/Home\/wp-content\/uploads\/2025\/03\/3a-1024x1024.jpg 1024w, https:\/\/armin-knab-gymnasium.de\/Home\/wp-content\/uploads\/2025\/03\/3a-300x300.jpg 300w, https:\/\/armin-knab-gymnasium.de\/Home\/wp-content\/uploads\/2025\/03\/3a-150x150.jpg 150w, https:\/\/armin-knab-gymnasium.de\/Home\/wp-content\/uploads\/2025\/03\/3a-768x768.jpg 768w, https:\/\/armin-knab-gymnasium.de\/Home\/wp-content\/uploads\/2025\/03\/3a-1536x1536.jpg 1536w, https:\/\/armin-knab-gymnasium.de\/Home\/wp-content\/uploads\/2025\/03\/3a-2048x2048.jpg 2048w, https:\/\/armin-knab-gymnasium.de\/Home\/wp-content\/uploads\/2025\/03\/3a-624x624.jpg 624w, https:\/\/armin-knab-gymnasium.de\/Home\/wp-content\/uploads\/2025\/03\/3a-180x180.jpg 180w, https:\/\/armin-knab-gymnasium.de\/Home\/wp-content\/uploads\/2025\/03\/3a-60x60.jpg 60w\" sizes=\"auto, (max-width: 1024px) 100vw, 1024px\" \/><\/a><\/figure>\n<\/figure>\n","protected":false},"excerpt":{"rendered":"<p>Wir freuen uns! Seit dem Schuljahr 2024\/25 hat das AKG eine Kooperation mit dem Mainfranken Theater W\u00fcrzburg. Unser gemeinsames Ziel ist es, jeder Klasse einmal im Jahr die M\u00f6glichkeit zu&#8230; <a href=\"https:\/\/armin-knab-gymnasium.de\/Home\/2025\/03\/10\/theater-und-schule-tusch100-neue-kooperation-mit-dem-mainfrankentheater\/\">weiterlesen &raquo;<\/a><\/p>\n","protected":false},"author":1023,"featured_media":16982,"comment_status":"closed","ping_status":"closed","sticky":false,"template":"","format":"standard","meta":{"ghostkit_customizer_options":"","ghostkit_custom_css":"","ghostkit_custom_js_head":"","ghostkit_custom_js_foot":"","ghostkit_typography":"","footnotes":""},"categories":[93],"tags":[],"coauthors":[72],"class_list":["post-16969","post","type-post","status-publish","format-standard","has-post-thumbnail","hentry","category-theater"],"yoast_head":"<!-- This site is optimized with the Yoast SEO plugin v27.5 - https:\/\/yoast.com\/product\/yoast-seo-wordpress\/ -->\n<title>Theater und Schule \u2013 \u201eTuSCH100\u201c Neue Kooperation mit dem Mainfrankentheater - Armin-Knab-Gymnasium Kitzingen<\/title>\n<meta name=\"robots\" content=\"index, follow, max-snippet:-1, max-image-preview:large, max-video-preview:-1\" \/>\n<link rel=\"canonical\" href=\"https:\/\/armin-knab-gymnasium.de\/Home\/2025\/03\/10\/theater-und-schule-tusch100-neue-kooperation-mit-dem-mainfrankentheater\/\" \/>\n<meta property=\"og:locale\" content=\"de_DE\" \/>\n<meta property=\"og:type\" content=\"article\" \/>\n<meta property=\"og:title\" content=\"Theater und Schule \u2013 \u201eTuSCH100\u201c Neue Kooperation mit dem Mainfrankentheater - Armin-Knab-Gymnasium Kitzingen\" \/>\n<meta property=\"og:description\" content=\"Wir freuen uns! Seit dem Schuljahr 2024\/25 hat das AKG eine Kooperation mit dem Mainfranken Theater W\u00fcrzburg. Unser gemeinsames Ziel ist es, jeder Klasse einmal im Jahr die M\u00f6glichkeit zu... weiterlesen &raquo;\" \/>\n<meta property=\"og:url\" content=\"https:\/\/armin-knab-gymnasium.de\/Home\/2025\/03\/10\/theater-und-schule-tusch100-neue-kooperation-mit-dem-mainfrankentheater\/\" \/>\n<meta property=\"og:site_name\" content=\"Armin-Knab-Gymnasium Kitzingen\" \/>\n<meta property=\"article:published_time\" content=\"2025-03-10T15:16:00+00:00\" \/>\n<meta property=\"article:modified_time\" content=\"2025-03-12T08:29:32+00:00\" \/>\n<meta property=\"og:image\" content=\"https:\/\/armin-knab-gymnasium.de\/Home\/wp-content\/uploads\/2025\/03\/1-Kopie-Kopie-scaled.jpg\" \/>\n\t<meta property=\"og:image:width\" content=\"2560\" \/>\n\t<meta property=\"og:image:height\" content=\"2560\" \/>\n\t<meta property=\"og:image:type\" content=\"image\/jpeg\" \/>\n<meta name=\"author\" content=\"Michaela Lindner-Berndt\" \/>\n<meta name=\"twitter:card\" content=\"summary_large_image\" \/>\n<meta name=\"twitter:label1\" content=\"Verfasst von\" \/>\n\t<meta name=\"twitter:data1\" content=\"Michaela Lindner-Berndt\" \/>\n\t<meta name=\"twitter:label2\" content=\"Gesch\u00e4tzte Lesezeit\" \/>\n\t<meta name=\"twitter:data2\" content=\"2\u00a0Minuten\" \/>\n\t<meta name=\"twitter:label3\" content=\"Written by\" \/>\n\t<meta name=\"twitter:data3\" content=\"Michaela Lindner-Berndt\" \/>\n<script type=\"application\/ld+json\" class=\"yoast-schema-graph\">{\"@context\":\"https:\\\/\\\/schema.org\",\"@graph\":[{\"@type\":\"Article\",\"@id\":\"https:\\\/\\\/armin-knab-gymnasium.de\\\/Home\\\/2025\\\/03\\\/10\\\/theater-und-schule-tusch100-neue-kooperation-mit-dem-mainfrankentheater\\\/#article\",\"isPartOf\":{\"@id\":\"https:\\\/\\\/armin-knab-gymnasium.de\\\/Home\\\/2025\\\/03\\\/10\\\/theater-und-schule-tusch100-neue-kooperation-mit-dem-mainfrankentheater\\\/\"},\"author\":{\"name\":\"Michaela Lindner-Berndt\",\"@id\":\"https:\\\/\\\/armin-knab-gymnasium.de\\\/Home\\\/#\\\/schema\\\/person\\\/f8d90b09206ff232302832be0250a4f2\"},\"headline\":\"Theater und Schule \u2013 \u201eTuSCH100\u201c Neue Kooperation mit dem Mainfrankentheater\",\"datePublished\":\"2025-03-10T15:16:00+00:00\",\"dateModified\":\"2025-03-12T08:29:32+00:00\",\"mainEntityOfPage\":{\"@id\":\"https:\\\/\\\/armin-knab-gymnasium.de\\\/Home\\\/2025\\\/03\\\/10\\\/theater-und-schule-tusch100-neue-kooperation-mit-dem-mainfrankentheater\\\/\"},\"wordCount\":192,\"publisher\":{\"@id\":\"https:\\\/\\\/armin-knab-gymnasium.de\\\/Home\\\/#organization\"},\"image\":{\"@id\":\"https:\\\/\\\/armin-knab-gymnasium.de\\\/Home\\\/2025\\\/03\\\/10\\\/theater-und-schule-tusch100-neue-kooperation-mit-dem-mainfrankentheater\\\/#primaryimage\"},\"thumbnailUrl\":\"https:\\\/\\\/armin-knab-gymnasium.de\\\/Home\\\/wp-content\\\/uploads\\\/2025\\\/03\\\/1-Kopie-Kopie-scaled.jpg\",\"articleSection\":[\"Theater\"],\"inLanguage\":\"de\"},{\"@type\":\"WebPage\",\"@id\":\"https:\\\/\\\/armin-knab-gymnasium.de\\\/Home\\\/2025\\\/03\\\/10\\\/theater-und-schule-tusch100-neue-kooperation-mit-dem-mainfrankentheater\\\/\",\"url\":\"https:\\\/\\\/armin-knab-gymnasium.de\\\/Home\\\/2025\\\/03\\\/10\\\/theater-und-schule-tusch100-neue-kooperation-mit-dem-mainfrankentheater\\\/\",\"name\":\"Theater und Schule \u2013 \u201eTuSCH100\u201c Neue Kooperation mit dem Mainfrankentheater - Armin-Knab-Gymnasium Kitzingen\",\"isPartOf\":{\"@id\":\"https:\\\/\\\/armin-knab-gymnasium.de\\\/Home\\\/#website\"},\"primaryImageOfPage\":{\"@id\":\"https:\\\/\\\/armin-knab-gymnasium.de\\\/Home\\\/2025\\\/03\\\/10\\\/theater-und-schule-tusch100-neue-kooperation-mit-dem-mainfrankentheater\\\/#primaryimage\"},\"image\":{\"@id\":\"https:\\\/\\\/armin-knab-gymnasium.de\\\/Home\\\/2025\\\/03\\\/10\\\/theater-und-schule-tusch100-neue-kooperation-mit-dem-mainfrankentheater\\\/#primaryimage\"},\"thumbnailUrl\":\"https:\\\/\\\/armin-knab-gymnasium.de\\\/Home\\\/wp-content\\\/uploads\\\/2025\\\/03\\\/1-Kopie-Kopie-scaled.jpg\",\"datePublished\":\"2025-03-10T15:16:00+00:00\",\"dateModified\":\"2025-03-12T08:29:32+00:00\",\"breadcrumb\":{\"@id\":\"https:\\\/\\\/armin-knab-gymnasium.de\\\/Home\\\/2025\\\/03\\\/10\\\/theater-und-schule-tusch100-neue-kooperation-mit-dem-mainfrankentheater\\\/#breadcrumb\"},\"inLanguage\":\"de\",\"potentialAction\":[{\"@type\":\"ReadAction\",\"target\":[\"https:\\\/\\\/armin-knab-gymnasium.de\\\/Home\\\/2025\\\/03\\\/10\\\/theater-und-schule-tusch100-neue-kooperation-mit-dem-mainfrankentheater\\\/\"]}]},{\"@type\":\"ImageObject\",\"inLanguage\":\"de\",\"@id\":\"https:\\\/\\\/armin-knab-gymnasium.de\\\/Home\\\/2025\\\/03\\\/10\\\/theater-und-schule-tusch100-neue-kooperation-mit-dem-mainfrankentheater\\\/#primaryimage\",\"url\":\"https:\\\/\\\/armin-knab-gymnasium.de\\\/Home\\\/wp-content\\\/uploads\\\/2025\\\/03\\\/1-Kopie-Kopie-scaled.jpg\",\"contentUrl\":\"https:\\\/\\\/armin-knab-gymnasium.de\\\/Home\\\/wp-content\\\/uploads\\\/2025\\\/03\\\/1-Kopie-Kopie-scaled.jpg\",\"width\":2560,\"height\":2560},{\"@type\":\"BreadcrumbList\",\"@id\":\"https:\\\/\\\/armin-knab-gymnasium.de\\\/Home\\\/2025\\\/03\\\/10\\\/theater-und-schule-tusch100-neue-kooperation-mit-dem-mainfrankentheater\\\/#breadcrumb\",\"itemListElement\":[{\"@type\":\"ListItem\",\"position\":1,\"name\":\"Startseite\",\"item\":\"https:\\\/\\\/armin-knab-gymnasium.de\\\/Home\\\/\"},{\"@type\":\"ListItem\",\"position\":2,\"name\":\"Theater und Schule \u2013 \u201eTuSCH100\u201c Neue Kooperation mit dem Mainfrankentheater\"}]},{\"@type\":\"WebSite\",\"@id\":\"https:\\\/\\\/armin-knab-gymnasium.de\\\/Home\\\/#website\",\"url\":\"https:\\\/\\\/armin-knab-gymnasium.de\\\/Home\\\/\",\"name\":\"Armin-Knab-Gymnasium Kitzingen\",\"description\":\"Naturwissenschaftlich-technologisches und sprachliches Gymnasium\",\"publisher\":{\"@id\":\"https:\\\/\\\/armin-knab-gymnasium.de\\\/Home\\\/#organization\"},\"potentialAction\":[{\"@type\":\"SearchAction\",\"target\":{\"@type\":\"EntryPoint\",\"urlTemplate\":\"https:\\\/\\\/armin-knab-gymnasium.de\\\/Home\\\/?s={search_term_string}\"},\"query-input\":{\"@type\":\"PropertyValueSpecification\",\"valueRequired\":true,\"valueName\":\"search_term_string\"}}],\"inLanguage\":\"de\"},{\"@type\":\"Organization\",\"@id\":\"https:\\\/\\\/armin-knab-gymnasium.de\\\/Home\\\/#organization\",\"name\":\"Armin-Knab-Gymnasium Kitzingen\",\"url\":\"https:\\\/\\\/armin-knab-gymnasium.de\\\/Home\\\/\",\"logo\":{\"@type\":\"ImageObject\",\"inLanguage\":\"de\",\"@id\":\"https:\\\/\\\/armin-knab-gymnasium.de\\\/Home\\\/#\\\/schema\\\/logo\\\/image\\\/\",\"url\":\"https:\\\/\\\/armin-knab-gymnasium.de\\\/Home\\\/wp-content\\\/uploads\\\/2016\\\/11\\\/LogoIcon.png\",\"contentUrl\":\"https:\\\/\\\/armin-knab-gymnasium.de\\\/Home\\\/wp-content\\\/uploads\\\/2016\\\/11\\\/LogoIcon.png\",\"width\":512,\"height\":512,\"caption\":\"Armin-Knab-Gymnasium Kitzingen\"},\"image\":{\"@id\":\"https:\\\/\\\/armin-knab-gymnasium.de\\\/Home\\\/#\\\/schema\\\/logo\\\/image\\\/\"}},{\"@type\":\"Person\",\"@id\":\"https:\\\/\\\/armin-knab-gymnasium.de\\\/Home\\\/#\\\/schema\\\/person\\\/f8d90b09206ff232302832be0250a4f2\",\"name\":\"Michaela Lindner-Berndt\",\"image\":{\"@type\":\"ImageObject\",\"inLanguage\":\"de\",\"@id\":\"https:\\\/\\\/secure.gravatar.com\\\/avatar\\\/3c3c145dff04be085f68f26504daad2b946875946309d6714cf3791582c585b7?s=96&d=mm&r=g0afdabfb09856cde3b8ea2d1566070ee\",\"url\":\"https:\\\/\\\/secure.gravatar.com\\\/avatar\\\/3c3c145dff04be085f68f26504daad2b946875946309d6714cf3791582c585b7?s=96&d=mm&r=g\",\"contentUrl\":\"https:\\\/\\\/secure.gravatar.com\\\/avatar\\\/3c3c145dff04be085f68f26504daad2b946875946309d6714cf3791582c585b7?s=96&d=mm&r=g\",\"caption\":\"Michaela Lindner-Berndt\"},\"sameAs\":[\"https:\\\/\\\/armin-knab-gymnasium.de\\\/Home\"],\"url\":\"https:\\\/\\\/armin-knab-gymnasium.de\\\/Home\\\/author\\\/lin\\\/\"}]}<\/script>\n<!-- \/ Yoast SEO plugin. -->","yoast_head_json":{"title":"Theater und Schule \u2013 \u201eTuSCH100\u201c Neue Kooperation mit dem Mainfrankentheater - Armin-Knab-Gymnasium Kitzingen","robots":{"index":"index","follow":"follow","max-snippet":"max-snippet:-1","max-image-preview":"max-image-preview:large","max-video-preview":"max-video-preview:-1"},"canonical":"https:\/\/armin-knab-gymnasium.de\/Home\/2025\/03\/10\/theater-und-schule-tusch100-neue-kooperation-mit-dem-mainfrankentheater\/","og_locale":"de_DE","og_type":"article","og_title":"Theater und Schule \u2013 \u201eTuSCH100\u201c Neue Kooperation mit dem Mainfrankentheater - Armin-Knab-Gymnasium Kitzingen","og_description":"Wir freuen uns! Seit dem Schuljahr 2024\/25 hat das AKG eine Kooperation mit dem Mainfranken Theater W\u00fcrzburg. Unser gemeinsames Ziel ist es, jeder Klasse einmal im Jahr die M\u00f6glichkeit zu... weiterlesen &raquo;","og_url":"https:\/\/armin-knab-gymnasium.de\/Home\/2025\/03\/10\/theater-und-schule-tusch100-neue-kooperation-mit-dem-mainfrankentheater\/","og_site_name":"Armin-Knab-Gymnasium Kitzingen","article_published_time":"2025-03-10T15:16:00+00:00","article_modified_time":"2025-03-12T08:29:32+00:00","og_image":[{"width":2560,"height":2560,"url":"https:\/\/armin-knab-gymnasium.de\/Home\/wp-content\/uploads\/2025\/03\/1-Kopie-Kopie-scaled.jpg","type":"image\/jpeg"}],"author":"Michaela Lindner-Berndt","twitter_card":"summary_large_image","twitter_misc":{"Verfasst von":"Michaela Lindner-Berndt","Gesch\u00e4tzte Lesezeit":"2\u00a0Minuten","Written by":"Michaela Lindner-Berndt"},"schema":{"@context":"https:\/\/schema.org","@graph":[{"@type":"Article","@id":"https:\/\/armin-knab-gymnasium.de\/Home\/2025\/03\/10\/theater-und-schule-tusch100-neue-kooperation-mit-dem-mainfrankentheater\/#article","isPartOf":{"@id":"https:\/\/armin-knab-gymnasium.de\/Home\/2025\/03\/10\/theater-und-schule-tusch100-neue-kooperation-mit-dem-mainfrankentheater\/"},"author":{"name":"Michaela Lindner-Berndt","@id":"https:\/\/armin-knab-gymnasium.de\/Home\/#\/schema\/person\/f8d90b09206ff232302832be0250a4f2"},"headline":"Theater und Schule \u2013 \u201eTuSCH100\u201c Neue Kooperation mit dem Mainfrankentheater","datePublished":"2025-03-10T15:16:00+00:00","dateModified":"2025-03-12T08:29:32+00:00","mainEntityOfPage":{"@id":"https:\/\/armin-knab-gymnasium.de\/Home\/2025\/03\/10\/theater-und-schule-tusch100-neue-kooperation-mit-dem-mainfrankentheater\/"},"wordCount":192,"publisher":{"@id":"https:\/\/armin-knab-gymnasium.de\/Home\/#organization"},"image":{"@id":"https:\/\/armin-knab-gymnasium.de\/Home\/2025\/03\/10\/theater-und-schule-tusch100-neue-kooperation-mit-dem-mainfrankentheater\/#primaryimage"},"thumbnailUrl":"https:\/\/armin-knab-gymnasium.de\/Home\/wp-content\/uploads\/2025\/03\/1-Kopie-Kopie-scaled.jpg","articleSection":["Theater"],"inLanguage":"de"},{"@type":"WebPage","@id":"https:\/\/armin-knab-gymnasium.de\/Home\/2025\/03\/10\/theater-und-schule-tusch100-neue-kooperation-mit-dem-mainfrankentheater\/","url":"https:\/\/armin-knab-gymnasium.de\/Home\/2025\/03\/10\/theater-und-schule-tusch100-neue-kooperation-mit-dem-mainfrankentheater\/","name":"Theater und Schule \u2013 \u201eTuSCH100\u201c Neue Kooperation mit dem Mainfrankentheater - Armin-Knab-Gymnasium Kitzingen","isPartOf":{"@id":"https:\/\/armin-knab-gymnasium.de\/Home\/#website"},"primaryImageOfPage":{"@id":"https:\/\/armin-knab-gymnasium.de\/Home\/2025\/03\/10\/theater-und-schule-tusch100-neue-kooperation-mit-dem-mainfrankentheater\/#primaryimage"},"image":{"@id":"https:\/\/armin-knab-gymnasium.de\/Home\/2025\/03\/10\/theater-und-schule-tusch100-neue-kooperation-mit-dem-mainfrankentheater\/#primaryimage"},"thumbnailUrl":"https:\/\/armin-knab-gymnasium.de\/Home\/wp-content\/uploads\/2025\/03\/1-Kopie-Kopie-scaled.jpg","datePublished":"2025-03-10T15:16:00+00:00","dateModified":"2025-03-12T08:29:32+00:00","breadcrumb":{"@id":"https:\/\/armin-knab-gymnasium.de\/Home\/2025\/03\/10\/theater-und-schule-tusch100-neue-kooperation-mit-dem-mainfrankentheater\/#breadcrumb"},"inLanguage":"de","potentialAction":[{"@type":"ReadAction","target":["https:\/\/armin-knab-gymnasium.de\/Home\/2025\/03\/10\/theater-und-schule-tusch100-neue-kooperation-mit-dem-mainfrankentheater\/"]}]},{"@type":"ImageObject","inLanguage":"de","@id":"https:\/\/armin-knab-gymnasium.de\/Home\/2025\/03\/10\/theater-und-schule-tusch100-neue-kooperation-mit-dem-mainfrankentheater\/#primaryimage","url":"https:\/\/armin-knab-gymnasium.de\/Home\/wp-content\/uploads\/2025\/03\/1-Kopie-Kopie-scaled.jpg","contentUrl":"https:\/\/armin-knab-gymnasium.de\/Home\/wp-content\/uploads\/2025\/03\/1-Kopie-Kopie-scaled.jpg","width":2560,"height":2560},{"@type":"BreadcrumbList","@id":"https:\/\/armin-knab-gymnasium.de\/Home\/2025\/03\/10\/theater-und-schule-tusch100-neue-kooperation-mit-dem-mainfrankentheater\/#breadcrumb","itemListElement":[{"@type":"ListItem","position":1,"name":"Startseite","item":"https:\/\/armin-knab-gymnasium.de\/Home\/"},{"@type":"ListItem","position":2,"name":"Theater und Schule \u2013 \u201eTuSCH100\u201c Neue Kooperation mit dem Mainfrankentheater"}]},{"@type":"WebSite","@id":"https:\/\/armin-knab-gymnasium.de\/Home\/#website","url":"https:\/\/armin-knab-gymnasium.de\/Home\/","name":"Armin-Knab-Gymnasium Kitzingen","description":"Naturwissenschaftlich-technologisches und sprachliches Gymnasium","publisher":{"@id":"https:\/\/armin-knab-gymnasium.de\/Home\/#organization"},"potentialAction":[{"@type":"SearchAction","target":{"@type":"EntryPoint","urlTemplate":"https:\/\/armin-knab-gymnasium.de\/Home\/?s={search_term_string}"},"query-input":{"@type":"PropertyValueSpecification","valueRequired":true,"valueName":"search_term_string"}}],"inLanguage":"de"},{"@type":"Organization","@id":"https:\/\/armin-knab-gymnasium.de\/Home\/#organization","name":"Armin-Knab-Gymnasium Kitzingen","url":"https:\/\/armin-knab-gymnasium.de\/Home\/","logo":{"@type":"ImageObject","inLanguage":"de","@id":"https:\/\/armin-knab-gymnasium.de\/Home\/#\/schema\/logo\/image\/","url":"https:\/\/armin-knab-gymnasium.de\/Home\/wp-content\/uploads\/2016\/11\/LogoIcon.png","contentUrl":"https:\/\/armin-knab-gymnasium.de\/Home\/wp-content\/uploads\/2016\/11\/LogoIcon.png","width":512,"height":512,"caption":"Armin-Knab-Gymnasium Kitzingen"},"image":{"@id":"https:\/\/armin-knab-gymnasium.de\/Home\/#\/schema\/logo\/image\/"}},{"@type":"Person","@id":"https:\/\/armin-knab-gymnasium.de\/Home\/#\/schema\/person\/f8d90b09206ff232302832be0250a4f2","name":"Michaela Lindner-Berndt","image":{"@type":"ImageObject","inLanguage":"de","@id":"https:\/\/secure.gravatar.com\/avatar\/3c3c145dff04be085f68f26504daad2b946875946309d6714cf3791582c585b7?s=96&d=mm&r=g0afdabfb09856cde3b8ea2d1566070ee","url":"https:\/\/secure.gravatar.com\/avatar\/3c3c145dff04be085f68f26504daad2b946875946309d6714cf3791582c585b7?s=96&d=mm&r=g","contentUrl":"https:\/\/secure.gravatar.com\/avatar\/3c3c145dff04be085f68f26504daad2b946875946309d6714cf3791582c585b7?s=96&d=mm&r=g","caption":"Michaela Lindner-Berndt"},"sameAs":["https:\/\/armin-knab-gymnasium.de\/Home"],"url":"https:\/\/armin-knab-gymnasium.de\/Home\/author\/lin\/"}]}},"publishpress_future_action":{"enabled":false,"date":"2026-05-09 01:47:51","action":"change-status","newStatus":"draft","terms":[],"taxonomy":"category","extraData":[]},"publishpress_future_workflow_manual_trigger":{"enabledWorkflows":[]},"_links":{"self":[{"href":"https:\/\/armin-knab-gymnasium.de\/Home\/wp-json\/wp\/v2\/posts\/16969","targetHints":{"allow":["GET"]}}],"collection":[{"href":"https:\/\/armin-knab-gymnasium.de\/Home\/wp-json\/wp\/v2\/posts"}],"about":[{"href":"https:\/\/armin-knab-gymnasium.de\/Home\/wp-json\/wp\/v2\/types\/post"}],"author":[{"embeddable":true,"href":"https:\/\/armin-knab-gymnasium.de\/Home\/wp-json\/wp\/v2\/users\/1023"}],"replies":[{"embeddable":true,"href":"https:\/\/armin-knab-gymnasium.de\/Home\/wp-json\/wp\/v2\/comments?post=16969"}],"version-history":[{"count":3,"href":"https:\/\/armin-knab-gymnasium.de\/Home\/wp-json\/wp\/v2\/posts\/16969\/revisions"}],"predecessor-version":[{"id":16985,"href":"https:\/\/armin-knab-gymnasium.de\/Home\/wp-json\/wp\/v2\/posts\/16969\/revisions\/16985"}],"wp:featuredmedia":[{"embeddable":true,"href":"https:\/\/armin-knab-gymnasium.de\/Home\/wp-json\/wp\/v2\/media\/16982"}],"wp:attachment":[{"href":"https:\/\/armin-knab-gymnasium.de\/Home\/wp-json\/wp\/v2\/media?parent=16969"}],"wp:term":[{"taxonomy":"category","embeddable":true,"href":"https:\/\/armin-knab-gymnasium.de\/Home\/wp-json\/wp\/v2\/categories?post=16969"},{"taxonomy":"post_tag","embeddable":true,"href":"https:\/\/armin-knab-gymnasium.de\/Home\/wp-json\/wp\/v2\/tags?post=16969"},{"taxonomy":"author","embeddable":true,"href":"https:\/\/armin-knab-gymnasium.de\/Home\/wp-json\/wp\/v2\/coauthors?post=16969"}],"curies":[{"name":"wp","href":"https:\/\/api.w.org\/{rel}","templated":true}]}}