{"id":17143,"date":"2025-05-02T12:43:40","date_gmt":"2025-05-02T10:43:40","guid":{"rendered":"https:\/\/armin-knab-gymnasium.de\/Home\/?p=17143"},"modified":"2025-05-02T12:43:41","modified_gmt":"2025-05-02T10:43:41","slug":"tag-des-handwerks-am-armin-knab-gymnasium-ein-vormittag-voller-kreativitaet-und-handwerklichem-geschick","status":"publish","type":"post","link":"https:\/\/armin-knab-gymnasium.de\/Home\/2025\/05\/02\/tag-des-handwerks-am-armin-knab-gymnasium-ein-vormittag-voller-kreativitaet-und-handwerklichem-geschick\/","title":{"rendered":"Tag des Handwerks am Armin-Knab-Gymnasium: Ein Vormittag voller Kreativit\u00e4t und handwerklichem Geschick"},"content":{"rendered":"\n<p>Am 28. April 2025 fand am Armin-Knab-Gymnasium der mittlerweile dritte \u201eTag des Handwerks\u201c statt, der die Sch\u00fclerinnen und Sch\u00fcler der 9. Jahrgangsstufe in die faszinierende Welt der Handwerksberufe eintauchen lie\u00df. Organisiert als Workshoptag, bot die Veranstaltung den jungen Menschen die M\u00f6glichkeit, verschiedene Gewerke kennenzulernen und sich mit den vielf\u00e4ltigen Karrierem\u00f6glichkeiten im Handwerk auseinanderzusetzen.<br>In Anbetracht des zunehmenden Fachkr\u00e4ftemangels im Handwerk ist es von gro\u00dfer Bedeutung, junge Talente f\u00fcr diese Berufe zu begeistern. Der Tag des Handwerks stellte eine hervorragende Gelegenheit dar, handwerkliches Geschick zu entdecken und praktische Erfahrungen zu sammeln. Die Sch\u00fclerinnen und Sch\u00fcler hatten die M\u00f6glichkeit, an drei verschiedenen Workshops teilzunehmen, die von lokalen Handwerksbetrieben angeboten wurden.<\/p>\n\n\n\n<p>Die Workshops waren vielf\u00e4ltig und boten f\u00fcr jeden Geschmack etwas. Im Workshop \u201eHaustechnik der Zukunft\u201c von Elektro Seynstahl konnten die Teilnehmer in die Welt der erneuerbaren Energien und modernen Technik eintauchen. Das Friseurteam Kr\u00fcger lud die Sch\u00fclerinnen und Sch\u00fcler im Workshop \u201eGl\u00fccklichmacher\u201c ein, einen Blick hinter die Kulissen eines Friseursalons zu werfen und zu erfahren, wie ein typischer Arbeitstag aussieht.<\/p>\n\n\n\n<p>Im \u201eHelden\u201c-Workshop der Eugen Wahner GmbH durften die Jugendlichen im Team ein erstes Ger\u00fcst bauen, w\u00e4hrend sie im Workshop \u201eHolzdesign\u201c der Ackermann GmbH mit verschiedenen Werkzeugen und Maschinen ein eigenes Werkst\u00fcck aus Holz fertigten. Der Workshop \u201eDas h\u00f6rt sich gut an\u201c von H\u00f6rger\u00e4te Hahn bot die M\u00f6glichkeit, H\u00f6rger\u00e4te auszuprobieren und einen Abdruck der eigenen Ohrmuschel anzufertigen.<\/p>\n\n\n\n<p>Die Kreativit\u00e4t wurde auch im Workshop \u201eUnikate\u201c von Roth Beh\u00e4lterbau gef\u00f6rdert, wo die Sch\u00fclerinnen und Sch\u00fcler aus einfachem Edelstahlblech individuelle Edelstahlbeh\u00e4lter herstellten. Im Workshop \u201eSpannung pur\u201c von Elektro L\u00f6ther konnten die Teilnehmer durch die Arbeit an Stecktafeln und dem Umgang mit elektrischen und elektronischen Schaltungen die spannende Welt der Elektrotechnik kennenlernen.<\/p>\n\n\n\n<p>Zus\u00e4tzlich erhielten die Sch\u00fclerinnen und Sch\u00fcler im Workshop \u201eBleck-Checker\u201c von KLZ Kitzingen Einblicke in die t\u00e4gliche Arbeit mit Motoren, Karosserien und Lacken und im Workshop \u201eGro\u00dfes bewegen \u2013 Gro\u00dfes lernen\u201c von NFZ Kitzingen konnten sie auch hinter die Kulissen der Nutzfahrzeugtechnik blicken.<\/p>\n\n\n\n<p>Der Tag des Handwerks war erneut ein gro\u00dfer Erfolg und die Sch\u00fclerinnen und Sch\u00fcler hatten viel Spa\u00df beim Handwerken. Die Veranstaltung hat nicht nur das Interesse an Handwerksberufen geweckt, sondern auch dazu beigetragen, die Bedeutung des Handwerks in unserer Gesellschaft zu unterstreichen. Das AKG freut sich bereits auf die n\u00e4chste Auflage dieses inspirierenden Events im n\u00e4chsten Jahr!<\/p>\n\n\n\n<figure class=\"wp-block-gallery has-nested-images columns-default is-cropped wp-block-gallery-1 is-layout-flex wp-block-gallery-is-layout-flex\">\n<figure class=\"wp-block-image size-large\"><a href=\"https:\/\/armin-knab-gymnasium.de\/Home\/wp-content\/uploads\/2025\/05\/20250428_112038-scaled.jpg\"><img loading=\"lazy\" decoding=\"async\" width=\"1024\" height=\"768\" data-id=\"17145\" src=\"https:\/\/armin-knab-gymnasium.de\/Home\/wp-content\/uploads\/2025\/05\/20250428_112038-1024x768.jpg\" alt=\"\" class=\"wp-image-17145\" srcset=\"https:\/\/armin-knab-gymnasium.de\/Home\/wp-content\/uploads\/2025\/05\/20250428_112038-1024x768.jpg 1024w, https:\/\/armin-knab-gymnasium.de\/Home\/wp-content\/uploads\/2025\/05\/20250428_112038-300x225.jpg 300w, https:\/\/armin-knab-gymnasium.de\/Home\/wp-content\/uploads\/2025\/05\/20250428_112038-768x576.jpg 768w, https:\/\/armin-knab-gymnasium.de\/Home\/wp-content\/uploads\/2025\/05\/20250428_112038-1536x1152.jpg 1536w, https:\/\/armin-knab-gymnasium.de\/Home\/wp-content\/uploads\/2025\/05\/20250428_112038-2048x1536.jpg 2048w, https:\/\/armin-knab-gymnasium.de\/Home\/wp-content\/uploads\/2025\/05\/20250428_112038-624x468.jpg 624w, https:\/\/armin-knab-gymnasium.de\/Home\/wp-content\/uploads\/2025\/05\/20250428_112038-240x180.jpg 240w\" sizes=\"auto, (max-width: 1024px) 100vw, 1024px\" \/><\/a><\/figure>\n\n\n\n<figure class=\"wp-block-image size-large\"><a href=\"https:\/\/armin-knab-gymnasium.de\/Home\/wp-content\/uploads\/2025\/05\/20250428_113021-scaled.jpg\"><img loading=\"lazy\" decoding=\"async\" width=\"1024\" height=\"768\" data-id=\"17146\" src=\"https:\/\/armin-knab-gymnasium.de\/Home\/wp-content\/uploads\/2025\/05\/20250428_113021-1024x768.jpg\" alt=\"\" class=\"wp-image-17146\" srcset=\"https:\/\/armin-knab-gymnasium.de\/Home\/wp-content\/uploads\/2025\/05\/20250428_113021-1024x768.jpg 1024w, https:\/\/armin-knab-gymnasium.de\/Home\/wp-content\/uploads\/2025\/05\/20250428_113021-300x225.jpg 300w, https:\/\/armin-knab-gymnasium.de\/Home\/wp-content\/uploads\/2025\/05\/20250428_113021-768x576.jpg 768w, https:\/\/armin-knab-gymnasium.de\/Home\/wp-content\/uploads\/2025\/05\/20250428_113021-1536x1152.jpg 1536w, https:\/\/armin-knab-gymnasium.de\/Home\/wp-content\/uploads\/2025\/05\/20250428_113021-2048x1536.jpg 2048w, https:\/\/armin-knab-gymnasium.de\/Home\/wp-content\/uploads\/2025\/05\/20250428_113021-624x468.jpg 624w, https:\/\/armin-knab-gymnasium.de\/Home\/wp-content\/uploads\/2025\/05\/20250428_113021-240x180.jpg 240w\" sizes=\"auto, (max-width: 1024px) 100vw, 1024px\" \/><\/a><\/figure>\n<\/figure>\n","protected":false},"excerpt":{"rendered":"<p>Am 28. April 2025 fand am Armin-Knab-Gymnasium der mittlerweile dritte \u201eTag des Handwerks\u201c statt, der die Sch\u00fclerinnen und Sch\u00fcler der 9. Jahrgangsstufe in die faszinierende Welt der Handwerksberufe eintauchen lie\u00df&#8230;. <a href=\"https:\/\/armin-knab-gymnasium.de\/Home\/2025\/05\/02\/tag-des-handwerks-am-armin-knab-gymnasium-ein-vormittag-voller-kreativitaet-und-handwerklichem-geschick\/\">weiterlesen &raquo;<\/a><\/p>\n","protected":false},"author":1041,"featured_media":17144,"comment_status":"closed","ping_status":"closed","sticky":false,"template":"","format":"standard","meta":{"ghostkit_customizer_options":"","ghostkit_custom_css":"","ghostkit_custom_js_head":"","ghostkit_custom_js_foot":"","ghostkit_typography":"","footnotes":""},"categories":[1],"tags":[],"coauthors":[109],"class_list":["post-17143","post","type-post","status-publish","format-standard","has-post-thumbnail","hentry","category-allgemein"],"yoast_head":"<!-- This site is optimized with the Yoast SEO plugin v27.4 - https:\/\/yoast.com\/product\/yoast-seo-wordpress\/ -->\n<title>Tag des Handwerks am Armin-Knab-Gymnasium: Ein Vormittag voller Kreativit\u00e4t und handwerklichem Geschick - Armin-Knab-Gymnasium Kitzingen<\/title>\n<meta name=\"robots\" content=\"index, follow, max-snippet:-1, max-image-preview:large, max-video-preview:-1\" \/>\n<link rel=\"canonical\" href=\"https:\/\/armin-knab-gymnasium.de\/Home\/2025\/05\/02\/tag-des-handwerks-am-armin-knab-gymnasium-ein-vormittag-voller-kreativitaet-und-handwerklichem-geschick\/\" \/>\n<meta property=\"og:locale\" content=\"de_DE\" \/>\n<meta property=\"og:type\" content=\"article\" \/>\n<meta property=\"og:title\" content=\"Tag des Handwerks am Armin-Knab-Gymnasium: Ein Vormittag voller Kreativit\u00e4t und handwerklichem Geschick - Armin-Knab-Gymnasium Kitzingen\" \/>\n<meta property=\"og:description\" content=\"Am 28. April 2025 fand am Armin-Knab-Gymnasium der mittlerweile dritte \u201eTag des Handwerks\u201c statt, der die Sch\u00fclerinnen und Sch\u00fcler der 9. Jahrgangsstufe in die faszinierende Welt der Handwerksberufe eintauchen lie\u00df.... weiterlesen &raquo;\" \/>\n<meta property=\"og:url\" content=\"https:\/\/armin-knab-gymnasium.de\/Home\/2025\/05\/02\/tag-des-handwerks-am-armin-knab-gymnasium-ein-vormittag-voller-kreativitaet-und-handwerklichem-geschick\/\" \/>\n<meta property=\"og:site_name\" content=\"Armin-Knab-Gymnasium Kitzingen\" \/>\n<meta property=\"article:published_time\" content=\"2025-05-02T10:43:40+00:00\" \/>\n<meta property=\"article:modified_time\" content=\"2025-05-02T10:43:41+00:00\" \/>\n<meta property=\"og:image\" content=\"https:\/\/armin-knab-gymnasium.de\/Home\/wp-content\/uploads\/2025\/05\/20250428_112346-scaled.jpg\" \/>\n\t<meta property=\"og:image:width\" content=\"2560\" \/>\n\t<meta property=\"og:image:height\" content=\"1920\" \/>\n\t<meta property=\"og:image:type\" content=\"image\/jpeg\" \/>\n<meta name=\"author\" content=\"Christina Bohn\" \/>\n<meta name=\"twitter:card\" content=\"summary_large_image\" \/>\n<meta name=\"twitter:label1\" content=\"Verfasst von\" \/>\n\t<meta name=\"twitter:data1\" content=\"Christina Bohn\" \/>\n\t<meta name=\"twitter:label2\" content=\"Gesch\u00e4tzte Lesezeit\" \/>\n\t<meta name=\"twitter:data2\" content=\"3\u00a0Minuten\" \/>\n\t<meta name=\"twitter:label3\" content=\"Written by\" \/>\n\t<meta name=\"twitter:data3\" content=\"Christina Bohn\" \/>\n<script type=\"application\/ld+json\" class=\"yoast-schema-graph\">{\"@context\":\"https:\\\/\\\/schema.org\",\"@graph\":[{\"@type\":\"Article\",\"@id\":\"https:\\\/\\\/armin-knab-gymnasium.de\\\/Home\\\/2025\\\/05\\\/02\\\/tag-des-handwerks-am-armin-knab-gymnasium-ein-vormittag-voller-kreativitaet-und-handwerklichem-geschick\\\/#article\",\"isPartOf\":{\"@id\":\"https:\\\/\\\/armin-knab-gymnasium.de\\\/Home\\\/2025\\\/05\\\/02\\\/tag-des-handwerks-am-armin-knab-gymnasium-ein-vormittag-voller-kreativitaet-und-handwerklichem-geschick\\\/\"},\"author\":{\"name\":\"Christina Bohn\",\"@id\":\"https:\\\/\\\/armin-knab-gymnasium.de\\\/Home\\\/#\\\/schema\\\/person\\\/f78606690fb92cb9e66973d2cb68026b\"},\"headline\":\"Tag des Handwerks am Armin-Knab-Gymnasium: Ein Vormittag voller Kreativit\u00e4t und handwerklichem Geschick\",\"datePublished\":\"2025-05-02T10:43:40+00:00\",\"dateModified\":\"2025-05-02T10:43:41+00:00\",\"mainEntityOfPage\":{\"@id\":\"https:\\\/\\\/armin-knab-gymnasium.de\\\/Home\\\/2025\\\/05\\\/02\\\/tag-des-handwerks-am-armin-knab-gymnasium-ein-vormittag-voller-kreativitaet-und-handwerklichem-geschick\\\/\"},\"wordCount\":428,\"publisher\":{\"@id\":\"https:\\\/\\\/armin-knab-gymnasium.de\\\/Home\\\/#organization\"},\"image\":{\"@id\":\"https:\\\/\\\/armin-knab-gymnasium.de\\\/Home\\\/2025\\\/05\\\/02\\\/tag-des-handwerks-am-armin-knab-gymnasium-ein-vormittag-voller-kreativitaet-und-handwerklichem-geschick\\\/#primaryimage\"},\"thumbnailUrl\":\"https:\\\/\\\/armin-knab-gymnasium.de\\\/Home\\\/wp-content\\\/uploads\\\/2025\\\/05\\\/20250428_112346-scaled.jpg\",\"inLanguage\":\"de\"},{\"@type\":\"WebPage\",\"@id\":\"https:\\\/\\\/armin-knab-gymnasium.de\\\/Home\\\/2025\\\/05\\\/02\\\/tag-des-handwerks-am-armin-knab-gymnasium-ein-vormittag-voller-kreativitaet-und-handwerklichem-geschick\\\/\",\"url\":\"https:\\\/\\\/armin-knab-gymnasium.de\\\/Home\\\/2025\\\/05\\\/02\\\/tag-des-handwerks-am-armin-knab-gymnasium-ein-vormittag-voller-kreativitaet-und-handwerklichem-geschick\\\/\",\"name\":\"Tag des Handwerks am Armin-Knab-Gymnasium: Ein Vormittag voller Kreativit\u00e4t und handwerklichem Geschick - Armin-Knab-Gymnasium Kitzingen\",\"isPartOf\":{\"@id\":\"https:\\\/\\\/armin-knab-gymnasium.de\\\/Home\\\/#website\"},\"primaryImageOfPage\":{\"@id\":\"https:\\\/\\\/armin-knab-gymnasium.de\\\/Home\\\/2025\\\/05\\\/02\\\/tag-des-handwerks-am-armin-knab-gymnasium-ein-vormittag-voller-kreativitaet-und-handwerklichem-geschick\\\/#primaryimage\"},\"image\":{\"@id\":\"https:\\\/\\\/armin-knab-gymnasium.de\\\/Home\\\/2025\\\/05\\\/02\\\/tag-des-handwerks-am-armin-knab-gymnasium-ein-vormittag-voller-kreativitaet-und-handwerklichem-geschick\\\/#primaryimage\"},\"thumbnailUrl\":\"https:\\\/\\\/armin-knab-gymnasium.de\\\/Home\\\/wp-content\\\/uploads\\\/2025\\\/05\\\/20250428_112346-scaled.jpg\",\"datePublished\":\"2025-05-02T10:43:40+00:00\",\"dateModified\":\"2025-05-02T10:43:41+00:00\",\"breadcrumb\":{\"@id\":\"https:\\\/\\\/armin-knab-gymnasium.de\\\/Home\\\/2025\\\/05\\\/02\\\/tag-des-handwerks-am-armin-knab-gymnasium-ein-vormittag-voller-kreativitaet-und-handwerklichem-geschick\\\/#breadcrumb\"},\"inLanguage\":\"de\",\"potentialAction\":[{\"@type\":\"ReadAction\",\"target\":[\"https:\\\/\\\/armin-knab-gymnasium.de\\\/Home\\\/2025\\\/05\\\/02\\\/tag-des-handwerks-am-armin-knab-gymnasium-ein-vormittag-voller-kreativitaet-und-handwerklichem-geschick\\\/\"]}]},{\"@type\":\"ImageObject\",\"inLanguage\":\"de\",\"@id\":\"https:\\\/\\\/armin-knab-gymnasium.de\\\/Home\\\/2025\\\/05\\\/02\\\/tag-des-handwerks-am-armin-knab-gymnasium-ein-vormittag-voller-kreativitaet-und-handwerklichem-geschick\\\/#primaryimage\",\"url\":\"https:\\\/\\\/armin-knab-gymnasium.de\\\/Home\\\/wp-content\\\/uploads\\\/2025\\\/05\\\/20250428_112346-scaled.jpg\",\"contentUrl\":\"https:\\\/\\\/armin-knab-gymnasium.de\\\/Home\\\/wp-content\\\/uploads\\\/2025\\\/05\\\/20250428_112346-scaled.jpg\",\"width\":2560,\"height\":1920},{\"@type\":\"BreadcrumbList\",\"@id\":\"https:\\\/\\\/armin-knab-gymnasium.de\\\/Home\\\/2025\\\/05\\\/02\\\/tag-des-handwerks-am-armin-knab-gymnasium-ein-vormittag-voller-kreativitaet-und-handwerklichem-geschick\\\/#breadcrumb\",\"itemListElement\":[{\"@type\":\"ListItem\",\"position\":1,\"name\":\"Startseite\",\"item\":\"https:\\\/\\\/armin-knab-gymnasium.de\\\/Home\\\/\"},{\"@type\":\"ListItem\",\"position\":2,\"name\":\"Tag des Handwerks am Armin-Knab-Gymnasium: Ein Vormittag voller Kreativit\u00e4t und handwerklichem Geschick\"}]},{\"@type\":\"WebSite\",\"@id\":\"https:\\\/\\\/armin-knab-gymnasium.de\\\/Home\\\/#website\",\"url\":\"https:\\\/\\\/armin-knab-gymnasium.de\\\/Home\\\/\",\"name\":\"Armin-Knab-Gymnasium Kitzingen\",\"description\":\"Naturwissenschaftlich-technologisches und sprachliches Gymnasium\",\"publisher\":{\"@id\":\"https:\\\/\\\/armin-knab-gymnasium.de\\\/Home\\\/#organization\"},\"potentialAction\":[{\"@type\":\"SearchAction\",\"target\":{\"@type\":\"EntryPoint\",\"urlTemplate\":\"https:\\\/\\\/armin-knab-gymnasium.de\\\/Home\\\/?s={search_term_string}\"},\"query-input\":{\"@type\":\"PropertyValueSpecification\",\"valueRequired\":true,\"valueName\":\"search_term_string\"}}],\"inLanguage\":\"de\"},{\"@type\":\"Organization\",\"@id\":\"https:\\\/\\\/armin-knab-gymnasium.de\\\/Home\\\/#organization\",\"name\":\"Armin-Knab-Gymnasium Kitzingen\",\"url\":\"https:\\\/\\\/armin-knab-gymnasium.de\\\/Home\\\/\",\"logo\":{\"@type\":\"ImageObject\",\"inLanguage\":\"de\",\"@id\":\"https:\\\/\\\/armin-knab-gymnasium.de\\\/Home\\\/#\\\/schema\\\/logo\\\/image\\\/\",\"url\":\"https:\\\/\\\/armin-knab-gymnasium.de\\\/Home\\\/wp-content\\\/uploads\\\/2016\\\/11\\\/LogoIcon.png\",\"contentUrl\":\"https:\\\/\\\/armin-knab-gymnasium.de\\\/Home\\\/wp-content\\\/uploads\\\/2016\\\/11\\\/LogoIcon.png\",\"width\":512,\"height\":512,\"caption\":\"Armin-Knab-Gymnasium Kitzingen\"},\"image\":{\"@id\":\"https:\\\/\\\/armin-knab-gymnasium.de\\\/Home\\\/#\\\/schema\\\/logo\\\/image\\\/\"}},{\"@type\":\"Person\",\"@id\":\"https:\\\/\\\/armin-knab-gymnasium.de\\\/Home\\\/#\\\/schema\\\/person\\\/f78606690fb92cb9e66973d2cb68026b\",\"name\":\"Christina Bohn\",\"image\":{\"@type\":\"ImageObject\",\"inLanguage\":\"de\",\"@id\":\"https:\\\/\\\/secure.gravatar.com\\\/avatar\\\/bc6e6febaa102817f9cd41dcda2fc4b2324dc3577b60daf2b28f5d73977d5e4e?s=96&d=mm&r=g392f5ee0d1f2391cc29475b82cc1abce\",\"url\":\"https:\\\/\\\/secure.gravatar.com\\\/avatar\\\/bc6e6febaa102817f9cd41dcda2fc4b2324dc3577b60daf2b28f5d73977d5e4e?s=96&d=mm&r=g\",\"contentUrl\":\"https:\\\/\\\/secure.gravatar.com\\\/avatar\\\/bc6e6febaa102817f9cd41dcda2fc4b2324dc3577b60daf2b28f5d73977d5e4e?s=96&d=mm&r=g\",\"caption\":\"Christina Bohn\"},\"sameAs\":[\"https:\\\/\\\/armin-knab-gymnasium.de\\\/Home\"],\"url\":\"https:\\\/\\\/armin-knab-gymnasium.de\\\/Home\\\/author\\\/boh\\\/\"}]}<\/script>\n<!-- \/ Yoast SEO plugin. -->","yoast_head_json":{"title":"Tag des Handwerks am Armin-Knab-Gymnasium: Ein Vormittag voller Kreativit\u00e4t und handwerklichem Geschick - Armin-Knab-Gymnasium Kitzingen","robots":{"index":"index","follow":"follow","max-snippet":"max-snippet:-1","max-image-preview":"max-image-preview:large","max-video-preview":"max-video-preview:-1"},"canonical":"https:\/\/armin-knab-gymnasium.de\/Home\/2025\/05\/02\/tag-des-handwerks-am-armin-knab-gymnasium-ein-vormittag-voller-kreativitaet-und-handwerklichem-geschick\/","og_locale":"de_DE","og_type":"article","og_title":"Tag des Handwerks am Armin-Knab-Gymnasium: Ein Vormittag voller Kreativit\u00e4t und handwerklichem Geschick - Armin-Knab-Gymnasium Kitzingen","og_description":"Am 28. April 2025 fand am Armin-Knab-Gymnasium der mittlerweile dritte \u201eTag des Handwerks\u201c statt, der die Sch\u00fclerinnen und Sch\u00fcler der 9. Jahrgangsstufe in die faszinierende Welt der Handwerksberufe eintauchen lie\u00df.... weiterlesen &raquo;","og_url":"https:\/\/armin-knab-gymnasium.de\/Home\/2025\/05\/02\/tag-des-handwerks-am-armin-knab-gymnasium-ein-vormittag-voller-kreativitaet-und-handwerklichem-geschick\/","og_site_name":"Armin-Knab-Gymnasium Kitzingen","article_published_time":"2025-05-02T10:43:40+00:00","article_modified_time":"2025-05-02T10:43:41+00:00","og_image":[{"width":2560,"height":1920,"url":"https:\/\/armin-knab-gymnasium.de\/Home\/wp-content\/uploads\/2025\/05\/20250428_112346-scaled.jpg","type":"image\/jpeg"}],"author":"Christina Bohn","twitter_card":"summary_large_image","twitter_misc":{"Verfasst von":"Christina Bohn","Gesch\u00e4tzte Lesezeit":"3\u00a0Minuten","Written by":"Christina Bohn"},"schema":{"@context":"https:\/\/schema.org","@graph":[{"@type":"Article","@id":"https:\/\/armin-knab-gymnasium.de\/Home\/2025\/05\/02\/tag-des-handwerks-am-armin-knab-gymnasium-ein-vormittag-voller-kreativitaet-und-handwerklichem-geschick\/#article","isPartOf":{"@id":"https:\/\/armin-knab-gymnasium.de\/Home\/2025\/05\/02\/tag-des-handwerks-am-armin-knab-gymnasium-ein-vormittag-voller-kreativitaet-und-handwerklichem-geschick\/"},"author":{"name":"Christina Bohn","@id":"https:\/\/armin-knab-gymnasium.de\/Home\/#\/schema\/person\/f78606690fb92cb9e66973d2cb68026b"},"headline":"Tag des Handwerks am Armin-Knab-Gymnasium: Ein Vormittag voller Kreativit\u00e4t und handwerklichem Geschick","datePublished":"2025-05-02T10:43:40+00:00","dateModified":"2025-05-02T10:43:41+00:00","mainEntityOfPage":{"@id":"https:\/\/armin-knab-gymnasium.de\/Home\/2025\/05\/02\/tag-des-handwerks-am-armin-knab-gymnasium-ein-vormittag-voller-kreativitaet-und-handwerklichem-geschick\/"},"wordCount":428,"publisher":{"@id":"https:\/\/armin-knab-gymnasium.de\/Home\/#organization"},"image":{"@id":"https:\/\/armin-knab-gymnasium.de\/Home\/2025\/05\/02\/tag-des-handwerks-am-armin-knab-gymnasium-ein-vormittag-voller-kreativitaet-und-handwerklichem-geschick\/#primaryimage"},"thumbnailUrl":"https:\/\/armin-knab-gymnasium.de\/Home\/wp-content\/uploads\/2025\/05\/20250428_112346-scaled.jpg","inLanguage":"de"},{"@type":"WebPage","@id":"https:\/\/armin-knab-gymnasium.de\/Home\/2025\/05\/02\/tag-des-handwerks-am-armin-knab-gymnasium-ein-vormittag-voller-kreativitaet-und-handwerklichem-geschick\/","url":"https:\/\/armin-knab-gymnasium.de\/Home\/2025\/05\/02\/tag-des-handwerks-am-armin-knab-gymnasium-ein-vormittag-voller-kreativitaet-und-handwerklichem-geschick\/","name":"Tag des Handwerks am Armin-Knab-Gymnasium: Ein Vormittag voller Kreativit\u00e4t und handwerklichem Geschick - Armin-Knab-Gymnasium Kitzingen","isPartOf":{"@id":"https:\/\/armin-knab-gymnasium.de\/Home\/#website"},"primaryImageOfPage":{"@id":"https:\/\/armin-knab-gymnasium.de\/Home\/2025\/05\/02\/tag-des-handwerks-am-armin-knab-gymnasium-ein-vormittag-voller-kreativitaet-und-handwerklichem-geschick\/#primaryimage"},"image":{"@id":"https:\/\/armin-knab-gymnasium.de\/Home\/2025\/05\/02\/tag-des-handwerks-am-armin-knab-gymnasium-ein-vormittag-voller-kreativitaet-und-handwerklichem-geschick\/#primaryimage"},"thumbnailUrl":"https:\/\/armin-knab-gymnasium.de\/Home\/wp-content\/uploads\/2025\/05\/20250428_112346-scaled.jpg","datePublished":"2025-05-02T10:43:40+00:00","dateModified":"2025-05-02T10:43:41+00:00","breadcrumb":{"@id":"https:\/\/armin-knab-gymnasium.de\/Home\/2025\/05\/02\/tag-des-handwerks-am-armin-knab-gymnasium-ein-vormittag-voller-kreativitaet-und-handwerklichem-geschick\/#breadcrumb"},"inLanguage":"de","potentialAction":[{"@type":"ReadAction","target":["https:\/\/armin-knab-gymnasium.de\/Home\/2025\/05\/02\/tag-des-handwerks-am-armin-knab-gymnasium-ein-vormittag-voller-kreativitaet-und-handwerklichem-geschick\/"]}]},{"@type":"ImageObject","inLanguage":"de","@id":"https:\/\/armin-knab-gymnasium.de\/Home\/2025\/05\/02\/tag-des-handwerks-am-armin-knab-gymnasium-ein-vormittag-voller-kreativitaet-und-handwerklichem-geschick\/#primaryimage","url":"https:\/\/armin-knab-gymnasium.de\/Home\/wp-content\/uploads\/2025\/05\/20250428_112346-scaled.jpg","contentUrl":"https:\/\/armin-knab-gymnasium.de\/Home\/wp-content\/uploads\/2025\/05\/20250428_112346-scaled.jpg","width":2560,"height":1920},{"@type":"BreadcrumbList","@id":"https:\/\/armin-knab-gymnasium.de\/Home\/2025\/05\/02\/tag-des-handwerks-am-armin-knab-gymnasium-ein-vormittag-voller-kreativitaet-und-handwerklichem-geschick\/#breadcrumb","itemListElement":[{"@type":"ListItem","position":1,"name":"Startseite","item":"https:\/\/armin-knab-gymnasium.de\/Home\/"},{"@type":"ListItem","position":2,"name":"Tag des Handwerks am Armin-Knab-Gymnasium: Ein Vormittag voller Kreativit\u00e4t und handwerklichem Geschick"}]},{"@type":"WebSite","@id":"https:\/\/armin-knab-gymnasium.de\/Home\/#website","url":"https:\/\/armin-knab-gymnasium.de\/Home\/","name":"Armin-Knab-Gymnasium Kitzingen","description":"Naturwissenschaftlich-technologisches und sprachliches Gymnasium","publisher":{"@id":"https:\/\/armin-knab-gymnasium.de\/Home\/#organization"},"potentialAction":[{"@type":"SearchAction","target":{"@type":"EntryPoint","urlTemplate":"https:\/\/armin-knab-gymnasium.de\/Home\/?s={search_term_string}"},"query-input":{"@type":"PropertyValueSpecification","valueRequired":true,"valueName":"search_term_string"}}],"inLanguage":"de"},{"@type":"Organization","@id":"https:\/\/armin-knab-gymnasium.de\/Home\/#organization","name":"Armin-Knab-Gymnasium Kitzingen","url":"https:\/\/armin-knab-gymnasium.de\/Home\/","logo":{"@type":"ImageObject","inLanguage":"de","@id":"https:\/\/armin-knab-gymnasium.de\/Home\/#\/schema\/logo\/image\/","url":"https:\/\/armin-knab-gymnasium.de\/Home\/wp-content\/uploads\/2016\/11\/LogoIcon.png","contentUrl":"https:\/\/armin-knab-gymnasium.de\/Home\/wp-content\/uploads\/2016\/11\/LogoIcon.png","width":512,"height":512,"caption":"Armin-Knab-Gymnasium Kitzingen"},"image":{"@id":"https:\/\/armin-knab-gymnasium.de\/Home\/#\/schema\/logo\/image\/"}},{"@type":"Person","@id":"https:\/\/armin-knab-gymnasium.de\/Home\/#\/schema\/person\/f78606690fb92cb9e66973d2cb68026b","name":"Christina Bohn","image":{"@type":"ImageObject","inLanguage":"de","@id":"https:\/\/secure.gravatar.com\/avatar\/bc6e6febaa102817f9cd41dcda2fc4b2324dc3577b60daf2b28f5d73977d5e4e?s=96&d=mm&r=g392f5ee0d1f2391cc29475b82cc1abce","url":"https:\/\/secure.gravatar.com\/avatar\/bc6e6febaa102817f9cd41dcda2fc4b2324dc3577b60daf2b28f5d73977d5e4e?s=96&d=mm&r=g","contentUrl":"https:\/\/secure.gravatar.com\/avatar\/bc6e6febaa102817f9cd41dcda2fc4b2324dc3577b60daf2b28f5d73977d5e4e?s=96&d=mm&r=g","caption":"Christina Bohn"},"sameAs":["https:\/\/armin-knab-gymnasium.de\/Home"],"url":"https:\/\/armin-knab-gymnasium.de\/Home\/author\/boh\/"}]}},"publishpress_future_action":{"enabled":false,"date":"2026-05-03 14:23:24","action":"change-status","newStatus":"draft","terms":[],"taxonomy":"category","extraData":[]},"publishpress_future_workflow_manual_trigger":{"enabledWorkflows":[]},"_links":{"self":[{"href":"https:\/\/armin-knab-gymnasium.de\/Home\/wp-json\/wp\/v2\/posts\/17143","targetHints":{"allow":["GET"]}}],"collection":[{"href":"https:\/\/armin-knab-gymnasium.de\/Home\/wp-json\/wp\/v2\/posts"}],"about":[{"href":"https:\/\/armin-knab-gymnasium.de\/Home\/wp-json\/wp\/v2\/types\/post"}],"author":[{"embeddable":true,"href":"https:\/\/armin-knab-gymnasium.de\/Home\/wp-json\/wp\/v2\/users\/1041"}],"replies":[{"embeddable":true,"href":"https:\/\/armin-knab-gymnasium.de\/Home\/wp-json\/wp\/v2\/comments?post=17143"}],"version-history":[{"count":1,"href":"https:\/\/armin-knab-gymnasium.de\/Home\/wp-json\/wp\/v2\/posts\/17143\/revisions"}],"predecessor-version":[{"id":17148,"href":"https:\/\/armin-knab-gymnasium.de\/Home\/wp-json\/wp\/v2\/posts\/17143\/revisions\/17148"}],"wp:featuredmedia":[{"embeddable":true,"href":"https:\/\/armin-knab-gymnasium.de\/Home\/wp-json\/wp\/v2\/media\/17144"}],"wp:attachment":[{"href":"https:\/\/armin-knab-gymnasium.de\/Home\/wp-json\/wp\/v2\/media?parent=17143"}],"wp:term":[{"taxonomy":"category","embeddable":true,"href":"https:\/\/armin-knab-gymnasium.de\/Home\/wp-json\/wp\/v2\/categories?post=17143"},{"taxonomy":"post_tag","embeddable":true,"href":"https:\/\/armin-knab-gymnasium.de\/Home\/wp-json\/wp\/v2\/tags?post=17143"},{"taxonomy":"author","embeddable":true,"href":"https:\/\/armin-knab-gymnasium.de\/Home\/wp-json\/wp\/v2\/coauthors?post=17143"}],"curies":[{"name":"wp","href":"https:\/\/api.w.org\/{rel}","templated":true}]}}