{"id":17204,"date":"2025-05-15T16:01:43","date_gmt":"2025-05-15T14:01:43","guid":{"rendered":"https:\/\/armin-knab-gymnasium.de\/Home\/?p=17204"},"modified":"2025-05-19T16:19:25","modified_gmt":"2025-05-19T14:19:25","slug":"der-gestiefelte-kater-von-ludwig-tieck-aus-dem-jahre-1797-im-original-es-ergeht-herzliche-einladung","status":"publish","type":"post","link":"https:\/\/armin-knab-gymnasium.de\/Home\/2025\/05\/15\/der-gestiefelte-kater-von-ludwig-tieck-aus-dem-jahre-1797-im-original-es-ergeht-herzliche-einladung\/","title":{"rendered":"M\u00e4rchenhaft, turbulent, komisch \u2013 AKG-Theatergruppe \u00fcberzeugt mit \u201eDer gestiefelte Kater\u201c"},"content":{"rendered":"\n<p>\u201eIn diesem Jahr spielen wir ein klassisches Werk!\u201c \u2013 Mit diesem Wunsch startete die Theatergruppe der 10. bis 12. Jahrgangsstufe des Armin-Knab-Gymnasiums gemeinsam mit dem Profilfach in das neue Schuljahr. Die Wahl fiel auf \u201eDer gestiefelte Kater\u201c von Ludwig Tieck \u2013 ein St\u00fcck, das auf den ersten Blick wie ein einfaches M\u00e4rchen wirkt, aber sehr viel mehr zu bieten hat.<\/p>\n\n\n\n<p>Im Zentrum steht zwar der schlaue Kater Hinze (Theresa Gro\u00df Q12), der seinem armen Besitzer Gottlieb (Valentina Pedezert Q12) zu Ruhm und Reichtum verhelfen will und sich daf\u00fcr beim K\u00f6nig (Robin Se\u00dfler 11A) als J\u00e4ger ausgibt und am Hofe bei Prinzessin (Ilea Pfister 11A), Hofnarr (Jakob P\u00f6llot Q12) und Hofgelehrter Leandra (Irene Sommella Q12) einiges Erstaunen hervorruft. Aber das ist nur die eine Ebene dieser ungew\u00f6hnlichen Kom\u00f6die. Tieck spielt mit den Grenzen des Theaters: Eine fiktive Schauspielgruppe (Jarina Dietz 11A, Paula Gold 11A, Alexander Blasel 10D, Mathis Bahns 10D, Tizian Barei\u00df 10D) versucht, das bekannte M\u00e4rchen aufzuf\u00fchren, wird aber immer wieder durch Zwischenrufe eines sich im St\u00fcck befindenden kritischen Publikums (Ronja Lehner Q12, Bastian Barei\u00df 10D, Miriam Schr\u00f6der 11A, Emma K\u00e4ppner Q12, Maximilian Zehner 10D und Alena Ke\u00dfelring 10D) aus dem Konzept gebracht. Rollen vermischen sich, Figuren geraten ins Stolpern, auch der Dichter (Fiona Scheffler 10D) muss sich einmischen und selbst der Vorhang (Sophia Kempf 10D, Hannah Hofmann 10D) ger\u00e4t in Streit, muss dann aber wieder einspringen um die absurde Verwandlung des Zauberers Popanz (Lenja Krau\u00df 10D) in allerlei Tiere zu stemmen. Und pl\u00f6tzlich wei\u00df niemand mehr so genau, was eigentlich gespielt wird \u2013 oder wer \u00fcberhaupt zuschaut.<\/p>\n\n\n\n<p>Gerade dieses Spiel mit Erwartungen, Rollen und Wirklichkeit und der mutige Bruch mit der \u201e4. Wand\u201c faszinierte die Theatergruppe. Mehrere Monate lang wurde die Inszenierung erarbeitet \u2013 mit liebevoller Kreativit\u00e4t, schauspielerischer Eindr\u00fccklichkeit und gro\u00dfer Spielfreude. Dass der Text im Original aus dem Jahr 1797 stammt, machte die Umsetzung nicht gerade einfach. Doch genau das war der Reiz: ein altes St\u00fcck mit \u00fcberraschend modernen, fast schon absurden Momenten auf die B\u00fchne zu bringen und zum Leben zu erwecken.<\/p>\n\n\n\n<p>Am 15. und 16. Mai 2025 war es dann so weit: In der vollbesetzen Turnhalle des AKG begeisterte die Theatergruppe das Publikum mit ihrer humorvollen, schr\u00e4gen und gleichzeitig durchdachten Inszenierung. Zwischen M\u00e4rchen und Meta-Theater, Kater und K\u00f6nig, B\u00fchne und Zuschauerraum entstand ein Theatererlebnis, das zum Lachen brachte \u2013 und gleichzeitig an vielen Stellen auch zum Nachdenken anregte.<\/p>\n\n\n\n<p>Das Publikum dankte den Schauspielenden mit langem Applaus und stehenden Ovationen. Theaterlehrerin Michaela Lindner-Berndt lobte ihre Gruppe f\u00fcr ihre Spielfreude, ihr Engagement und ihre Arbeit an den Rollen und mit welcher Leichtigkeit, aber auch Ernsthaftigkeit und welchem Herzblut sie das St\u00fcck auf die B\u00fchne brachten. Stimmen aus dem Publikum erfreuten sich vor allem an der durchdachten, temporeichen Inszenierung mit viel Augenzwinkern und die bis in die kleinsten Rollen durchgeprobte Teamleistung.<\/p>\n\n\n\n<p>Die Schulleiterin Kristina Kurz schloss sich dem Dank begeistert an und betonte, wie die Leistungen aller Beteiligten zu einem unvergleichlichen Theaterabend beigetragen haben, der Lust auf mehr Theater am AKG macht.<\/p>\n\n\n\n<p><\/p>\n\n\n\n<p><\/p>\n","protected":false},"excerpt":{"rendered":"<p>\u201eIn diesem Jahr spielen wir ein klassisches Werk!\u201c \u2013 Mit diesem Wunsch startete die Theatergruppe der 10. bis 12. Jahrgangsstufe des Armin-Knab-Gymnasiums gemeinsam mit dem Profilfach in das neue Schuljahr&#8230;. <a href=\"https:\/\/armin-knab-gymnasium.de\/Home\/2025\/05\/15\/der-gestiefelte-kater-von-ludwig-tieck-aus-dem-jahre-1797-im-original-es-ergeht-herzliche-einladung\/\">weiterlesen &raquo;<\/a><\/p>\n","protected":false},"author":1023,"featured_media":17211,"comment_status":"closed","ping_status":"closed","sticky":false,"template":"","format":"standard","meta":{"ghostkit_customizer_options":"","ghostkit_custom_css":"","ghostkit_custom_js_head":"","ghostkit_custom_js_foot":"","ghostkit_typography":"","footnotes":""},"categories":[8,73,1,75,93],"tags":[],"coauthors":[72],"class_list":["post-17204","post","type-post","status-publish","format-standard","has-post-thumbnail","hentry","category-akg-inside","category-aktuelles","category-allgemein","category-deutsch","category-theater"],"yoast_head":"<!-- This site is optimized with the Yoast SEO plugin v27.5 - https:\/\/yoast.com\/product\/yoast-seo-wordpress\/ -->\n<title>M\u00e4rchenhaft, turbulent, komisch \u2013 AKG-Theatergruppe \u00fcberzeugt mit \u201eDer gestiefelte Kater\u201c - Armin-Knab-Gymnasium Kitzingen<\/title>\n<meta name=\"robots\" content=\"index, follow, max-snippet:-1, max-image-preview:large, max-video-preview:-1\" \/>\n<link rel=\"canonical\" href=\"https:\/\/armin-knab-gymnasium.de\/Home\/2025\/05\/15\/der-gestiefelte-kater-von-ludwig-tieck-aus-dem-jahre-1797-im-original-es-ergeht-herzliche-einladung\/\" \/>\n<meta property=\"og:locale\" content=\"de_DE\" \/>\n<meta property=\"og:type\" content=\"article\" \/>\n<meta property=\"og:title\" content=\"M\u00e4rchenhaft, turbulent, komisch \u2013 AKG-Theatergruppe \u00fcberzeugt mit \u201eDer gestiefelte Kater\u201c - Armin-Knab-Gymnasium Kitzingen\" \/>\n<meta property=\"og:description\" content=\"\u201eIn diesem Jahr spielen wir ein klassisches Werk!\u201c \u2013 Mit diesem Wunsch startete die Theatergruppe der 10. bis 12. Jahrgangsstufe des Armin-Knab-Gymnasiums gemeinsam mit dem Profilfach in das neue Schuljahr.... weiterlesen &raquo;\" \/>\n<meta property=\"og:url\" content=\"https:\/\/armin-knab-gymnasium.de\/Home\/2025\/05\/15\/der-gestiefelte-kater-von-ludwig-tieck-aus-dem-jahre-1797-im-original-es-ergeht-herzliche-einladung\/\" \/>\n<meta property=\"og:site_name\" content=\"Armin-Knab-Gymnasium Kitzingen\" \/>\n<meta property=\"article:published_time\" content=\"2025-05-15T14:01:43+00:00\" \/>\n<meta property=\"article:modified_time\" content=\"2025-05-19T14:19:25+00:00\" \/>\n<meta property=\"og:image\" content=\"https:\/\/armin-knab-gymnasium.de\/Home\/wp-content\/uploads\/2025\/05\/Kater-1a-scaled.jpg\" \/>\n\t<meta property=\"og:image:width\" content=\"2560\" \/>\n\t<meta property=\"og:image:height\" content=\"2215\" \/>\n\t<meta property=\"og:image:type\" content=\"image\/jpeg\" \/>\n<meta name=\"author\" content=\"Michaela Lindner-Berndt\" \/>\n<meta name=\"twitter:card\" content=\"summary_large_image\" \/>\n<meta name=\"twitter:label1\" content=\"Verfasst von\" \/>\n\t<meta name=\"twitter:data1\" content=\"Michaela Lindner-Berndt\" \/>\n\t<meta name=\"twitter:label2\" content=\"Gesch\u00e4tzte Lesezeit\" \/>\n\t<meta name=\"twitter:data2\" content=\"3\u00a0Minuten\" \/>\n\t<meta name=\"twitter:label3\" content=\"Written by\" \/>\n\t<meta name=\"twitter:data3\" content=\"Michaela Lindner-Berndt\" \/>\n<script type=\"application\/ld+json\" class=\"yoast-schema-graph\">{\"@context\":\"https:\\\/\\\/schema.org\",\"@graph\":[{\"@type\":\"Article\",\"@id\":\"https:\\\/\\\/armin-knab-gymnasium.de\\\/Home\\\/2025\\\/05\\\/15\\\/der-gestiefelte-kater-von-ludwig-tieck-aus-dem-jahre-1797-im-original-es-ergeht-herzliche-einladung\\\/#article\",\"isPartOf\":{\"@id\":\"https:\\\/\\\/armin-knab-gymnasium.de\\\/Home\\\/2025\\\/05\\\/15\\\/der-gestiefelte-kater-von-ludwig-tieck-aus-dem-jahre-1797-im-original-es-ergeht-herzliche-einladung\\\/\"},\"author\":{\"name\":\"Michaela Lindner-Berndt\",\"@id\":\"https:\\\/\\\/armin-knab-gymnasium.de\\\/Home\\\/#\\\/schema\\\/person\\\/f8d90b09206ff232302832be0250a4f2\"},\"headline\":\"M\u00e4rchenhaft, turbulent, komisch \u2013 AKG-Theatergruppe \u00fcberzeugt mit \u201eDer gestiefelte Kater\u201c\",\"datePublished\":\"2025-05-15T14:01:43+00:00\",\"dateModified\":\"2025-05-19T14:19:25+00:00\",\"mainEntityOfPage\":{\"@id\":\"https:\\\/\\\/armin-knab-gymnasium.de\\\/Home\\\/2025\\\/05\\\/15\\\/der-gestiefelte-kater-von-ludwig-tieck-aus-dem-jahre-1797-im-original-es-ergeht-herzliche-einladung\\\/\"},\"wordCount\":520,\"publisher\":{\"@id\":\"https:\\\/\\\/armin-knab-gymnasium.de\\\/Home\\\/#organization\"},\"image\":{\"@id\":\"https:\\\/\\\/armin-knab-gymnasium.de\\\/Home\\\/2025\\\/05\\\/15\\\/der-gestiefelte-kater-von-ludwig-tieck-aus-dem-jahre-1797-im-original-es-ergeht-herzliche-einladung\\\/#primaryimage\"},\"thumbnailUrl\":\"https:\\\/\\\/armin-knab-gymnasium.de\\\/Home\\\/wp-content\\\/uploads\\\/2025\\\/05\\\/Kater-1a-scaled.jpg\",\"articleSection\":{\"0\":\"AKG-Inside\",\"1\":\"Aktuelles\",\"3\":\"Deutsch\",\"4\":\"Theater\"},\"inLanguage\":\"de\"},{\"@type\":\"WebPage\",\"@id\":\"https:\\\/\\\/armin-knab-gymnasium.de\\\/Home\\\/2025\\\/05\\\/15\\\/der-gestiefelte-kater-von-ludwig-tieck-aus-dem-jahre-1797-im-original-es-ergeht-herzliche-einladung\\\/\",\"url\":\"https:\\\/\\\/armin-knab-gymnasium.de\\\/Home\\\/2025\\\/05\\\/15\\\/der-gestiefelte-kater-von-ludwig-tieck-aus-dem-jahre-1797-im-original-es-ergeht-herzliche-einladung\\\/\",\"name\":\"M\u00e4rchenhaft, turbulent, komisch \u2013 AKG-Theatergruppe \u00fcberzeugt mit \u201eDer gestiefelte Kater\u201c - Armin-Knab-Gymnasium Kitzingen\",\"isPartOf\":{\"@id\":\"https:\\\/\\\/armin-knab-gymnasium.de\\\/Home\\\/#website\"},\"primaryImageOfPage\":{\"@id\":\"https:\\\/\\\/armin-knab-gymnasium.de\\\/Home\\\/2025\\\/05\\\/15\\\/der-gestiefelte-kater-von-ludwig-tieck-aus-dem-jahre-1797-im-original-es-ergeht-herzliche-einladung\\\/#primaryimage\"},\"image\":{\"@id\":\"https:\\\/\\\/armin-knab-gymnasium.de\\\/Home\\\/2025\\\/05\\\/15\\\/der-gestiefelte-kater-von-ludwig-tieck-aus-dem-jahre-1797-im-original-es-ergeht-herzliche-einladung\\\/#primaryimage\"},\"thumbnailUrl\":\"https:\\\/\\\/armin-knab-gymnasium.de\\\/Home\\\/wp-content\\\/uploads\\\/2025\\\/05\\\/Kater-1a-scaled.jpg\",\"datePublished\":\"2025-05-15T14:01:43+00:00\",\"dateModified\":\"2025-05-19T14:19:25+00:00\",\"breadcrumb\":{\"@id\":\"https:\\\/\\\/armin-knab-gymnasium.de\\\/Home\\\/2025\\\/05\\\/15\\\/der-gestiefelte-kater-von-ludwig-tieck-aus-dem-jahre-1797-im-original-es-ergeht-herzliche-einladung\\\/#breadcrumb\"},\"inLanguage\":\"de\",\"potentialAction\":[{\"@type\":\"ReadAction\",\"target\":[\"https:\\\/\\\/armin-knab-gymnasium.de\\\/Home\\\/2025\\\/05\\\/15\\\/der-gestiefelte-kater-von-ludwig-tieck-aus-dem-jahre-1797-im-original-es-ergeht-herzliche-einladung\\\/\"]}]},{\"@type\":\"ImageObject\",\"inLanguage\":\"de\",\"@id\":\"https:\\\/\\\/armin-knab-gymnasium.de\\\/Home\\\/2025\\\/05\\\/15\\\/der-gestiefelte-kater-von-ludwig-tieck-aus-dem-jahre-1797-im-original-es-ergeht-herzliche-einladung\\\/#primaryimage\",\"url\":\"https:\\\/\\\/armin-knab-gymnasium.de\\\/Home\\\/wp-content\\\/uploads\\\/2025\\\/05\\\/Kater-1a-scaled.jpg\",\"contentUrl\":\"https:\\\/\\\/armin-knab-gymnasium.de\\\/Home\\\/wp-content\\\/uploads\\\/2025\\\/05\\\/Kater-1a-scaled.jpg\",\"width\":2560,\"height\":2215},{\"@type\":\"BreadcrumbList\",\"@id\":\"https:\\\/\\\/armin-knab-gymnasium.de\\\/Home\\\/2025\\\/05\\\/15\\\/der-gestiefelte-kater-von-ludwig-tieck-aus-dem-jahre-1797-im-original-es-ergeht-herzliche-einladung\\\/#breadcrumb\",\"itemListElement\":[{\"@type\":\"ListItem\",\"position\":1,\"name\":\"Startseite\",\"item\":\"https:\\\/\\\/armin-knab-gymnasium.de\\\/Home\\\/\"},{\"@type\":\"ListItem\",\"position\":2,\"name\":\"M\u00e4rchenhaft, turbulent, komisch \u2013 AKG-Theatergruppe \u00fcberzeugt mit \u201eDer gestiefelte Kater\u201c\"}]},{\"@type\":\"WebSite\",\"@id\":\"https:\\\/\\\/armin-knab-gymnasium.de\\\/Home\\\/#website\",\"url\":\"https:\\\/\\\/armin-knab-gymnasium.de\\\/Home\\\/\",\"name\":\"Armin-Knab-Gymnasium Kitzingen\",\"description\":\"Naturwissenschaftlich-technologisches und sprachliches Gymnasium\",\"publisher\":{\"@id\":\"https:\\\/\\\/armin-knab-gymnasium.de\\\/Home\\\/#organization\"},\"potentialAction\":[{\"@type\":\"SearchAction\",\"target\":{\"@type\":\"EntryPoint\",\"urlTemplate\":\"https:\\\/\\\/armin-knab-gymnasium.de\\\/Home\\\/?s={search_term_string}\"},\"query-input\":{\"@type\":\"PropertyValueSpecification\",\"valueRequired\":true,\"valueName\":\"search_term_string\"}}],\"inLanguage\":\"de\"},{\"@type\":\"Organization\",\"@id\":\"https:\\\/\\\/armin-knab-gymnasium.de\\\/Home\\\/#organization\",\"name\":\"Armin-Knab-Gymnasium Kitzingen\",\"url\":\"https:\\\/\\\/armin-knab-gymnasium.de\\\/Home\\\/\",\"logo\":{\"@type\":\"ImageObject\",\"inLanguage\":\"de\",\"@id\":\"https:\\\/\\\/armin-knab-gymnasium.de\\\/Home\\\/#\\\/schema\\\/logo\\\/image\\\/\",\"url\":\"https:\\\/\\\/armin-knab-gymnasium.de\\\/Home\\\/wp-content\\\/uploads\\\/2016\\\/11\\\/LogoIcon.png\",\"contentUrl\":\"https:\\\/\\\/armin-knab-gymnasium.de\\\/Home\\\/wp-content\\\/uploads\\\/2016\\\/11\\\/LogoIcon.png\",\"width\":512,\"height\":512,\"caption\":\"Armin-Knab-Gymnasium Kitzingen\"},\"image\":{\"@id\":\"https:\\\/\\\/armin-knab-gymnasium.de\\\/Home\\\/#\\\/schema\\\/logo\\\/image\\\/\"}},{\"@type\":\"Person\",\"@id\":\"https:\\\/\\\/armin-knab-gymnasium.de\\\/Home\\\/#\\\/schema\\\/person\\\/f8d90b09206ff232302832be0250a4f2\",\"name\":\"Michaela Lindner-Berndt\",\"image\":{\"@type\":\"ImageObject\",\"inLanguage\":\"de\",\"@id\":\"https:\\\/\\\/secure.gravatar.com\\\/avatar\\\/3c3c145dff04be085f68f26504daad2b946875946309d6714cf3791582c585b7?s=96&d=mm&r=g0afdabfb09856cde3b8ea2d1566070ee\",\"url\":\"https:\\\/\\\/secure.gravatar.com\\\/avatar\\\/3c3c145dff04be085f68f26504daad2b946875946309d6714cf3791582c585b7?s=96&d=mm&r=g\",\"contentUrl\":\"https:\\\/\\\/secure.gravatar.com\\\/avatar\\\/3c3c145dff04be085f68f26504daad2b946875946309d6714cf3791582c585b7?s=96&d=mm&r=g\",\"caption\":\"Michaela Lindner-Berndt\"},\"sameAs\":[\"https:\\\/\\\/armin-knab-gymnasium.de\\\/Home\"],\"url\":\"https:\\\/\\\/armin-knab-gymnasium.de\\\/Home\\\/author\\\/lin\\\/\"}]}<\/script>\n<!-- \/ Yoast SEO plugin. -->","yoast_head_json":{"title":"M\u00e4rchenhaft, turbulent, komisch \u2013 AKG-Theatergruppe \u00fcberzeugt mit \u201eDer gestiefelte Kater\u201c - Armin-Knab-Gymnasium Kitzingen","robots":{"index":"index","follow":"follow","max-snippet":"max-snippet:-1","max-image-preview":"max-image-preview:large","max-video-preview":"max-video-preview:-1"},"canonical":"https:\/\/armin-knab-gymnasium.de\/Home\/2025\/05\/15\/der-gestiefelte-kater-von-ludwig-tieck-aus-dem-jahre-1797-im-original-es-ergeht-herzliche-einladung\/","og_locale":"de_DE","og_type":"article","og_title":"M\u00e4rchenhaft, turbulent, komisch \u2013 AKG-Theatergruppe \u00fcberzeugt mit \u201eDer gestiefelte Kater\u201c - Armin-Knab-Gymnasium Kitzingen","og_description":"\u201eIn diesem Jahr spielen wir ein klassisches Werk!\u201c \u2013 Mit diesem Wunsch startete die Theatergruppe der 10. bis 12. Jahrgangsstufe des Armin-Knab-Gymnasiums gemeinsam mit dem Profilfach in das neue Schuljahr.... weiterlesen &raquo;","og_url":"https:\/\/armin-knab-gymnasium.de\/Home\/2025\/05\/15\/der-gestiefelte-kater-von-ludwig-tieck-aus-dem-jahre-1797-im-original-es-ergeht-herzliche-einladung\/","og_site_name":"Armin-Knab-Gymnasium Kitzingen","article_published_time":"2025-05-15T14:01:43+00:00","article_modified_time":"2025-05-19T14:19:25+00:00","og_image":[{"width":2560,"height":2215,"url":"https:\/\/armin-knab-gymnasium.de\/Home\/wp-content\/uploads\/2025\/05\/Kater-1a-scaled.jpg","type":"image\/jpeg"}],"author":"Michaela Lindner-Berndt","twitter_card":"summary_large_image","twitter_misc":{"Verfasst von":"Michaela Lindner-Berndt","Gesch\u00e4tzte Lesezeit":"3\u00a0Minuten","Written by":"Michaela Lindner-Berndt"},"schema":{"@context":"https:\/\/schema.org","@graph":[{"@type":"Article","@id":"https:\/\/armin-knab-gymnasium.de\/Home\/2025\/05\/15\/der-gestiefelte-kater-von-ludwig-tieck-aus-dem-jahre-1797-im-original-es-ergeht-herzliche-einladung\/#article","isPartOf":{"@id":"https:\/\/armin-knab-gymnasium.de\/Home\/2025\/05\/15\/der-gestiefelte-kater-von-ludwig-tieck-aus-dem-jahre-1797-im-original-es-ergeht-herzliche-einladung\/"},"author":{"name":"Michaela Lindner-Berndt","@id":"https:\/\/armin-knab-gymnasium.de\/Home\/#\/schema\/person\/f8d90b09206ff232302832be0250a4f2"},"headline":"M\u00e4rchenhaft, turbulent, komisch \u2013 AKG-Theatergruppe \u00fcberzeugt mit \u201eDer gestiefelte Kater\u201c","datePublished":"2025-05-15T14:01:43+00:00","dateModified":"2025-05-19T14:19:25+00:00","mainEntityOfPage":{"@id":"https:\/\/armin-knab-gymnasium.de\/Home\/2025\/05\/15\/der-gestiefelte-kater-von-ludwig-tieck-aus-dem-jahre-1797-im-original-es-ergeht-herzliche-einladung\/"},"wordCount":520,"publisher":{"@id":"https:\/\/armin-knab-gymnasium.de\/Home\/#organization"},"image":{"@id":"https:\/\/armin-knab-gymnasium.de\/Home\/2025\/05\/15\/der-gestiefelte-kater-von-ludwig-tieck-aus-dem-jahre-1797-im-original-es-ergeht-herzliche-einladung\/#primaryimage"},"thumbnailUrl":"https:\/\/armin-knab-gymnasium.de\/Home\/wp-content\/uploads\/2025\/05\/Kater-1a-scaled.jpg","articleSection":{"0":"AKG-Inside","1":"Aktuelles","3":"Deutsch","4":"Theater"},"inLanguage":"de"},{"@type":"WebPage","@id":"https:\/\/armin-knab-gymnasium.de\/Home\/2025\/05\/15\/der-gestiefelte-kater-von-ludwig-tieck-aus-dem-jahre-1797-im-original-es-ergeht-herzliche-einladung\/","url":"https:\/\/armin-knab-gymnasium.de\/Home\/2025\/05\/15\/der-gestiefelte-kater-von-ludwig-tieck-aus-dem-jahre-1797-im-original-es-ergeht-herzliche-einladung\/","name":"M\u00e4rchenhaft, turbulent, komisch \u2013 AKG-Theatergruppe \u00fcberzeugt mit \u201eDer gestiefelte Kater\u201c - Armin-Knab-Gymnasium Kitzingen","isPartOf":{"@id":"https:\/\/armin-knab-gymnasium.de\/Home\/#website"},"primaryImageOfPage":{"@id":"https:\/\/armin-knab-gymnasium.de\/Home\/2025\/05\/15\/der-gestiefelte-kater-von-ludwig-tieck-aus-dem-jahre-1797-im-original-es-ergeht-herzliche-einladung\/#primaryimage"},"image":{"@id":"https:\/\/armin-knab-gymnasium.de\/Home\/2025\/05\/15\/der-gestiefelte-kater-von-ludwig-tieck-aus-dem-jahre-1797-im-original-es-ergeht-herzliche-einladung\/#primaryimage"},"thumbnailUrl":"https:\/\/armin-knab-gymnasium.de\/Home\/wp-content\/uploads\/2025\/05\/Kater-1a-scaled.jpg","datePublished":"2025-05-15T14:01:43+00:00","dateModified":"2025-05-19T14:19:25+00:00","breadcrumb":{"@id":"https:\/\/armin-knab-gymnasium.de\/Home\/2025\/05\/15\/der-gestiefelte-kater-von-ludwig-tieck-aus-dem-jahre-1797-im-original-es-ergeht-herzliche-einladung\/#breadcrumb"},"inLanguage":"de","potentialAction":[{"@type":"ReadAction","target":["https:\/\/armin-knab-gymnasium.de\/Home\/2025\/05\/15\/der-gestiefelte-kater-von-ludwig-tieck-aus-dem-jahre-1797-im-original-es-ergeht-herzliche-einladung\/"]}]},{"@type":"ImageObject","inLanguage":"de","@id":"https:\/\/armin-knab-gymnasium.de\/Home\/2025\/05\/15\/der-gestiefelte-kater-von-ludwig-tieck-aus-dem-jahre-1797-im-original-es-ergeht-herzliche-einladung\/#primaryimage","url":"https:\/\/armin-knab-gymnasium.de\/Home\/wp-content\/uploads\/2025\/05\/Kater-1a-scaled.jpg","contentUrl":"https:\/\/armin-knab-gymnasium.de\/Home\/wp-content\/uploads\/2025\/05\/Kater-1a-scaled.jpg","width":2560,"height":2215},{"@type":"BreadcrumbList","@id":"https:\/\/armin-knab-gymnasium.de\/Home\/2025\/05\/15\/der-gestiefelte-kater-von-ludwig-tieck-aus-dem-jahre-1797-im-original-es-ergeht-herzliche-einladung\/#breadcrumb","itemListElement":[{"@type":"ListItem","position":1,"name":"Startseite","item":"https:\/\/armin-knab-gymnasium.de\/Home\/"},{"@type":"ListItem","position":2,"name":"M\u00e4rchenhaft, turbulent, komisch \u2013 AKG-Theatergruppe \u00fcberzeugt mit \u201eDer gestiefelte Kater\u201c"}]},{"@type":"WebSite","@id":"https:\/\/armin-knab-gymnasium.de\/Home\/#website","url":"https:\/\/armin-knab-gymnasium.de\/Home\/","name":"Armin-Knab-Gymnasium Kitzingen","description":"Naturwissenschaftlich-technologisches und sprachliches Gymnasium","publisher":{"@id":"https:\/\/armin-knab-gymnasium.de\/Home\/#organization"},"potentialAction":[{"@type":"SearchAction","target":{"@type":"EntryPoint","urlTemplate":"https:\/\/armin-knab-gymnasium.de\/Home\/?s={search_term_string}"},"query-input":{"@type":"PropertyValueSpecification","valueRequired":true,"valueName":"search_term_string"}}],"inLanguage":"de"},{"@type":"Organization","@id":"https:\/\/armin-knab-gymnasium.de\/Home\/#organization","name":"Armin-Knab-Gymnasium Kitzingen","url":"https:\/\/armin-knab-gymnasium.de\/Home\/","logo":{"@type":"ImageObject","inLanguage":"de","@id":"https:\/\/armin-knab-gymnasium.de\/Home\/#\/schema\/logo\/image\/","url":"https:\/\/armin-knab-gymnasium.de\/Home\/wp-content\/uploads\/2016\/11\/LogoIcon.png","contentUrl":"https:\/\/armin-knab-gymnasium.de\/Home\/wp-content\/uploads\/2016\/11\/LogoIcon.png","width":512,"height":512,"caption":"Armin-Knab-Gymnasium Kitzingen"},"image":{"@id":"https:\/\/armin-knab-gymnasium.de\/Home\/#\/schema\/logo\/image\/"}},{"@type":"Person","@id":"https:\/\/armin-knab-gymnasium.de\/Home\/#\/schema\/person\/f8d90b09206ff232302832be0250a4f2","name":"Michaela Lindner-Berndt","image":{"@type":"ImageObject","inLanguage":"de","@id":"https:\/\/secure.gravatar.com\/avatar\/3c3c145dff04be085f68f26504daad2b946875946309d6714cf3791582c585b7?s=96&d=mm&r=g0afdabfb09856cde3b8ea2d1566070ee","url":"https:\/\/secure.gravatar.com\/avatar\/3c3c145dff04be085f68f26504daad2b946875946309d6714cf3791582c585b7?s=96&d=mm&r=g","contentUrl":"https:\/\/secure.gravatar.com\/avatar\/3c3c145dff04be085f68f26504daad2b946875946309d6714cf3791582c585b7?s=96&d=mm&r=g","caption":"Michaela Lindner-Berndt"},"sameAs":["https:\/\/armin-knab-gymnasium.de\/Home"],"url":"https:\/\/armin-knab-gymnasium.de\/Home\/author\/lin\/"}]}},"publishpress_future_action":{"enabled":false,"date":"2026-05-08 14:33:14","action":"change-status","newStatus":"draft","terms":[],"taxonomy":"category","extraData":[]},"publishpress_future_workflow_manual_trigger":{"enabledWorkflows":[]},"_links":{"self":[{"href":"https:\/\/armin-knab-gymnasium.de\/Home\/wp-json\/wp\/v2\/posts\/17204","targetHints":{"allow":["GET"]}}],"collection":[{"href":"https:\/\/armin-knab-gymnasium.de\/Home\/wp-json\/wp\/v2\/posts"}],"about":[{"href":"https:\/\/armin-knab-gymnasium.de\/Home\/wp-json\/wp\/v2\/types\/post"}],"author":[{"embeddable":true,"href":"https:\/\/armin-knab-gymnasium.de\/Home\/wp-json\/wp\/v2\/users\/1023"}],"replies":[{"embeddable":true,"href":"https:\/\/armin-knab-gymnasium.de\/Home\/wp-json\/wp\/v2\/comments?post=17204"}],"version-history":[{"count":3,"href":"https:\/\/armin-knab-gymnasium.de\/Home\/wp-json\/wp\/v2\/posts\/17204\/revisions"}],"predecessor-version":[{"id":17210,"href":"https:\/\/armin-knab-gymnasium.de\/Home\/wp-json\/wp\/v2\/posts\/17204\/revisions\/17210"}],"wp:featuredmedia":[{"embeddable":true,"href":"https:\/\/armin-knab-gymnasium.de\/Home\/wp-json\/wp\/v2\/media\/17211"}],"wp:attachment":[{"href":"https:\/\/armin-knab-gymnasium.de\/Home\/wp-json\/wp\/v2\/media?parent=17204"}],"wp:term":[{"taxonomy":"category","embeddable":true,"href":"https:\/\/armin-knab-gymnasium.de\/Home\/wp-json\/wp\/v2\/categories?post=17204"},{"taxonomy":"post_tag","embeddable":true,"href":"https:\/\/armin-knab-gymnasium.de\/Home\/wp-json\/wp\/v2\/tags?post=17204"},{"taxonomy":"author","embeddable":true,"href":"https:\/\/armin-knab-gymnasium.de\/Home\/wp-json\/wp\/v2\/coauthors?post=17204"}],"curies":[{"name":"wp","href":"https:\/\/api.w.org\/{rel}","templated":true}]}}