{"id":17400,"date":"2025-09-08T10:43:48","date_gmt":"2025-09-08T08:43:48","guid":{"rendered":"https:\/\/armin-knab-gymnasium.de\/Home\/?p=17400"},"modified":"2025-09-08T11:48:42","modified_gmt":"2025-09-08T09:48:42","slug":"von-wegen-machtlos","status":"publish","type":"post","link":"https:\/\/armin-knab-gymnasium.de\/Home\/2025\/09\/08\/von-wegen-machtlos\/","title":{"rendered":"Von wegen machtlos"},"content":{"rendered":"\n<h2 class=\"wp-block-heading\">Bei kommunalpolitischen Workshops im Kitzinger Rathaus lernen junge Menschen m\u00f6gliche Zug\u00e4nge zur Politik<\/h2>\n\n\n\n<p>Kitzingen &nbsp; Junge Menschen mit den Herausforderungen und Chancen der lokalen Politik konfrontieren \u2013 ein Ziel des \u201eKommunalpolitischen Workshops\u201c, den die Stadt Kitzingen seit nunmehr eineinhalb Jahren anbietet. Von einer \u201ecoolen und voll wichtigen Aktion\u201c, spricht Paula Gold, die k\u00fcrzlich mit ihren Kolleginnen und Kollegen der 11a des AKG im Rathaus weilte. Politische Aufkl\u00e4rung sei wichtig, sagt die Elftkl\u00e4sslerin. \u201eSchlie\u00dflich muss die Politik der Zukunft von unserer Generation kommen.\u201c<\/p>\n\n\n\n<figure class=\"wp-block-image size-full\"><a href=\"https:\/\/armin-knab-gymnasium.de\/Home\/wp-content\/uploads\/2025\/09\/20250728_Kommunalpolitischer-Workshop2.jpg\"><img loading=\"lazy\" decoding=\"async\" width=\"1000\" height=\"750\" src=\"https:\/\/armin-knab-gymnasium.de\/Home\/wp-content\/uploads\/2025\/09\/20250728_Kommunalpolitischer-Workshop2.jpg\" alt=\"\" class=\"wp-image-17403\" srcset=\"https:\/\/armin-knab-gymnasium.de\/Home\/wp-content\/uploads\/2025\/09\/20250728_Kommunalpolitischer-Workshop2.jpg 1000w, https:\/\/armin-knab-gymnasium.de\/Home\/wp-content\/uploads\/2025\/09\/20250728_Kommunalpolitischer-Workshop2-300x225.jpg 300w, https:\/\/armin-knab-gymnasium.de\/Home\/wp-content\/uploads\/2025\/09\/20250728_Kommunalpolitischer-Workshop2-768x576.jpg 768w, https:\/\/armin-knab-gymnasium.de\/Home\/wp-content\/uploads\/2025\/09\/20250728_Kommunalpolitischer-Workshop2-624x468.jpg 624w, https:\/\/armin-knab-gymnasium.de\/Home\/wp-content\/uploads\/2025\/09\/20250728_Kommunalpolitischer-Workshop2-240x180.jpg 240w\" sizes=\"auto, (max-width: 1000px) 100vw, 1000px\" \/><\/a><\/figure>\n\n\n\n<p>JungStil-Leiter Jochen Kulczynski und Oberb\u00fcrgermeister Stefan G\u00fcntner geben den Klassen in einem zweist\u00fcndigen Workshop lebendige Einblicke in die Strukturen der Lokalpolitik \u2013 inklusive einer nachgestellten Stadtratssitzung. \u201eWir haben intensiv \u00fcber das Haus f\u00fcr Jugend und Familie diskutiert\u201c, berichtet Ronja Brustmann und erg\u00e4nzt: \u201eJetzt haben wir eine Anlaufstelle kennengelernt, die wir aufsuchen k\u00f6nnen.\u201c Als politisch interessiert erlebt AKG-Lehrer Tilo Hemmert einen Gro\u00dfteil seiner Sch\u00fclerinnen und Sch\u00fcler und erinnert an die Organisation einer Demonstration f\u00fcr Demokratie und gegen Rechtsextremismus Anfang 2024. \u201eDie junge Generation hat in der Regel eine klare Meinung\u201c. Dass der Anteil junger Menschen in der (Lokal)Politik trotzdem so gering ist, sei bedauerlich. Im Kitzinger Stadtrat etwa gibt es lediglich zwei Mitglieder unter 40 Jahren. \u201eSo k\u00f6nnen die Interessen der j\u00fcngeren Generation nat\u00fcrlich kaum vertreten werden\u201c, bedauert OB G\u00fcntner. Er animierte die Sch\u00fcler, sich politisch einzubringen \u2013 auch wenn der Weg m\u00fchsam ist. \u201eIch stand zweimal auf der CSU-Liste und bin nicht in den Stadtrat gew\u00e4hlt worden\u201c, erz\u00e4hlte er. Ausdauer sei gefragt. Oder kreative Wege, wie die Erstellung einer \u201eJungen Liste.\u201c \u201eBei unserem Wahlrecht ist es so gut wie sicher, dass mindestens eine Person auf so einer Liste in den Stadtrat gew\u00e4hlt wird.\u201c Der Blickwinkel und die Meinung dieser Generation sind ihm wichtig. \u201eWir brauchen junge Menschen, die ihre Themen und W\u00fcnsche im politischen Gremium vertreten.\u201c<\/p>\n\n\n\n<figure class=\"wp-block-image size-large\"><a href=\"https:\/\/armin-knab-gymnasium.de\/Home\/wp-content\/uploads\/2025\/09\/20250728_Kommunalpolitischer-Workshop.jpg\"><img loading=\"lazy\" decoding=\"async\" width=\"1024\" height=\"534\" src=\"https:\/\/armin-knab-gymnasium.de\/Home\/wp-content\/uploads\/2025\/09\/20250728_Kommunalpolitischer-Workshop-1024x534.jpg\" alt=\"\" class=\"wp-image-17401\" srcset=\"https:\/\/armin-knab-gymnasium.de\/Home\/wp-content\/uploads\/2025\/09\/20250728_Kommunalpolitischer-Workshop-1024x534.jpg 1024w, https:\/\/armin-knab-gymnasium.de\/Home\/wp-content\/uploads\/2025\/09\/20250728_Kommunalpolitischer-Workshop-300x156.jpg 300w, https:\/\/armin-knab-gymnasium.de\/Home\/wp-content\/uploads\/2025\/09\/20250728_Kommunalpolitischer-Workshop-768x400.jpg 768w, https:\/\/armin-knab-gymnasium.de\/Home\/wp-content\/uploads\/2025\/09\/20250728_Kommunalpolitischer-Workshop-1536x801.jpg 1536w, https:\/\/armin-knab-gymnasium.de\/Home\/wp-content\/uploads\/2025\/09\/20250728_Kommunalpolitischer-Workshop-624x325.jpg 624w, https:\/\/armin-knab-gymnasium.de\/Home\/wp-content\/uploads\/2025\/09\/20250728_Kommunalpolitischer-Workshop.jpg 1799w\" sizes=\"auto, (max-width: 1024px) 100vw, 1024px\" \/><\/a><figcaption class=\"wp-element-caption\">Angeregte Diskussion nach dem zweist\u00fcndigen Workshop: AKG-Lehrer Tilo Hemmert, die Elftkl\u00e4sslerinnen Paula Gold und Ronja Brustmann sowie OB Stefan G\u00fcntner. &nbsp;Foto: Ralf Dieter<\/figcaption><\/figure>\n\n\n\n<p>Paula Gold und Ronja Brustmann wollen sich gerne politisch weiterbilden. \u201eEs br\u00e4uchte halt spezifischere Aktionen, um vertiefende Informationen zu erhalten\u201c, meinte Paula Gold. Immerhin: &nbsp;Die zwei Stunden Workshop haben das frustrierende Gef\u00fchl einer politischen Machtlosigkeit bei Ronja Brustmann ver\u00e4ndert und ihre Klassenkollegin erg\u00e4nzt: \u201eWir haben das Gef\u00fchl bekommen, dass wir selbst wirklich etwas tun und ver\u00e4ndern k\u00f6nnen.\u201c Letztendlich liege es halt an jedem selbst. &nbsp;&nbsp;<\/p>\n\n\n\n<p class=\"has-text-align-right\"><em>Text: Ralf Dieter <\/em><\/p>\n\n\n\n<figure class=\"wp-block-image size-full\"><a href=\"https:\/\/armin-knab-gymnasium.de\/Home\/wp-content\/uploads\/2025\/09\/Rathaus_Kitzingen.jpg\"><img loading=\"lazy\" decoding=\"async\" width=\"750\" height=\"1000\" src=\"https:\/\/armin-knab-gymnasium.de\/Home\/wp-content\/uploads\/2025\/09\/Rathaus_Kitzingen.jpg\" alt=\"\" class=\"wp-image-17405\" srcset=\"https:\/\/armin-knab-gymnasium.de\/Home\/wp-content\/uploads\/2025\/09\/Rathaus_Kitzingen.jpg 750w, https:\/\/armin-knab-gymnasium.de\/Home\/wp-content\/uploads\/2025\/09\/Rathaus_Kitzingen-225x300.jpg 225w, https:\/\/armin-knab-gymnasium.de\/Home\/wp-content\/uploads\/2025\/09\/Rathaus_Kitzingen-624x832.jpg 624w\" sizes=\"auto, (max-width: 750px) 100vw, 750px\" \/><\/a><\/figure>\n","protected":false},"excerpt":{"rendered":"<p>Bei kommunalpolitischen Workshops im Kitzinger Rathaus lernen junge Menschen m\u00f6gliche Zug\u00e4nge zur Politik Kitzingen &nbsp; Junge Menschen mit den Herausforderungen und Chancen der lokalen Politik konfrontieren \u2013 ein Ziel des&#8230; <a href=\"https:\/\/armin-knab-gymnasium.de\/Home\/2025\/09\/08\/von-wegen-machtlos\/\">weiterlesen &raquo;<\/a><\/p>\n","protected":false},"author":5,"featured_media":17401,"comment_status":"closed","ping_status":"closed","sticky":false,"template":"","format":"standard","meta":{"ghostkit_customizer_options":"","ghostkit_custom_css":"","ghostkit_custom_js_head":"","ghostkit_custom_js_foot":"","ghostkit_typography":"","footnotes":""},"categories":[73,183],"tags":[242],"coauthors":[39],"class_list":["post-17400","post","type-post","status-publish","format-standard","has-post-thumbnail","hentry","category-aktuelles","category-sozialkunde","tag-verfassungsviertelstunde"],"yoast_head":"<!-- This site is optimized with the Yoast SEO plugin v27.5 - https:\/\/yoast.com\/product\/yoast-seo-wordpress\/ -->\n<title>Von wegen machtlos - Armin-Knab-Gymnasium Kitzingen<\/title>\n<meta name=\"robots\" content=\"index, follow, max-snippet:-1, max-image-preview:large, max-video-preview:-1\" \/>\n<link rel=\"canonical\" href=\"https:\/\/armin-knab-gymnasium.de\/Home\/2025\/09\/08\/von-wegen-machtlos\/\" \/>\n<meta property=\"og:locale\" content=\"de_DE\" \/>\n<meta property=\"og:type\" content=\"article\" \/>\n<meta property=\"og:title\" content=\"Von wegen machtlos - Armin-Knab-Gymnasium Kitzingen\" \/>\n<meta property=\"og:description\" content=\"Bei kommunalpolitischen Workshops im Kitzinger Rathaus lernen junge Menschen m\u00f6gliche Zug\u00e4nge zur Politik Kitzingen &nbsp; Junge Menschen mit den Herausforderungen und Chancen der lokalen Politik konfrontieren \u2013 ein Ziel des... weiterlesen &raquo;\" \/>\n<meta property=\"og:url\" content=\"https:\/\/armin-knab-gymnasium.de\/Home\/2025\/09\/08\/von-wegen-machtlos\/\" \/>\n<meta property=\"og:site_name\" content=\"Armin-Knab-Gymnasium Kitzingen\" \/>\n<meta property=\"article:published_time\" content=\"2025-09-08T08:43:48+00:00\" \/>\n<meta property=\"article:modified_time\" content=\"2025-09-08T09:48:42+00:00\" \/>\n<meta property=\"og:image\" content=\"https:\/\/armin-knab-gymnasium.de\/Home\/wp-content\/uploads\/2025\/09\/20250728_Kommunalpolitischer-Workshop.jpg\" \/>\n\t<meta property=\"og:image:width\" content=\"1799\" \/>\n\t<meta property=\"og:image:height\" content=\"938\" \/>\n\t<meta property=\"og:image:type\" content=\"image\/jpeg\" \/>\n<meta name=\"author\" content=\"Tilo Hemmert\" \/>\n<meta name=\"twitter:card\" content=\"summary_large_image\" \/>\n<meta name=\"twitter:label1\" content=\"Verfasst von\" \/>\n\t<meta name=\"twitter:data1\" content=\"Tilo Hemmert\" \/>\n\t<meta name=\"twitter:label2\" content=\"Gesch\u00e4tzte Lesezeit\" \/>\n\t<meta name=\"twitter:data2\" content=\"3\u00a0Minuten\" \/>\n\t<meta name=\"twitter:label3\" content=\"Written by\" \/>\n\t<meta name=\"twitter:data3\" content=\"Tilo Hemmert\" \/>\n<script type=\"application\/ld+json\" class=\"yoast-schema-graph\">{\"@context\":\"https:\\\/\\\/schema.org\",\"@graph\":[{\"@type\":\"Article\",\"@id\":\"https:\\\/\\\/armin-knab-gymnasium.de\\\/Home\\\/2025\\\/09\\\/08\\\/von-wegen-machtlos\\\/#article\",\"isPartOf\":{\"@id\":\"https:\\\/\\\/armin-knab-gymnasium.de\\\/Home\\\/2025\\\/09\\\/08\\\/von-wegen-machtlos\\\/\"},\"author\":{\"name\":\"Tilo Hemmert\",\"@id\":\"https:\\\/\\\/armin-knab-gymnasium.de\\\/Home\\\/#\\\/schema\\\/person\\\/0b30e8c3693e8171302d48a06dfa7dd1\"},\"headline\":\"Von wegen machtlos\",\"datePublished\":\"2025-09-08T08:43:48+00:00\",\"dateModified\":\"2025-09-08T09:48:42+00:00\",\"mainEntityOfPage\":{\"@id\":\"https:\\\/\\\/armin-knab-gymnasium.de\\\/Home\\\/2025\\\/09\\\/08\\\/von-wegen-machtlos\\\/\"},\"wordCount\":427,\"publisher\":{\"@id\":\"https:\\\/\\\/armin-knab-gymnasium.de\\\/Home\\\/#organization\"},\"image\":{\"@id\":\"https:\\\/\\\/armin-knab-gymnasium.de\\\/Home\\\/2025\\\/09\\\/08\\\/von-wegen-machtlos\\\/#primaryimage\"},\"thumbnailUrl\":\"https:\\\/\\\/armin-knab-gymnasium.de\\\/Home\\\/wp-content\\\/uploads\\\/2025\\\/09\\\/20250728_Kommunalpolitischer-Workshop.jpg\",\"keywords\":[\"Verfassungsviertelstunde\"],\"articleSection\":[\"Aktuelles\",\"Sozialkunde\"],\"inLanguage\":\"de\"},{\"@type\":\"WebPage\",\"@id\":\"https:\\\/\\\/armin-knab-gymnasium.de\\\/Home\\\/2025\\\/09\\\/08\\\/von-wegen-machtlos\\\/\",\"url\":\"https:\\\/\\\/armin-knab-gymnasium.de\\\/Home\\\/2025\\\/09\\\/08\\\/von-wegen-machtlos\\\/\",\"name\":\"Von wegen machtlos - Armin-Knab-Gymnasium Kitzingen\",\"isPartOf\":{\"@id\":\"https:\\\/\\\/armin-knab-gymnasium.de\\\/Home\\\/#website\"},\"primaryImageOfPage\":{\"@id\":\"https:\\\/\\\/armin-knab-gymnasium.de\\\/Home\\\/2025\\\/09\\\/08\\\/von-wegen-machtlos\\\/#primaryimage\"},\"image\":{\"@id\":\"https:\\\/\\\/armin-knab-gymnasium.de\\\/Home\\\/2025\\\/09\\\/08\\\/von-wegen-machtlos\\\/#primaryimage\"},\"thumbnailUrl\":\"https:\\\/\\\/armin-knab-gymnasium.de\\\/Home\\\/wp-content\\\/uploads\\\/2025\\\/09\\\/20250728_Kommunalpolitischer-Workshop.jpg\",\"datePublished\":\"2025-09-08T08:43:48+00:00\",\"dateModified\":\"2025-09-08T09:48:42+00:00\",\"breadcrumb\":{\"@id\":\"https:\\\/\\\/armin-knab-gymnasium.de\\\/Home\\\/2025\\\/09\\\/08\\\/von-wegen-machtlos\\\/#breadcrumb\"},\"inLanguage\":\"de\",\"potentialAction\":[{\"@type\":\"ReadAction\",\"target\":[\"https:\\\/\\\/armin-knab-gymnasium.de\\\/Home\\\/2025\\\/09\\\/08\\\/von-wegen-machtlos\\\/\"]}]},{\"@type\":\"ImageObject\",\"inLanguage\":\"de\",\"@id\":\"https:\\\/\\\/armin-knab-gymnasium.de\\\/Home\\\/2025\\\/09\\\/08\\\/von-wegen-machtlos\\\/#primaryimage\",\"url\":\"https:\\\/\\\/armin-knab-gymnasium.de\\\/Home\\\/wp-content\\\/uploads\\\/2025\\\/09\\\/20250728_Kommunalpolitischer-Workshop.jpg\",\"contentUrl\":\"https:\\\/\\\/armin-knab-gymnasium.de\\\/Home\\\/wp-content\\\/uploads\\\/2025\\\/09\\\/20250728_Kommunalpolitischer-Workshop.jpg\",\"width\":1799,\"height\":938},{\"@type\":\"BreadcrumbList\",\"@id\":\"https:\\\/\\\/armin-knab-gymnasium.de\\\/Home\\\/2025\\\/09\\\/08\\\/von-wegen-machtlos\\\/#breadcrumb\",\"itemListElement\":[{\"@type\":\"ListItem\",\"position\":1,\"name\":\"Startseite\",\"item\":\"https:\\\/\\\/armin-knab-gymnasium.de\\\/Home\\\/\"},{\"@type\":\"ListItem\",\"position\":2,\"name\":\"Von wegen machtlos\"}]},{\"@type\":\"WebSite\",\"@id\":\"https:\\\/\\\/armin-knab-gymnasium.de\\\/Home\\\/#website\",\"url\":\"https:\\\/\\\/armin-knab-gymnasium.de\\\/Home\\\/\",\"name\":\"Armin-Knab-Gymnasium Kitzingen\",\"description\":\"Naturwissenschaftlich-technologisches und sprachliches Gymnasium\",\"publisher\":{\"@id\":\"https:\\\/\\\/armin-knab-gymnasium.de\\\/Home\\\/#organization\"},\"potentialAction\":[{\"@type\":\"SearchAction\",\"target\":{\"@type\":\"EntryPoint\",\"urlTemplate\":\"https:\\\/\\\/armin-knab-gymnasium.de\\\/Home\\\/?s={search_term_string}\"},\"query-input\":{\"@type\":\"PropertyValueSpecification\",\"valueRequired\":true,\"valueName\":\"search_term_string\"}}],\"inLanguage\":\"de\"},{\"@type\":\"Organization\",\"@id\":\"https:\\\/\\\/armin-knab-gymnasium.de\\\/Home\\\/#organization\",\"name\":\"Armin-Knab-Gymnasium Kitzingen\",\"url\":\"https:\\\/\\\/armin-knab-gymnasium.de\\\/Home\\\/\",\"logo\":{\"@type\":\"ImageObject\",\"inLanguage\":\"de\",\"@id\":\"https:\\\/\\\/armin-knab-gymnasium.de\\\/Home\\\/#\\\/schema\\\/logo\\\/image\\\/\",\"url\":\"https:\\\/\\\/armin-knab-gymnasium.de\\\/Home\\\/wp-content\\\/uploads\\\/2016\\\/11\\\/LogoIcon.png\",\"contentUrl\":\"https:\\\/\\\/armin-knab-gymnasium.de\\\/Home\\\/wp-content\\\/uploads\\\/2016\\\/11\\\/LogoIcon.png\",\"width\":512,\"height\":512,\"caption\":\"Armin-Knab-Gymnasium Kitzingen\"},\"image\":{\"@id\":\"https:\\\/\\\/armin-knab-gymnasium.de\\\/Home\\\/#\\\/schema\\\/logo\\\/image\\\/\"}},{\"@type\":\"Person\",\"@id\":\"https:\\\/\\\/armin-knab-gymnasium.de\\\/Home\\\/#\\\/schema\\\/person\\\/0b30e8c3693e8171302d48a06dfa7dd1\",\"name\":\"Tilo Hemmert\",\"image\":{\"@type\":\"ImageObject\",\"inLanguage\":\"de\",\"@id\":\"https:\\\/\\\/secure.gravatar.com\\\/avatar\\\/5beeba68869d6f188af2781e85e2f0e0debfc774721f4157ef4bb0efbc2ef06b?s=96&d=mm&r=g5d786a20b8d63884fc7eddeaf0766f27\",\"url\":\"https:\\\/\\\/secure.gravatar.com\\\/avatar\\\/5beeba68869d6f188af2781e85e2f0e0debfc774721f4157ef4bb0efbc2ef06b?s=96&d=mm&r=g\",\"contentUrl\":\"https:\\\/\\\/secure.gravatar.com\\\/avatar\\\/5beeba68869d6f188af2781e85e2f0e0debfc774721f4157ef4bb0efbc2ef06b?s=96&d=mm&r=g\",\"caption\":\"Tilo Hemmert\"},\"description\":\"Studiendirektor, Mathematik \\\/ Physik - 2. Fachschaftsleiter Mathematik - Mitglieder der erweiterten Schulleitung\",\"sameAs\":[\"https:\\\/\\\/armin-knab-gymnasium.de\\\/Home\"],\"url\":\"https:\\\/\\\/armin-knab-gymnasium.de\\\/Home\\\/author\\\/t-hemmert\\\/\"}]}<\/script>\n<!-- \/ Yoast SEO plugin. -->","yoast_head_json":{"title":"Von wegen machtlos - Armin-Knab-Gymnasium Kitzingen","robots":{"index":"index","follow":"follow","max-snippet":"max-snippet:-1","max-image-preview":"max-image-preview:large","max-video-preview":"max-video-preview:-1"},"canonical":"https:\/\/armin-knab-gymnasium.de\/Home\/2025\/09\/08\/von-wegen-machtlos\/","og_locale":"de_DE","og_type":"article","og_title":"Von wegen machtlos - Armin-Knab-Gymnasium Kitzingen","og_description":"Bei kommunalpolitischen Workshops im Kitzinger Rathaus lernen junge Menschen m\u00f6gliche Zug\u00e4nge zur Politik Kitzingen &nbsp; Junge Menschen mit den Herausforderungen und Chancen der lokalen Politik konfrontieren \u2013 ein Ziel des... weiterlesen &raquo;","og_url":"https:\/\/armin-knab-gymnasium.de\/Home\/2025\/09\/08\/von-wegen-machtlos\/","og_site_name":"Armin-Knab-Gymnasium Kitzingen","article_published_time":"2025-09-08T08:43:48+00:00","article_modified_time":"2025-09-08T09:48:42+00:00","og_image":[{"width":1799,"height":938,"url":"https:\/\/armin-knab-gymnasium.de\/Home\/wp-content\/uploads\/2025\/09\/20250728_Kommunalpolitischer-Workshop.jpg","type":"image\/jpeg"}],"author":"Tilo Hemmert","twitter_card":"summary_large_image","twitter_misc":{"Verfasst von":"Tilo Hemmert","Gesch\u00e4tzte Lesezeit":"3\u00a0Minuten","Written by":"Tilo Hemmert"},"schema":{"@context":"https:\/\/schema.org","@graph":[{"@type":"Article","@id":"https:\/\/armin-knab-gymnasium.de\/Home\/2025\/09\/08\/von-wegen-machtlos\/#article","isPartOf":{"@id":"https:\/\/armin-knab-gymnasium.de\/Home\/2025\/09\/08\/von-wegen-machtlos\/"},"author":{"name":"Tilo Hemmert","@id":"https:\/\/armin-knab-gymnasium.de\/Home\/#\/schema\/person\/0b30e8c3693e8171302d48a06dfa7dd1"},"headline":"Von wegen machtlos","datePublished":"2025-09-08T08:43:48+00:00","dateModified":"2025-09-08T09:48:42+00:00","mainEntityOfPage":{"@id":"https:\/\/armin-knab-gymnasium.de\/Home\/2025\/09\/08\/von-wegen-machtlos\/"},"wordCount":427,"publisher":{"@id":"https:\/\/armin-knab-gymnasium.de\/Home\/#organization"},"image":{"@id":"https:\/\/armin-knab-gymnasium.de\/Home\/2025\/09\/08\/von-wegen-machtlos\/#primaryimage"},"thumbnailUrl":"https:\/\/armin-knab-gymnasium.de\/Home\/wp-content\/uploads\/2025\/09\/20250728_Kommunalpolitischer-Workshop.jpg","keywords":["Verfassungsviertelstunde"],"articleSection":["Aktuelles","Sozialkunde"],"inLanguage":"de"},{"@type":"WebPage","@id":"https:\/\/armin-knab-gymnasium.de\/Home\/2025\/09\/08\/von-wegen-machtlos\/","url":"https:\/\/armin-knab-gymnasium.de\/Home\/2025\/09\/08\/von-wegen-machtlos\/","name":"Von wegen machtlos - Armin-Knab-Gymnasium Kitzingen","isPartOf":{"@id":"https:\/\/armin-knab-gymnasium.de\/Home\/#website"},"primaryImageOfPage":{"@id":"https:\/\/armin-knab-gymnasium.de\/Home\/2025\/09\/08\/von-wegen-machtlos\/#primaryimage"},"image":{"@id":"https:\/\/armin-knab-gymnasium.de\/Home\/2025\/09\/08\/von-wegen-machtlos\/#primaryimage"},"thumbnailUrl":"https:\/\/armin-knab-gymnasium.de\/Home\/wp-content\/uploads\/2025\/09\/20250728_Kommunalpolitischer-Workshop.jpg","datePublished":"2025-09-08T08:43:48+00:00","dateModified":"2025-09-08T09:48:42+00:00","breadcrumb":{"@id":"https:\/\/armin-knab-gymnasium.de\/Home\/2025\/09\/08\/von-wegen-machtlos\/#breadcrumb"},"inLanguage":"de","potentialAction":[{"@type":"ReadAction","target":["https:\/\/armin-knab-gymnasium.de\/Home\/2025\/09\/08\/von-wegen-machtlos\/"]}]},{"@type":"ImageObject","inLanguage":"de","@id":"https:\/\/armin-knab-gymnasium.de\/Home\/2025\/09\/08\/von-wegen-machtlos\/#primaryimage","url":"https:\/\/armin-knab-gymnasium.de\/Home\/wp-content\/uploads\/2025\/09\/20250728_Kommunalpolitischer-Workshop.jpg","contentUrl":"https:\/\/armin-knab-gymnasium.de\/Home\/wp-content\/uploads\/2025\/09\/20250728_Kommunalpolitischer-Workshop.jpg","width":1799,"height":938},{"@type":"BreadcrumbList","@id":"https:\/\/armin-knab-gymnasium.de\/Home\/2025\/09\/08\/von-wegen-machtlos\/#breadcrumb","itemListElement":[{"@type":"ListItem","position":1,"name":"Startseite","item":"https:\/\/armin-knab-gymnasium.de\/Home\/"},{"@type":"ListItem","position":2,"name":"Von wegen machtlos"}]},{"@type":"WebSite","@id":"https:\/\/armin-knab-gymnasium.de\/Home\/#website","url":"https:\/\/armin-knab-gymnasium.de\/Home\/","name":"Armin-Knab-Gymnasium Kitzingen","description":"Naturwissenschaftlich-technologisches und sprachliches Gymnasium","publisher":{"@id":"https:\/\/armin-knab-gymnasium.de\/Home\/#organization"},"potentialAction":[{"@type":"SearchAction","target":{"@type":"EntryPoint","urlTemplate":"https:\/\/armin-knab-gymnasium.de\/Home\/?s={search_term_string}"},"query-input":{"@type":"PropertyValueSpecification","valueRequired":true,"valueName":"search_term_string"}}],"inLanguage":"de"},{"@type":"Organization","@id":"https:\/\/armin-knab-gymnasium.de\/Home\/#organization","name":"Armin-Knab-Gymnasium Kitzingen","url":"https:\/\/armin-knab-gymnasium.de\/Home\/","logo":{"@type":"ImageObject","inLanguage":"de","@id":"https:\/\/armin-knab-gymnasium.de\/Home\/#\/schema\/logo\/image\/","url":"https:\/\/armin-knab-gymnasium.de\/Home\/wp-content\/uploads\/2016\/11\/LogoIcon.png","contentUrl":"https:\/\/armin-knab-gymnasium.de\/Home\/wp-content\/uploads\/2016\/11\/LogoIcon.png","width":512,"height":512,"caption":"Armin-Knab-Gymnasium Kitzingen"},"image":{"@id":"https:\/\/armin-knab-gymnasium.de\/Home\/#\/schema\/logo\/image\/"}},{"@type":"Person","@id":"https:\/\/armin-knab-gymnasium.de\/Home\/#\/schema\/person\/0b30e8c3693e8171302d48a06dfa7dd1","name":"Tilo Hemmert","image":{"@type":"ImageObject","inLanguage":"de","@id":"https:\/\/secure.gravatar.com\/avatar\/5beeba68869d6f188af2781e85e2f0e0debfc774721f4157ef4bb0efbc2ef06b?s=96&d=mm&r=g5d786a20b8d63884fc7eddeaf0766f27","url":"https:\/\/secure.gravatar.com\/avatar\/5beeba68869d6f188af2781e85e2f0e0debfc774721f4157ef4bb0efbc2ef06b?s=96&d=mm&r=g","contentUrl":"https:\/\/secure.gravatar.com\/avatar\/5beeba68869d6f188af2781e85e2f0e0debfc774721f4157ef4bb0efbc2ef06b?s=96&d=mm&r=g","caption":"Tilo Hemmert"},"description":"Studiendirektor, Mathematik \/ Physik - 2. Fachschaftsleiter Mathematik - Mitglieder der erweiterten Schulleitung","sameAs":["https:\/\/armin-knab-gymnasium.de\/Home"],"url":"https:\/\/armin-knab-gymnasium.de\/Home\/author\/t-hemmert\/"}]}},"publishpress_future_action":{"enabled":false,"date":"2026-05-07 06:35:24","action":"change-status","newStatus":"draft","terms":[],"taxonomy":"category","extraData":[]},"publishpress_future_workflow_manual_trigger":{"enabledWorkflows":[]},"_links":{"self":[{"href":"https:\/\/armin-knab-gymnasium.de\/Home\/wp-json\/wp\/v2\/posts\/17400","targetHints":{"allow":["GET"]}}],"collection":[{"href":"https:\/\/armin-knab-gymnasium.de\/Home\/wp-json\/wp\/v2\/posts"}],"about":[{"href":"https:\/\/armin-knab-gymnasium.de\/Home\/wp-json\/wp\/v2\/types\/post"}],"author":[{"embeddable":true,"href":"https:\/\/armin-knab-gymnasium.de\/Home\/wp-json\/wp\/v2\/users\/5"}],"replies":[{"embeddable":true,"href":"https:\/\/armin-knab-gymnasium.de\/Home\/wp-json\/wp\/v2\/comments?post=17400"}],"version-history":[{"count":3,"href":"https:\/\/armin-knab-gymnasium.de\/Home\/wp-json\/wp\/v2\/posts\/17400\/revisions"}],"predecessor-version":[{"id":17408,"href":"https:\/\/armin-knab-gymnasium.de\/Home\/wp-json\/wp\/v2\/posts\/17400\/revisions\/17408"}],"wp:featuredmedia":[{"embeddable":true,"href":"https:\/\/armin-knab-gymnasium.de\/Home\/wp-json\/wp\/v2\/media\/17401"}],"wp:attachment":[{"href":"https:\/\/armin-knab-gymnasium.de\/Home\/wp-json\/wp\/v2\/media?parent=17400"}],"wp:term":[{"taxonomy":"category","embeddable":true,"href":"https:\/\/armin-knab-gymnasium.de\/Home\/wp-json\/wp\/v2\/categories?post=17400"},{"taxonomy":"post_tag","embeddable":true,"href":"https:\/\/armin-knab-gymnasium.de\/Home\/wp-json\/wp\/v2\/tags?post=17400"},{"taxonomy":"author","embeddable":true,"href":"https:\/\/armin-knab-gymnasium.de\/Home\/wp-json\/wp\/v2\/coauthors?post=17400"}],"curies":[{"name":"wp","href":"https:\/\/api.w.org\/{rel}","templated":true}]}}