{"id":17685,"date":"2025-12-19T11:02:08","date_gmt":"2025-12-19T10:02:08","guid":{"rendered":"https:\/\/armin-knab-gymnasium.de\/Home\/?p=17685"},"modified":"2026-01-07T08:22:54","modified_gmt":"2026-01-07T07:22:54","slug":"das-weihnachtskonzert-des-akg-festlicher-glanz-in-st-johannes","status":"publish","type":"post","link":"https:\/\/armin-knab-gymnasium.de\/Home\/2025\/12\/19\/das-weihnachtskonzert-des-akg-festlicher-glanz-in-st-johannes\/","title":{"rendered":"Das Weihnachtskonzert des AKG &#8211; Festlicher Glanz in St. Johannes"},"content":{"rendered":"\n<p>Wenn die St. Johannes-Kirche bis auf den letzten Platz gef\u00fcllt ist und eine erwartungsvolle Stille einkehrt, dann ist es Zeit f\u00fcr einen der kulturellen H\u00f6hepunkte des Schuljahres: Das gro\u00dfe Weihnachtskonzert des Armin-Knab-Gymnasiums. Um 18 Uhr verwandelten die Sch\u00fclerinnen und Sch\u00fcler das Gotteshaus in einen Ort voller Klangfarben, Emotionen und festlicher Vorfreude.<\/p>\n\n\n\n<p>Den stimmungsvollen Auftakt gestaltete das Streicherensemble. Mit dem geheimnisvollen \u201eSecrets\u201c sowie den Klassikern \u201eFr\u00f6hliche Weihnacht \u00fcberall\u201c und \u201eLeise rieselt der Schnee\u201c zum Mitsingen stimmten sie das Publikum feinf\u00fchlig auf den Abend ein. Direkt im Anschluss bewies die Bl\u00e4serklasse 6, wie viel sie bereits an ihren Instrumenten gelernt hat. Mit Enyas Welthit \u201eOnly Time\u201c und dem schwungvollen \u201eYou\u2019re Welcome\u201c sorgten die jungen Musiker f\u00fcr erste begeisterte Applausst\u00fcrme.<\/p>\n\n\n\n<p>Der Chor des AKG nahm die Zuh\u00f6rer mit auf eine Reise durch verschiedene Facetten der Weihnachtsmusik. Von dem modernen \u201eThat&#8217;s Christmas\u201c \u00fcber das G\u00e4nsehaut-Gef\u00fchl bei Leonard Cohens \u201eHallelujah\u201c bis hin zum mitrei\u00dfenden \u201eFeliz Navidad\u201c war die Freude am gemeinsamen Singen in jeder Reihe sp\u00fcrbar.<\/p>\n\n\n\n<p>Kontrastreich und modern pr\u00e4sentierte sich die Band. Mit einer anspruchsvollen Titelauswahl, die von \u201eDisfruto\u201c \u00fcber Keane\u2019s \u201eSomewhere Only We Know\u201c bis hin zu Billie Eilishs \u201eI Don\u2019t Want To Be You Anymore\u201c reichte, setzten sie einen emotionalen Akzent. Besonders eindrucksvoll gelang die Interpretation von Sabatons \u201eChristmas Truce\u201c, das an den Weihnachtsfrieden im Ersten Weltkrieg erinnerte.<\/p>\n\n\n\n<p>Den instrumentalen H\u00f6hepunkt bildete der Auftritt des Sinfonischen Blasorchesters. Mit technischer Pr\u00e4zision und vollem Klangvolumen pr\u00e4sentierte das Ensemble ein breites Repertoire:<\/p>\n\n\n\n<ul class=\"wp-block-list\">\n<li>Klassisch &amp; Besinnlich: \u201eLittle Sweet Bells\u201c von Martin Scharnagl und Beethovens erhabene \u201eHymne an die Nacht\u201c.<\/li>\n\n\n\n<li>Festlich: Das feierliche \u201eVenite Adoremus\u201c.<\/li>\n\n\n\n<li>Swingend &amp; Magisch: Mit \u201eA Jazzy Christmas\u201c, \u201eChristmas Magic\u201c und dem unverzichtbaren \u201eWhite Christmas\u201c verbreitete das Orchester pure amerikanische Weihnachtsatmosph\u00e4re.<\/li>\n<\/ul>\n\n\n\n<p>Unter der Begleitung des Sinfonischen Blasorchesters stimmten alle Mitwirkenden und G\u00e4ste gemeinsam das Lied \u201eMacht hoch die T\u00fcr\u201c an. Ein G\u00e4nsehautmoment, der die Schulgemeinschaft und die Besucher vereinte und die Vorfreude auf das kommende Fest perfekt machte.<\/p>\n\n\n\n<p>Das diesj\u00e4hrige Weihnachtskonzert hat einmal mehr gezeigt, welches enorme musikalische Potenzial im Armin-Knab-Gymnasium steckt und wie viel Leidenschaft Lehrer und Sch\u00fcler in die Vorbereitung investiert haben.<\/p>\n","protected":false},"excerpt":{"rendered":"<p>Wenn die St. Johannes-Kirche bis auf den letzten Platz gef\u00fcllt ist und eine erwartungsvolle Stille einkehrt, dann ist es Zeit f\u00fcr einen der kulturellen H\u00f6hepunkte des Schuljahres: Das gro\u00dfe Weihnachtskonzert&#8230; <a href=\"https:\/\/armin-knab-gymnasium.de\/Home\/2025\/12\/19\/das-weihnachtskonzert-des-akg-festlicher-glanz-in-st-johannes\/\">weiterlesen &raquo;<\/a><\/p>\n","protected":false},"author":1018,"featured_media":17692,"comment_status":"closed","ping_status":"closed","sticky":false,"template":"","format":"standard","meta":{"ghostkit_customizer_options":"","ghostkit_custom_css":"","ghostkit_custom_js_head":"","ghostkit_custom_js_foot":"","ghostkit_typography":"","footnotes":""},"categories":[1,84],"tags":[],"coauthors":[65],"class_list":["post-17685","post","type-post","status-publish","format-standard","has-post-thumbnail","hentry","category-allgemein","category-musik"],"yoast_head":"<!-- This site is optimized with the Yoast SEO plugin v27.4 - https:\/\/yoast.com\/product\/yoast-seo-wordpress\/ -->\n<title>Das Weihnachtskonzert des AKG - Festlicher Glanz in St. Johannes - Armin-Knab-Gymnasium Kitzingen<\/title>\n<meta name=\"robots\" content=\"index, follow, max-snippet:-1, max-image-preview:large, max-video-preview:-1\" \/>\n<link rel=\"canonical\" href=\"https:\/\/armin-knab-gymnasium.de\/Home\/2025\/12\/19\/das-weihnachtskonzert-des-akg-festlicher-glanz-in-st-johannes\/\" \/>\n<meta property=\"og:locale\" content=\"de_DE\" \/>\n<meta property=\"og:type\" content=\"article\" \/>\n<meta property=\"og:title\" content=\"Das Weihnachtskonzert des AKG - Festlicher Glanz in St. Johannes - Armin-Knab-Gymnasium Kitzingen\" \/>\n<meta property=\"og:description\" content=\"Wenn die St. Johannes-Kirche bis auf den letzten Platz gef\u00fcllt ist und eine erwartungsvolle Stille einkehrt, dann ist es Zeit f\u00fcr einen der kulturellen H\u00f6hepunkte des Schuljahres: Das gro\u00dfe Weihnachtskonzert... weiterlesen &raquo;\" \/>\n<meta property=\"og:url\" content=\"https:\/\/armin-knab-gymnasium.de\/Home\/2025\/12\/19\/das-weihnachtskonzert-des-akg-festlicher-glanz-in-st-johannes\/\" \/>\n<meta property=\"og:site_name\" content=\"Armin-Knab-Gymnasium Kitzingen\" \/>\n<meta property=\"article:published_time\" content=\"2025-12-19T10:02:08+00:00\" \/>\n<meta property=\"article:modified_time\" content=\"2026-01-07T07:22:54+00:00\" \/>\n<meta property=\"og:image\" content=\"https:\/\/armin-knab-gymnasium.de\/Home\/wp-content\/uploads\/2025\/12\/DSC_0083-1-scaled.jpg\" \/>\n\t<meta property=\"og:image:width\" content=\"2560\" \/>\n\t<meta property=\"og:image:height\" content=\"1825\" \/>\n\t<meta property=\"og:image:type\" content=\"image\/jpeg\" \/>\n<meta name=\"author\" content=\"Burkard Fries\" \/>\n<meta name=\"twitter:card\" content=\"summary_large_image\" \/>\n<meta name=\"twitter:label1\" content=\"Verfasst von\" \/>\n\t<meta name=\"twitter:data1\" content=\"Burkard Fries\" \/>\n\t<meta name=\"twitter:label2\" content=\"Gesch\u00e4tzte Lesezeit\" \/>\n\t<meta name=\"twitter:data2\" content=\"3\u00a0Minuten\" \/>\n\t<meta name=\"twitter:label3\" content=\"Written by\" \/>\n\t<meta name=\"twitter:data3\" content=\"Burkard Fries\" \/>\n<script type=\"application\/ld+json\" class=\"yoast-schema-graph\">{\"@context\":\"https:\\\/\\\/schema.org\",\"@graph\":[{\"@type\":\"Article\",\"@id\":\"https:\\\/\\\/armin-knab-gymnasium.de\\\/Home\\\/2025\\\/12\\\/19\\\/das-weihnachtskonzert-des-akg-festlicher-glanz-in-st-johannes\\\/#article\",\"isPartOf\":{\"@id\":\"https:\\\/\\\/armin-knab-gymnasium.de\\\/Home\\\/2025\\\/12\\\/19\\\/das-weihnachtskonzert-des-akg-festlicher-glanz-in-st-johannes\\\/\"},\"author\":{\"name\":\"Burkard Fries\",\"@id\":\"https:\\\/\\\/armin-knab-gymnasium.de\\\/Home\\\/#\\\/schema\\\/person\\\/400696c2cab374992d38ea0ef39c511b\"},\"headline\":\"Das Weihnachtskonzert des AKG &#8211; Festlicher Glanz in St. Johannes\",\"datePublished\":\"2025-12-19T10:02:08+00:00\",\"dateModified\":\"2026-01-07T07:22:54+00:00\",\"mainEntityOfPage\":{\"@id\":\"https:\\\/\\\/armin-knab-gymnasium.de\\\/Home\\\/2025\\\/12\\\/19\\\/das-weihnachtskonzert-des-akg-festlicher-glanz-in-st-johannes\\\/\"},\"wordCount\":379,\"publisher\":{\"@id\":\"https:\\\/\\\/armin-knab-gymnasium.de\\\/Home\\\/#organization\"},\"image\":{\"@id\":\"https:\\\/\\\/armin-knab-gymnasium.de\\\/Home\\\/2025\\\/12\\\/19\\\/das-weihnachtskonzert-des-akg-festlicher-glanz-in-st-johannes\\\/#primaryimage\"},\"thumbnailUrl\":\"https:\\\/\\\/armin-knab-gymnasium.de\\\/Home\\\/wp-content\\\/uploads\\\/2025\\\/12\\\/DSC_0083-1-scaled.jpg\",\"articleSection\":{\"1\":\"Musik\"},\"inLanguage\":\"de\"},{\"@type\":\"WebPage\",\"@id\":\"https:\\\/\\\/armin-knab-gymnasium.de\\\/Home\\\/2025\\\/12\\\/19\\\/das-weihnachtskonzert-des-akg-festlicher-glanz-in-st-johannes\\\/\",\"url\":\"https:\\\/\\\/armin-knab-gymnasium.de\\\/Home\\\/2025\\\/12\\\/19\\\/das-weihnachtskonzert-des-akg-festlicher-glanz-in-st-johannes\\\/\",\"name\":\"Das Weihnachtskonzert des AKG - Festlicher Glanz in St. Johannes - Armin-Knab-Gymnasium Kitzingen\",\"isPartOf\":{\"@id\":\"https:\\\/\\\/armin-knab-gymnasium.de\\\/Home\\\/#website\"},\"primaryImageOfPage\":{\"@id\":\"https:\\\/\\\/armin-knab-gymnasium.de\\\/Home\\\/2025\\\/12\\\/19\\\/das-weihnachtskonzert-des-akg-festlicher-glanz-in-st-johannes\\\/#primaryimage\"},\"image\":{\"@id\":\"https:\\\/\\\/armin-knab-gymnasium.de\\\/Home\\\/2025\\\/12\\\/19\\\/das-weihnachtskonzert-des-akg-festlicher-glanz-in-st-johannes\\\/#primaryimage\"},\"thumbnailUrl\":\"https:\\\/\\\/armin-knab-gymnasium.de\\\/Home\\\/wp-content\\\/uploads\\\/2025\\\/12\\\/DSC_0083-1-scaled.jpg\",\"datePublished\":\"2025-12-19T10:02:08+00:00\",\"dateModified\":\"2026-01-07T07:22:54+00:00\",\"breadcrumb\":{\"@id\":\"https:\\\/\\\/armin-knab-gymnasium.de\\\/Home\\\/2025\\\/12\\\/19\\\/das-weihnachtskonzert-des-akg-festlicher-glanz-in-st-johannes\\\/#breadcrumb\"},\"inLanguage\":\"de\",\"potentialAction\":[{\"@type\":\"ReadAction\",\"target\":[\"https:\\\/\\\/armin-knab-gymnasium.de\\\/Home\\\/2025\\\/12\\\/19\\\/das-weihnachtskonzert-des-akg-festlicher-glanz-in-st-johannes\\\/\"]}]},{\"@type\":\"ImageObject\",\"inLanguage\":\"de\",\"@id\":\"https:\\\/\\\/armin-knab-gymnasium.de\\\/Home\\\/2025\\\/12\\\/19\\\/das-weihnachtskonzert-des-akg-festlicher-glanz-in-st-johannes\\\/#primaryimage\",\"url\":\"https:\\\/\\\/armin-knab-gymnasium.de\\\/Home\\\/wp-content\\\/uploads\\\/2025\\\/12\\\/DSC_0083-1-scaled.jpg\",\"contentUrl\":\"https:\\\/\\\/armin-knab-gymnasium.de\\\/Home\\\/wp-content\\\/uploads\\\/2025\\\/12\\\/DSC_0083-1-scaled.jpg\",\"width\":2560,\"height\":1825},{\"@type\":\"BreadcrumbList\",\"@id\":\"https:\\\/\\\/armin-knab-gymnasium.de\\\/Home\\\/2025\\\/12\\\/19\\\/das-weihnachtskonzert-des-akg-festlicher-glanz-in-st-johannes\\\/#breadcrumb\",\"itemListElement\":[{\"@type\":\"ListItem\",\"position\":1,\"name\":\"Startseite\",\"item\":\"https:\\\/\\\/armin-knab-gymnasium.de\\\/Home\\\/\"},{\"@type\":\"ListItem\",\"position\":2,\"name\":\"Das Weihnachtskonzert des AKG &#8211; Festlicher Glanz in St. Johannes\"}]},{\"@type\":\"WebSite\",\"@id\":\"https:\\\/\\\/armin-knab-gymnasium.de\\\/Home\\\/#website\",\"url\":\"https:\\\/\\\/armin-knab-gymnasium.de\\\/Home\\\/\",\"name\":\"Armin-Knab-Gymnasium Kitzingen\",\"description\":\"Naturwissenschaftlich-technologisches und sprachliches Gymnasium\",\"publisher\":{\"@id\":\"https:\\\/\\\/armin-knab-gymnasium.de\\\/Home\\\/#organization\"},\"potentialAction\":[{\"@type\":\"SearchAction\",\"target\":{\"@type\":\"EntryPoint\",\"urlTemplate\":\"https:\\\/\\\/armin-knab-gymnasium.de\\\/Home\\\/?s={search_term_string}\"},\"query-input\":{\"@type\":\"PropertyValueSpecification\",\"valueRequired\":true,\"valueName\":\"search_term_string\"}}],\"inLanguage\":\"de\"},{\"@type\":\"Organization\",\"@id\":\"https:\\\/\\\/armin-knab-gymnasium.de\\\/Home\\\/#organization\",\"name\":\"Armin-Knab-Gymnasium Kitzingen\",\"url\":\"https:\\\/\\\/armin-knab-gymnasium.de\\\/Home\\\/\",\"logo\":{\"@type\":\"ImageObject\",\"inLanguage\":\"de\",\"@id\":\"https:\\\/\\\/armin-knab-gymnasium.de\\\/Home\\\/#\\\/schema\\\/logo\\\/image\\\/\",\"url\":\"https:\\\/\\\/armin-knab-gymnasium.de\\\/Home\\\/wp-content\\\/uploads\\\/2016\\\/11\\\/LogoIcon.png\",\"contentUrl\":\"https:\\\/\\\/armin-knab-gymnasium.de\\\/Home\\\/wp-content\\\/uploads\\\/2016\\\/11\\\/LogoIcon.png\",\"width\":512,\"height\":512,\"caption\":\"Armin-Knab-Gymnasium Kitzingen\"},\"image\":{\"@id\":\"https:\\\/\\\/armin-knab-gymnasium.de\\\/Home\\\/#\\\/schema\\\/logo\\\/image\\\/\"}},{\"@type\":\"Person\",\"@id\":\"https:\\\/\\\/armin-knab-gymnasium.de\\\/Home\\\/#\\\/schema\\\/person\\\/400696c2cab374992d38ea0ef39c511b\",\"name\":\"Burkard Fries\",\"image\":{\"@type\":\"ImageObject\",\"inLanguage\":\"de\",\"@id\":\"https:\\\/\\\/secure.gravatar.com\\\/avatar\\\/d8cfe14d84002b7bd3e89a061cee2d50a80abec41ad6e6961e3de2f5d436ab65?s=96&d=mm&r=g03361921f9dcf166472d6b7ea1668d16\",\"url\":\"https:\\\/\\\/secure.gravatar.com\\\/avatar\\\/d8cfe14d84002b7bd3e89a061cee2d50a80abec41ad6e6961e3de2f5d436ab65?s=96&d=mm&r=g\",\"contentUrl\":\"https:\\\/\\\/secure.gravatar.com\\\/avatar\\\/d8cfe14d84002b7bd3e89a061cee2d50a80abec41ad6e6961e3de2f5d436ab65?s=96&d=mm&r=g\",\"caption\":\"Burkard Fries\"},\"sameAs\":[\"https:\\\/\\\/armin-knab-gymnasium.de\\\/Home\"],\"url\":\"https:\\\/\\\/armin-knab-gymnasium.de\\\/Home\\\/author\\\/fri\\\/\"}]}<\/script>\n<!-- \/ Yoast SEO plugin. -->","yoast_head_json":{"title":"Das Weihnachtskonzert des AKG - Festlicher Glanz in St. Johannes - Armin-Knab-Gymnasium Kitzingen","robots":{"index":"index","follow":"follow","max-snippet":"max-snippet:-1","max-image-preview":"max-image-preview:large","max-video-preview":"max-video-preview:-1"},"canonical":"https:\/\/armin-knab-gymnasium.de\/Home\/2025\/12\/19\/das-weihnachtskonzert-des-akg-festlicher-glanz-in-st-johannes\/","og_locale":"de_DE","og_type":"article","og_title":"Das Weihnachtskonzert des AKG - Festlicher Glanz in St. Johannes - Armin-Knab-Gymnasium Kitzingen","og_description":"Wenn die St. Johannes-Kirche bis auf den letzten Platz gef\u00fcllt ist und eine erwartungsvolle Stille einkehrt, dann ist es Zeit f\u00fcr einen der kulturellen H\u00f6hepunkte des Schuljahres: Das gro\u00dfe Weihnachtskonzert... weiterlesen &raquo;","og_url":"https:\/\/armin-knab-gymnasium.de\/Home\/2025\/12\/19\/das-weihnachtskonzert-des-akg-festlicher-glanz-in-st-johannes\/","og_site_name":"Armin-Knab-Gymnasium Kitzingen","article_published_time":"2025-12-19T10:02:08+00:00","article_modified_time":"2026-01-07T07:22:54+00:00","og_image":[{"width":2560,"height":1825,"url":"https:\/\/armin-knab-gymnasium.de\/Home\/wp-content\/uploads\/2025\/12\/DSC_0083-1-scaled.jpg","type":"image\/jpeg"}],"author":"Burkard Fries","twitter_card":"summary_large_image","twitter_misc":{"Verfasst von":"Burkard Fries","Gesch\u00e4tzte Lesezeit":"3\u00a0Minuten","Written by":"Burkard Fries"},"schema":{"@context":"https:\/\/schema.org","@graph":[{"@type":"Article","@id":"https:\/\/armin-knab-gymnasium.de\/Home\/2025\/12\/19\/das-weihnachtskonzert-des-akg-festlicher-glanz-in-st-johannes\/#article","isPartOf":{"@id":"https:\/\/armin-knab-gymnasium.de\/Home\/2025\/12\/19\/das-weihnachtskonzert-des-akg-festlicher-glanz-in-st-johannes\/"},"author":{"name":"Burkard Fries","@id":"https:\/\/armin-knab-gymnasium.de\/Home\/#\/schema\/person\/400696c2cab374992d38ea0ef39c511b"},"headline":"Das Weihnachtskonzert des AKG &#8211; Festlicher Glanz in St. Johannes","datePublished":"2025-12-19T10:02:08+00:00","dateModified":"2026-01-07T07:22:54+00:00","mainEntityOfPage":{"@id":"https:\/\/armin-knab-gymnasium.de\/Home\/2025\/12\/19\/das-weihnachtskonzert-des-akg-festlicher-glanz-in-st-johannes\/"},"wordCount":379,"publisher":{"@id":"https:\/\/armin-knab-gymnasium.de\/Home\/#organization"},"image":{"@id":"https:\/\/armin-knab-gymnasium.de\/Home\/2025\/12\/19\/das-weihnachtskonzert-des-akg-festlicher-glanz-in-st-johannes\/#primaryimage"},"thumbnailUrl":"https:\/\/armin-knab-gymnasium.de\/Home\/wp-content\/uploads\/2025\/12\/DSC_0083-1-scaled.jpg","articleSection":{"1":"Musik"},"inLanguage":"de"},{"@type":"WebPage","@id":"https:\/\/armin-knab-gymnasium.de\/Home\/2025\/12\/19\/das-weihnachtskonzert-des-akg-festlicher-glanz-in-st-johannes\/","url":"https:\/\/armin-knab-gymnasium.de\/Home\/2025\/12\/19\/das-weihnachtskonzert-des-akg-festlicher-glanz-in-st-johannes\/","name":"Das Weihnachtskonzert des AKG - Festlicher Glanz in St. Johannes - Armin-Knab-Gymnasium Kitzingen","isPartOf":{"@id":"https:\/\/armin-knab-gymnasium.de\/Home\/#website"},"primaryImageOfPage":{"@id":"https:\/\/armin-knab-gymnasium.de\/Home\/2025\/12\/19\/das-weihnachtskonzert-des-akg-festlicher-glanz-in-st-johannes\/#primaryimage"},"image":{"@id":"https:\/\/armin-knab-gymnasium.de\/Home\/2025\/12\/19\/das-weihnachtskonzert-des-akg-festlicher-glanz-in-st-johannes\/#primaryimage"},"thumbnailUrl":"https:\/\/armin-knab-gymnasium.de\/Home\/wp-content\/uploads\/2025\/12\/DSC_0083-1-scaled.jpg","datePublished":"2025-12-19T10:02:08+00:00","dateModified":"2026-01-07T07:22:54+00:00","breadcrumb":{"@id":"https:\/\/armin-knab-gymnasium.de\/Home\/2025\/12\/19\/das-weihnachtskonzert-des-akg-festlicher-glanz-in-st-johannes\/#breadcrumb"},"inLanguage":"de","potentialAction":[{"@type":"ReadAction","target":["https:\/\/armin-knab-gymnasium.de\/Home\/2025\/12\/19\/das-weihnachtskonzert-des-akg-festlicher-glanz-in-st-johannes\/"]}]},{"@type":"ImageObject","inLanguage":"de","@id":"https:\/\/armin-knab-gymnasium.de\/Home\/2025\/12\/19\/das-weihnachtskonzert-des-akg-festlicher-glanz-in-st-johannes\/#primaryimage","url":"https:\/\/armin-knab-gymnasium.de\/Home\/wp-content\/uploads\/2025\/12\/DSC_0083-1-scaled.jpg","contentUrl":"https:\/\/armin-knab-gymnasium.de\/Home\/wp-content\/uploads\/2025\/12\/DSC_0083-1-scaled.jpg","width":2560,"height":1825},{"@type":"BreadcrumbList","@id":"https:\/\/armin-knab-gymnasium.de\/Home\/2025\/12\/19\/das-weihnachtskonzert-des-akg-festlicher-glanz-in-st-johannes\/#breadcrumb","itemListElement":[{"@type":"ListItem","position":1,"name":"Startseite","item":"https:\/\/armin-knab-gymnasium.de\/Home\/"},{"@type":"ListItem","position":2,"name":"Das Weihnachtskonzert des AKG &#8211; Festlicher Glanz in St. Johannes"}]},{"@type":"WebSite","@id":"https:\/\/armin-knab-gymnasium.de\/Home\/#website","url":"https:\/\/armin-knab-gymnasium.de\/Home\/","name":"Armin-Knab-Gymnasium Kitzingen","description":"Naturwissenschaftlich-technologisches und sprachliches Gymnasium","publisher":{"@id":"https:\/\/armin-knab-gymnasium.de\/Home\/#organization"},"potentialAction":[{"@type":"SearchAction","target":{"@type":"EntryPoint","urlTemplate":"https:\/\/armin-knab-gymnasium.de\/Home\/?s={search_term_string}"},"query-input":{"@type":"PropertyValueSpecification","valueRequired":true,"valueName":"search_term_string"}}],"inLanguage":"de"},{"@type":"Organization","@id":"https:\/\/armin-knab-gymnasium.de\/Home\/#organization","name":"Armin-Knab-Gymnasium Kitzingen","url":"https:\/\/armin-knab-gymnasium.de\/Home\/","logo":{"@type":"ImageObject","inLanguage":"de","@id":"https:\/\/armin-knab-gymnasium.de\/Home\/#\/schema\/logo\/image\/","url":"https:\/\/armin-knab-gymnasium.de\/Home\/wp-content\/uploads\/2016\/11\/LogoIcon.png","contentUrl":"https:\/\/armin-knab-gymnasium.de\/Home\/wp-content\/uploads\/2016\/11\/LogoIcon.png","width":512,"height":512,"caption":"Armin-Knab-Gymnasium Kitzingen"},"image":{"@id":"https:\/\/armin-knab-gymnasium.de\/Home\/#\/schema\/logo\/image\/"}},{"@type":"Person","@id":"https:\/\/armin-knab-gymnasium.de\/Home\/#\/schema\/person\/400696c2cab374992d38ea0ef39c511b","name":"Burkard Fries","image":{"@type":"ImageObject","inLanguage":"de","@id":"https:\/\/secure.gravatar.com\/avatar\/d8cfe14d84002b7bd3e89a061cee2d50a80abec41ad6e6961e3de2f5d436ab65?s=96&d=mm&r=g03361921f9dcf166472d6b7ea1668d16","url":"https:\/\/secure.gravatar.com\/avatar\/d8cfe14d84002b7bd3e89a061cee2d50a80abec41ad6e6961e3de2f5d436ab65?s=96&d=mm&r=g","contentUrl":"https:\/\/secure.gravatar.com\/avatar\/d8cfe14d84002b7bd3e89a061cee2d50a80abec41ad6e6961e3de2f5d436ab65?s=96&d=mm&r=g","caption":"Burkard Fries"},"sameAs":["https:\/\/armin-knab-gymnasium.de\/Home"],"url":"https:\/\/armin-knab-gymnasium.de\/Home\/author\/fri\/"}]}},"publishpress_future_action":{"enabled":false,"date":"2026-05-05 12:02:23","action":"change-status","newStatus":"draft","terms":[],"taxonomy":"category","extraData":[]},"publishpress_future_workflow_manual_trigger":{"enabledWorkflows":[]},"_links":{"self":[{"href":"https:\/\/armin-knab-gymnasium.de\/Home\/wp-json\/wp\/v2\/posts\/17685","targetHints":{"allow":["GET"]}}],"collection":[{"href":"https:\/\/armin-knab-gymnasium.de\/Home\/wp-json\/wp\/v2\/posts"}],"about":[{"href":"https:\/\/armin-knab-gymnasium.de\/Home\/wp-json\/wp\/v2\/types\/post"}],"author":[{"embeddable":true,"href":"https:\/\/armin-knab-gymnasium.de\/Home\/wp-json\/wp\/v2\/users\/1018"}],"replies":[{"embeddable":true,"href":"https:\/\/armin-knab-gymnasium.de\/Home\/wp-json\/wp\/v2\/comments?post=17685"}],"version-history":[{"count":1,"href":"https:\/\/armin-knab-gymnasium.de\/Home\/wp-json\/wp\/v2\/posts\/17685\/revisions"}],"predecessor-version":[{"id":17694,"href":"https:\/\/armin-knab-gymnasium.de\/Home\/wp-json\/wp\/v2\/posts\/17685\/revisions\/17694"}],"wp:featuredmedia":[{"embeddable":true,"href":"https:\/\/armin-knab-gymnasium.de\/Home\/wp-json\/wp\/v2\/media\/17692"}],"wp:attachment":[{"href":"https:\/\/armin-knab-gymnasium.de\/Home\/wp-json\/wp\/v2\/media?parent=17685"}],"wp:term":[{"taxonomy":"category","embeddable":true,"href":"https:\/\/armin-knab-gymnasium.de\/Home\/wp-json\/wp\/v2\/categories?post=17685"},{"taxonomy":"post_tag","embeddable":true,"href":"https:\/\/armin-knab-gymnasium.de\/Home\/wp-json\/wp\/v2\/tags?post=17685"},{"taxonomy":"author","embeddable":true,"href":"https:\/\/armin-knab-gymnasium.de\/Home\/wp-json\/wp\/v2\/coauthors?post=17685"}],"curies":[{"name":"wp","href":"https:\/\/api.w.org\/{rel}","templated":true}]}}