{"id":4707,"date":"2018-09-19T10:28:33","date_gmt":"2018-09-19T08:28:33","guid":{"rendered":"http:\/\/armin-knab-gymnasium.de\/Home\/?p=4707"},"modified":"2018-09-19T11:24:35","modified_gmt":"2018-09-19T09:24:35","slug":"auf-meinem-mist-gewachsen-schulanfangsgottesdienst-2018","status":"publish","type":"post","link":"https:\/\/armin-knab-gymnasium.de\/Home\/2018\/09\/19\/auf-meinem-mist-gewachsen-schulanfangsgottesdienst-2018\/","title":{"rendered":"&#8222;&#8230; auf meinem Mist gewachsen&#8220; &#8211; Schulanfangsgottesdienst 2018"},"content":{"rendered":"<p style=\"text-align: center;\"><a href=\"https:\/\/armin-knab-gymnasium.de\/Home\/wp-content\/uploads\/2018\/09\/IMG_8578.jpg\"><img loading=\"lazy\" decoding=\"async\" class=\"alignnone size-medium wp-image-4713\" src=\"https:\/\/armin-knab-gymnasium.de\/Home\/wp-content\/uploads\/2018\/09\/IMG_8578-225x300.jpg\" alt=\"\" width=\"225\" height=\"300\" srcset=\"https:\/\/armin-knab-gymnasium.de\/Home\/wp-content\/uploads\/2018\/09\/IMG_8578-225x300.jpg 225w, https:\/\/armin-knab-gymnasium.de\/Home\/wp-content\/uploads\/2018\/09\/IMG_8578.jpg 480w\" sizes=\"auto, (max-width: 225px) 100vw, 225px\" \/><\/a><\/p>\n<p>Herr Pfarrer Tr\u00f6ge mit einer Schubkarre voller Mist in der Kirche?!<\/p>\n<p>Unsere Gottesdienste sind immer wieder f\u00fcr \u00dcberraschungen gut.<\/p>\n<p>Dass &#8222;alles Mist&#8220; ist, vor allem, dass die Schule wieder losgeht &#8211; dieser Gedanke war so manchem vertraut.<\/p>\n<p>Dass Mist aber auch was Gutes hat, weil er n\u00e4mlich D\u00fcnger ist, auf dem etwas wachsen kann, kann man nachvollziehen.<\/p>\n<p>Und der D\u00fcnger f\u00fcr ein gutes neues Schuljahr? Neben Freude am Lernen, Offenheit, guten Freunden und weiterem mehr: auch die Begleitung durch einen, der stets unsichtbar an meiner Seite sein will.<\/p>\n<p>Mit dem Segen Gottes in ein gutes neues Schuljahr!<\/p>\n<p style=\"text-align: center;\"><a href=\"https:\/\/armin-knab-gymnasium.de\/Home\/wp-content\/uploads\/2018\/09\/IMG_8585.jpg\"><img loading=\"lazy\" decoding=\"async\" class=\"alignnone size-medium wp-image-4716\" src=\"https:\/\/armin-knab-gymnasium.de\/Home\/wp-content\/uploads\/2018\/09\/IMG_8585-225x300.jpg\" alt=\"\" width=\"225\" height=\"300\" srcset=\"https:\/\/armin-knab-gymnasium.de\/Home\/wp-content\/uploads\/2018\/09\/IMG_8585-225x300.jpg 225w, https:\/\/armin-knab-gymnasium.de\/Home\/wp-content\/uploads\/2018\/09\/IMG_8585.jpg 480w\" sizes=\"auto, (max-width: 225px) 100vw, 225px\" \/><\/a><\/p>\n","protected":false},"excerpt":{"rendered":"<p>Herr Pfarrer Tr\u00f6ge mit einer Schubkarre voller Mist in der Kirche?! Unsere Gottesdienste sind immer wieder f\u00fcr \u00dcberraschungen gut. Dass &#8222;alles Mist&#8220; ist, vor allem, dass die Schule wieder losgeht&#8230; <a href=\"https:\/\/armin-knab-gymnasium.de\/Home\/2018\/09\/19\/auf-meinem-mist-gewachsen-schulanfangsgottesdienst-2018\/\">weiterlesen &raquo;<\/a><\/p>\n","protected":false},"author":1002,"featured_media":4715,"comment_status":"closed","ping_status":"closed","sticky":false,"template":"","format":"standard","meta":{"ghostkit_customizer_options":"","ghostkit_custom_css":"","ghostkit_custom_js_head":"","ghostkit_custom_js_foot":"","ghostkit_typography":"","footnotes":""},"categories":[73,88,130],"tags":[],"coauthors":[104],"class_list":["post-4707","post","type-post","status-publish","format-standard","has-post-thumbnail","hentry","category-aktuelles","category-religion","category-religioeses-leben"],"yoast_head":"<!-- This site is optimized with the Yoast SEO plugin v27.5 - https:\/\/yoast.com\/product\/yoast-seo-wordpress\/ -->\n<title>&quot;... auf meinem Mist gewachsen&quot; - Schulanfangsgottesdienst 2018 - Armin-Knab-Gymnasium Kitzingen<\/title>\n<meta name=\"robots\" content=\"index, follow, max-snippet:-1, max-image-preview:large, max-video-preview:-1\" \/>\n<link rel=\"canonical\" href=\"https:\/\/armin-knab-gymnasium.de\/Home\/2018\/09\/19\/auf-meinem-mist-gewachsen-schulanfangsgottesdienst-2018\/\" \/>\n<meta property=\"og:locale\" content=\"de_DE\" \/>\n<meta property=\"og:type\" content=\"article\" \/>\n<meta property=\"og:title\" content=\"&quot;... auf meinem Mist gewachsen&quot; - Schulanfangsgottesdienst 2018 - Armin-Knab-Gymnasium Kitzingen\" \/>\n<meta property=\"og:description\" content=\"Herr Pfarrer Tr\u00f6ge mit einer Schubkarre voller Mist in der Kirche?! Unsere Gottesdienste sind immer wieder f\u00fcr \u00dcberraschungen gut. Dass &#8222;alles Mist&#8220; ist, vor allem, dass die Schule wieder losgeht... weiterlesen &raquo;\" \/>\n<meta property=\"og:url\" content=\"https:\/\/armin-knab-gymnasium.de\/Home\/2018\/09\/19\/auf-meinem-mist-gewachsen-schulanfangsgottesdienst-2018\/\" \/>\n<meta property=\"og:site_name\" content=\"Armin-Knab-Gymnasium Kitzingen\" \/>\n<meta property=\"article:published_time\" content=\"2018-09-19T08:28:33+00:00\" \/>\n<meta property=\"article:modified_time\" content=\"2018-09-19T09:24:35+00:00\" \/>\n<meta property=\"og:image\" content=\"https:\/\/armin-knab-gymnasium.de\/Home\/wp-content\/uploads\/2018\/09\/IMG_8583.jpg\" \/>\n\t<meta property=\"og:image:width\" content=\"640\" \/>\n\t<meta property=\"og:image:height\" content=\"480\" \/>\n\t<meta property=\"og:image:type\" content=\"image\/jpeg\" \/>\n<meta name=\"author\" content=\"Anette Gerhard\" \/>\n<meta name=\"twitter:card\" content=\"summary_large_image\" \/>\n<meta name=\"twitter:label1\" content=\"Verfasst von\" \/>\n\t<meta name=\"twitter:data1\" content=\"Anette Gerhard\" \/>\n\t<meta name=\"twitter:label2\" content=\"Gesch\u00e4tzte Lesezeit\" \/>\n\t<meta name=\"twitter:data2\" content=\"1\u00a0Minute\" \/>\n\t<meta name=\"twitter:label3\" content=\"Written by\" \/>\n\t<meta name=\"twitter:data3\" content=\"Anette Gerhard\" \/>\n<script type=\"application\/ld+json\" class=\"yoast-schema-graph\">{\"@context\":\"https:\\\/\\\/schema.org\",\"@graph\":[{\"@type\":\"Article\",\"@id\":\"https:\\\/\\\/armin-knab-gymnasium.de\\\/Home\\\/2018\\\/09\\\/19\\\/auf-meinem-mist-gewachsen-schulanfangsgottesdienst-2018\\\/#article\",\"isPartOf\":{\"@id\":\"https:\\\/\\\/armin-knab-gymnasium.de\\\/Home\\\/2018\\\/09\\\/19\\\/auf-meinem-mist-gewachsen-schulanfangsgottesdienst-2018\\\/\"},\"author\":{\"name\":\"Anette Gerhard\",\"@id\":\"https:\\\/\\\/armin-knab-gymnasium.de\\\/Home\\\/#\\\/schema\\\/person\\\/dca04432af2debe41f152198d65a304b\"},\"headline\":\"&#8222;&#8230; auf meinem Mist gewachsen&#8220; &#8211; Schulanfangsgottesdienst 2018\",\"datePublished\":\"2018-09-19T08:28:33+00:00\",\"dateModified\":\"2018-09-19T09:24:35+00:00\",\"mainEntityOfPage\":{\"@id\":\"https:\\\/\\\/armin-knab-gymnasium.de\\\/Home\\\/2018\\\/09\\\/19\\\/auf-meinem-mist-gewachsen-schulanfangsgottesdienst-2018\\\/\"},\"wordCount\":109,\"publisher\":{\"@id\":\"https:\\\/\\\/armin-knab-gymnasium.de\\\/Home\\\/#organization\"},\"image\":{\"@id\":\"https:\\\/\\\/armin-knab-gymnasium.de\\\/Home\\\/2018\\\/09\\\/19\\\/auf-meinem-mist-gewachsen-schulanfangsgottesdienst-2018\\\/#primaryimage\"},\"thumbnailUrl\":\"https:\\\/\\\/armin-knab-gymnasium.de\\\/Home\\\/wp-content\\\/uploads\\\/2018\\\/09\\\/IMG_8583.jpg\",\"articleSection\":[\"Aktuelles\",\"Religion\",\"Religi\u00f6ses Leben\"],\"inLanguage\":\"de\"},{\"@type\":\"WebPage\",\"@id\":\"https:\\\/\\\/armin-knab-gymnasium.de\\\/Home\\\/2018\\\/09\\\/19\\\/auf-meinem-mist-gewachsen-schulanfangsgottesdienst-2018\\\/\",\"url\":\"https:\\\/\\\/armin-knab-gymnasium.de\\\/Home\\\/2018\\\/09\\\/19\\\/auf-meinem-mist-gewachsen-schulanfangsgottesdienst-2018\\\/\",\"name\":\"\\\"... auf meinem Mist gewachsen\\\" - Schulanfangsgottesdienst 2018 - Armin-Knab-Gymnasium Kitzingen\",\"isPartOf\":{\"@id\":\"https:\\\/\\\/armin-knab-gymnasium.de\\\/Home\\\/#website\"},\"primaryImageOfPage\":{\"@id\":\"https:\\\/\\\/armin-knab-gymnasium.de\\\/Home\\\/2018\\\/09\\\/19\\\/auf-meinem-mist-gewachsen-schulanfangsgottesdienst-2018\\\/#primaryimage\"},\"image\":{\"@id\":\"https:\\\/\\\/armin-knab-gymnasium.de\\\/Home\\\/2018\\\/09\\\/19\\\/auf-meinem-mist-gewachsen-schulanfangsgottesdienst-2018\\\/#primaryimage\"},\"thumbnailUrl\":\"https:\\\/\\\/armin-knab-gymnasium.de\\\/Home\\\/wp-content\\\/uploads\\\/2018\\\/09\\\/IMG_8583.jpg\",\"datePublished\":\"2018-09-19T08:28:33+00:00\",\"dateModified\":\"2018-09-19T09:24:35+00:00\",\"breadcrumb\":{\"@id\":\"https:\\\/\\\/armin-knab-gymnasium.de\\\/Home\\\/2018\\\/09\\\/19\\\/auf-meinem-mist-gewachsen-schulanfangsgottesdienst-2018\\\/#breadcrumb\"},\"inLanguage\":\"de\",\"potentialAction\":[{\"@type\":\"ReadAction\",\"target\":[\"https:\\\/\\\/armin-knab-gymnasium.de\\\/Home\\\/2018\\\/09\\\/19\\\/auf-meinem-mist-gewachsen-schulanfangsgottesdienst-2018\\\/\"]}]},{\"@type\":\"ImageObject\",\"inLanguage\":\"de\",\"@id\":\"https:\\\/\\\/armin-knab-gymnasium.de\\\/Home\\\/2018\\\/09\\\/19\\\/auf-meinem-mist-gewachsen-schulanfangsgottesdienst-2018\\\/#primaryimage\",\"url\":\"https:\\\/\\\/armin-knab-gymnasium.de\\\/Home\\\/wp-content\\\/uploads\\\/2018\\\/09\\\/IMG_8583.jpg\",\"contentUrl\":\"https:\\\/\\\/armin-knab-gymnasium.de\\\/Home\\\/wp-content\\\/uploads\\\/2018\\\/09\\\/IMG_8583.jpg\",\"width\":640,\"height\":480},{\"@type\":\"BreadcrumbList\",\"@id\":\"https:\\\/\\\/armin-knab-gymnasium.de\\\/Home\\\/2018\\\/09\\\/19\\\/auf-meinem-mist-gewachsen-schulanfangsgottesdienst-2018\\\/#breadcrumb\",\"itemListElement\":[{\"@type\":\"ListItem\",\"position\":1,\"name\":\"Startseite\",\"item\":\"https:\\\/\\\/armin-knab-gymnasium.de\\\/Home\\\/\"},{\"@type\":\"ListItem\",\"position\":2,\"name\":\"&#8222;&#8230; auf meinem Mist gewachsen&#8220; &#8211; Schulanfangsgottesdienst 2018\"}]},{\"@type\":\"WebSite\",\"@id\":\"https:\\\/\\\/armin-knab-gymnasium.de\\\/Home\\\/#website\",\"url\":\"https:\\\/\\\/armin-knab-gymnasium.de\\\/Home\\\/\",\"name\":\"Armin-Knab-Gymnasium Kitzingen\",\"description\":\"Naturwissenschaftlich-technologisches und sprachliches Gymnasium\",\"publisher\":{\"@id\":\"https:\\\/\\\/armin-knab-gymnasium.de\\\/Home\\\/#organization\"},\"potentialAction\":[{\"@type\":\"SearchAction\",\"target\":{\"@type\":\"EntryPoint\",\"urlTemplate\":\"https:\\\/\\\/armin-knab-gymnasium.de\\\/Home\\\/?s={search_term_string}\"},\"query-input\":{\"@type\":\"PropertyValueSpecification\",\"valueRequired\":true,\"valueName\":\"search_term_string\"}}],\"inLanguage\":\"de\"},{\"@type\":\"Organization\",\"@id\":\"https:\\\/\\\/armin-knab-gymnasium.de\\\/Home\\\/#organization\",\"name\":\"Armin-Knab-Gymnasium Kitzingen\",\"url\":\"https:\\\/\\\/armin-knab-gymnasium.de\\\/Home\\\/\",\"logo\":{\"@type\":\"ImageObject\",\"inLanguage\":\"de\",\"@id\":\"https:\\\/\\\/armin-knab-gymnasium.de\\\/Home\\\/#\\\/schema\\\/logo\\\/image\\\/\",\"url\":\"https:\\\/\\\/armin-knab-gymnasium.de\\\/Home\\\/wp-content\\\/uploads\\\/2016\\\/11\\\/LogoIcon.png\",\"contentUrl\":\"https:\\\/\\\/armin-knab-gymnasium.de\\\/Home\\\/wp-content\\\/uploads\\\/2016\\\/11\\\/LogoIcon.png\",\"width\":512,\"height\":512,\"caption\":\"Armin-Knab-Gymnasium Kitzingen\"},\"image\":{\"@id\":\"https:\\\/\\\/armin-knab-gymnasium.de\\\/Home\\\/#\\\/schema\\\/logo\\\/image\\\/\"}},{\"@type\":\"Person\",\"@id\":\"https:\\\/\\\/armin-knab-gymnasium.de\\\/Home\\\/#\\\/schema\\\/person\\\/dca04432af2debe41f152198d65a304b\",\"name\":\"Anette Gerhard\",\"image\":{\"@type\":\"ImageObject\",\"inLanguage\":\"de\",\"@id\":\"https:\\\/\\\/secure.gravatar.com\\\/avatar\\\/8e7625a22249a6d75b8d9d049422a3ce675f16161cf20cab7db0d86ef4c7cfb4?s=96&d=mm&r=g1009b082780f63f2e7bc9cb9810159f8\",\"url\":\"https:\\\/\\\/secure.gravatar.com\\\/avatar\\\/8e7625a22249a6d75b8d9d049422a3ce675f16161cf20cab7db0d86ef4c7cfb4?s=96&d=mm&r=g\",\"contentUrl\":\"https:\\\/\\\/secure.gravatar.com\\\/avatar\\\/8e7625a22249a6d75b8d9d049422a3ce675f16161cf20cab7db0d86ef4c7cfb4?s=96&d=mm&r=g\",\"caption\":\"Anette Gerhard\"},\"sameAs\":[\"https:\\\/\\\/armin-knab-gymnasium.de\\\/Home\"],\"url\":\"https:\\\/\\\/armin-knab-gymnasium.de\\\/Home\\\/author\\\/ger\\\/\"}]}<\/script>\n<!-- \/ Yoast SEO plugin. -->","yoast_head_json":{"title":"\"... auf meinem Mist gewachsen\" - Schulanfangsgottesdienst 2018 - Armin-Knab-Gymnasium Kitzingen","robots":{"index":"index","follow":"follow","max-snippet":"max-snippet:-1","max-image-preview":"max-image-preview:large","max-video-preview":"max-video-preview:-1"},"canonical":"https:\/\/armin-knab-gymnasium.de\/Home\/2018\/09\/19\/auf-meinem-mist-gewachsen-schulanfangsgottesdienst-2018\/","og_locale":"de_DE","og_type":"article","og_title":"\"... auf meinem Mist gewachsen\" - Schulanfangsgottesdienst 2018 - Armin-Knab-Gymnasium Kitzingen","og_description":"Herr Pfarrer Tr\u00f6ge mit einer Schubkarre voller Mist in der Kirche?! Unsere Gottesdienste sind immer wieder f\u00fcr \u00dcberraschungen gut. Dass &#8222;alles Mist&#8220; ist, vor allem, dass die Schule wieder losgeht... weiterlesen &raquo;","og_url":"https:\/\/armin-knab-gymnasium.de\/Home\/2018\/09\/19\/auf-meinem-mist-gewachsen-schulanfangsgottesdienst-2018\/","og_site_name":"Armin-Knab-Gymnasium Kitzingen","article_published_time":"2018-09-19T08:28:33+00:00","article_modified_time":"2018-09-19T09:24:35+00:00","og_image":[{"width":640,"height":480,"url":"https:\/\/armin-knab-gymnasium.de\/Home\/wp-content\/uploads\/2018\/09\/IMG_8583.jpg","type":"image\/jpeg"}],"author":"Anette Gerhard","twitter_card":"summary_large_image","twitter_misc":{"Verfasst von":"Anette Gerhard","Gesch\u00e4tzte Lesezeit":"1\u00a0Minute","Written by":"Anette Gerhard"},"schema":{"@context":"https:\/\/schema.org","@graph":[{"@type":"Article","@id":"https:\/\/armin-knab-gymnasium.de\/Home\/2018\/09\/19\/auf-meinem-mist-gewachsen-schulanfangsgottesdienst-2018\/#article","isPartOf":{"@id":"https:\/\/armin-knab-gymnasium.de\/Home\/2018\/09\/19\/auf-meinem-mist-gewachsen-schulanfangsgottesdienst-2018\/"},"author":{"name":"Anette Gerhard","@id":"https:\/\/armin-knab-gymnasium.de\/Home\/#\/schema\/person\/dca04432af2debe41f152198d65a304b"},"headline":"&#8222;&#8230; auf meinem Mist gewachsen&#8220; &#8211; Schulanfangsgottesdienst 2018","datePublished":"2018-09-19T08:28:33+00:00","dateModified":"2018-09-19T09:24:35+00:00","mainEntityOfPage":{"@id":"https:\/\/armin-knab-gymnasium.de\/Home\/2018\/09\/19\/auf-meinem-mist-gewachsen-schulanfangsgottesdienst-2018\/"},"wordCount":109,"publisher":{"@id":"https:\/\/armin-knab-gymnasium.de\/Home\/#organization"},"image":{"@id":"https:\/\/armin-knab-gymnasium.de\/Home\/2018\/09\/19\/auf-meinem-mist-gewachsen-schulanfangsgottesdienst-2018\/#primaryimage"},"thumbnailUrl":"https:\/\/armin-knab-gymnasium.de\/Home\/wp-content\/uploads\/2018\/09\/IMG_8583.jpg","articleSection":["Aktuelles","Religion","Religi\u00f6ses Leben"],"inLanguage":"de"},{"@type":"WebPage","@id":"https:\/\/armin-knab-gymnasium.de\/Home\/2018\/09\/19\/auf-meinem-mist-gewachsen-schulanfangsgottesdienst-2018\/","url":"https:\/\/armin-knab-gymnasium.de\/Home\/2018\/09\/19\/auf-meinem-mist-gewachsen-schulanfangsgottesdienst-2018\/","name":"\"... auf meinem Mist gewachsen\" - Schulanfangsgottesdienst 2018 - Armin-Knab-Gymnasium Kitzingen","isPartOf":{"@id":"https:\/\/armin-knab-gymnasium.de\/Home\/#website"},"primaryImageOfPage":{"@id":"https:\/\/armin-knab-gymnasium.de\/Home\/2018\/09\/19\/auf-meinem-mist-gewachsen-schulanfangsgottesdienst-2018\/#primaryimage"},"image":{"@id":"https:\/\/armin-knab-gymnasium.de\/Home\/2018\/09\/19\/auf-meinem-mist-gewachsen-schulanfangsgottesdienst-2018\/#primaryimage"},"thumbnailUrl":"https:\/\/armin-knab-gymnasium.de\/Home\/wp-content\/uploads\/2018\/09\/IMG_8583.jpg","datePublished":"2018-09-19T08:28:33+00:00","dateModified":"2018-09-19T09:24:35+00:00","breadcrumb":{"@id":"https:\/\/armin-knab-gymnasium.de\/Home\/2018\/09\/19\/auf-meinem-mist-gewachsen-schulanfangsgottesdienst-2018\/#breadcrumb"},"inLanguage":"de","potentialAction":[{"@type":"ReadAction","target":["https:\/\/armin-knab-gymnasium.de\/Home\/2018\/09\/19\/auf-meinem-mist-gewachsen-schulanfangsgottesdienst-2018\/"]}]},{"@type":"ImageObject","inLanguage":"de","@id":"https:\/\/armin-knab-gymnasium.de\/Home\/2018\/09\/19\/auf-meinem-mist-gewachsen-schulanfangsgottesdienst-2018\/#primaryimage","url":"https:\/\/armin-knab-gymnasium.de\/Home\/wp-content\/uploads\/2018\/09\/IMG_8583.jpg","contentUrl":"https:\/\/armin-knab-gymnasium.de\/Home\/wp-content\/uploads\/2018\/09\/IMG_8583.jpg","width":640,"height":480},{"@type":"BreadcrumbList","@id":"https:\/\/armin-knab-gymnasium.de\/Home\/2018\/09\/19\/auf-meinem-mist-gewachsen-schulanfangsgottesdienst-2018\/#breadcrumb","itemListElement":[{"@type":"ListItem","position":1,"name":"Startseite","item":"https:\/\/armin-knab-gymnasium.de\/Home\/"},{"@type":"ListItem","position":2,"name":"&#8222;&#8230; auf meinem Mist gewachsen&#8220; &#8211; Schulanfangsgottesdienst 2018"}]},{"@type":"WebSite","@id":"https:\/\/armin-knab-gymnasium.de\/Home\/#website","url":"https:\/\/armin-knab-gymnasium.de\/Home\/","name":"Armin-Knab-Gymnasium Kitzingen","description":"Naturwissenschaftlich-technologisches und sprachliches Gymnasium","publisher":{"@id":"https:\/\/armin-knab-gymnasium.de\/Home\/#organization"},"potentialAction":[{"@type":"SearchAction","target":{"@type":"EntryPoint","urlTemplate":"https:\/\/armin-knab-gymnasium.de\/Home\/?s={search_term_string}"},"query-input":{"@type":"PropertyValueSpecification","valueRequired":true,"valueName":"search_term_string"}}],"inLanguage":"de"},{"@type":"Organization","@id":"https:\/\/armin-knab-gymnasium.de\/Home\/#organization","name":"Armin-Knab-Gymnasium Kitzingen","url":"https:\/\/armin-knab-gymnasium.de\/Home\/","logo":{"@type":"ImageObject","inLanguage":"de","@id":"https:\/\/armin-knab-gymnasium.de\/Home\/#\/schema\/logo\/image\/","url":"https:\/\/armin-knab-gymnasium.de\/Home\/wp-content\/uploads\/2016\/11\/LogoIcon.png","contentUrl":"https:\/\/armin-knab-gymnasium.de\/Home\/wp-content\/uploads\/2016\/11\/LogoIcon.png","width":512,"height":512,"caption":"Armin-Knab-Gymnasium Kitzingen"},"image":{"@id":"https:\/\/armin-knab-gymnasium.de\/Home\/#\/schema\/logo\/image\/"}},{"@type":"Person","@id":"https:\/\/armin-knab-gymnasium.de\/Home\/#\/schema\/person\/dca04432af2debe41f152198d65a304b","name":"Anette Gerhard","image":{"@type":"ImageObject","inLanguage":"de","@id":"https:\/\/secure.gravatar.com\/avatar\/8e7625a22249a6d75b8d9d049422a3ce675f16161cf20cab7db0d86ef4c7cfb4?s=96&d=mm&r=g1009b082780f63f2e7bc9cb9810159f8","url":"https:\/\/secure.gravatar.com\/avatar\/8e7625a22249a6d75b8d9d049422a3ce675f16161cf20cab7db0d86ef4c7cfb4?s=96&d=mm&r=g","contentUrl":"https:\/\/secure.gravatar.com\/avatar\/8e7625a22249a6d75b8d9d049422a3ce675f16161cf20cab7db0d86ef4c7cfb4?s=96&d=mm&r=g","caption":"Anette Gerhard"},"sameAs":["https:\/\/armin-knab-gymnasium.de\/Home"],"url":"https:\/\/armin-knab-gymnasium.de\/Home\/author\/ger\/"}]}},"publishpress_future_action":{"enabled":false,"date":"2026-05-08 11:35:39","action":"change-status","newStatus":"draft","terms":[],"taxonomy":"category","extraData":[]},"publishpress_future_workflow_manual_trigger":{"enabledWorkflows":[]},"_links":{"self":[{"href":"https:\/\/armin-knab-gymnasium.de\/Home\/wp-json\/wp\/v2\/posts\/4707","targetHints":{"allow":["GET"]}}],"collection":[{"href":"https:\/\/armin-knab-gymnasium.de\/Home\/wp-json\/wp\/v2\/posts"}],"about":[{"href":"https:\/\/armin-knab-gymnasium.de\/Home\/wp-json\/wp\/v2\/types\/post"}],"author":[{"embeddable":true,"href":"https:\/\/armin-knab-gymnasium.de\/Home\/wp-json\/wp\/v2\/users\/1002"}],"replies":[{"embeddable":true,"href":"https:\/\/armin-knab-gymnasium.de\/Home\/wp-json\/wp\/v2\/comments?post=4707"}],"version-history":[{"count":4,"href":"https:\/\/armin-knab-gymnasium.de\/Home\/wp-json\/wp\/v2\/posts\/4707\/revisions"}],"predecessor-version":[{"id":4717,"href":"https:\/\/armin-knab-gymnasium.de\/Home\/wp-json\/wp\/v2\/posts\/4707\/revisions\/4717"}],"wp:featuredmedia":[{"embeddable":true,"href":"https:\/\/armin-knab-gymnasium.de\/Home\/wp-json\/wp\/v2\/media\/4715"}],"wp:attachment":[{"href":"https:\/\/armin-knab-gymnasium.de\/Home\/wp-json\/wp\/v2\/media?parent=4707"}],"wp:term":[{"taxonomy":"category","embeddable":true,"href":"https:\/\/armin-knab-gymnasium.de\/Home\/wp-json\/wp\/v2\/categories?post=4707"},{"taxonomy":"post_tag","embeddable":true,"href":"https:\/\/armin-knab-gymnasium.de\/Home\/wp-json\/wp\/v2\/tags?post=4707"},{"taxonomy":"author","embeddable":true,"href":"https:\/\/armin-knab-gymnasium.de\/Home\/wp-json\/wp\/v2\/coauthors?post=4707"}],"curies":[{"name":"wp","href":"https:\/\/api.w.org\/{rel}","templated":true}]}}