{"id":4795,"date":"2019-10-20T09:00:40","date_gmt":"2019-10-20T07:00:40","guid":{"rendered":"http:\/\/armin-knab-gymnasium.de\/Home\/?p=4795"},"modified":"2022-04-26T08:57:29","modified_gmt":"2022-04-26T06:57:29","slug":"alpenueberquerung-ein-blog","status":"publish","type":"post","link":"https:\/\/armin-knab-gymnasium.de\/Home\/2019\/10\/20\/alpenueberquerung-ein-blog\/","title":{"rendered":"Alpen\u00fcberquerung &#8211; Ein Blog"},"content":{"rendered":"<h1><strong> <a href=\"https:\/\/armin-knab-gymnasium.de\/Home\/wp-content\/uploads\/2019\/10\/Thumbnail-1-Cropped-1.jpg\"><img loading=\"lazy\" decoding=\"async\" class=\"alignnone wp-image-6349\" src=\"https:\/\/armin-knab-gymnasium.de\/Home\/wp-content\/uploads\/2019\/10\/Thumbnail-1-Cropped-1-300x169.jpg\" alt=\"\" width=\"572\" height=\"322\" srcset=\"https:\/\/armin-knab-gymnasium.de\/Home\/wp-content\/uploads\/2019\/10\/Thumbnail-1-Cropped-1-300x169.jpg 300w, https:\/\/armin-knab-gymnasium.de\/Home\/wp-content\/uploads\/2019\/10\/Thumbnail-1-Cropped-1-768x432.jpg 768w, https:\/\/armin-knab-gymnasium.de\/Home\/wp-content\/uploads\/2019\/10\/Thumbnail-1-Cropped-1-1024x576.jpg 1024w, https:\/\/armin-knab-gymnasium.de\/Home\/wp-content\/uploads\/2019\/10\/Thumbnail-1-Cropped-1-624x351.jpg 624w\" sizes=\"auto, (max-width: 572px) 100vw, 572px\" \/><\/a><\/strong><\/h1>\n<h1>Informationsabend bildet den Abschluss des Seminars<\/h1>\n<p>Mit unserem Informationsabend haben wir unser Seminar beendet. Gemeinsam mit \u00fcber 100 G\u00e4sten durchlebten wir unser Abenteuer ein zweites Mal. Eine Pr\u00e4sentation von Bastian Bank und Julius Streun erkl\u00e4rte den Sponsoren, Eltern und Freunden, wie man bei der Erarbeitung der \u00dcberquerung vorgegangen ist und wie der Ablauf der einzelnen Tage verlief. Anschlie\u00dfend lieferten Luis Schmidt und Denis Hoffmann in ihrem selbstgedrehten Film tolle Eindr\u00fccke aus der Bergwelt der Alpen. Bei frischen Bratw\u00fcrsten, Snacks und k\u00fchlen Getr\u00e4nken fand der Abend in gem\u00fctlicher Runde seinen Ausklang.<\/p>\n<p><a href=\"https:\/\/armin-knab-gymnasium.de\/Home\/wp-content\/uploads\/2019\/10\/DSC02260.jpg\"><img loading=\"lazy\" decoding=\"async\" class=\"alignnone size-medium wp-image-6345\" src=\"https:\/\/armin-knab-gymnasium.de\/Home\/wp-content\/uploads\/2019\/10\/DSC02260-300x200.jpg\" alt=\"\" width=\"300\" height=\"200\" srcset=\"https:\/\/armin-knab-gymnasium.de\/Home\/wp-content\/uploads\/2019\/10\/DSC02260-300x200.jpg 300w, https:\/\/armin-knab-gymnasium.de\/Home\/wp-content\/uploads\/2019\/10\/DSC02260-768x512.jpg 768w, https:\/\/armin-knab-gymnasium.de\/Home\/wp-content\/uploads\/2019\/10\/DSC02260-1024x683.jpg 1024w, https:\/\/armin-knab-gymnasium.de\/Home\/wp-content\/uploads\/2019\/10\/DSC02260-624x416.jpg 624w\" sizes=\"auto, (max-width: 300px) 100vw, 300px\" \/> \u00a0 \u00a0 <\/a><a href=\"https:\/\/armin-knab-gymnasium.de\/Home\/wp-content\/uploads\/2019\/10\/DSC02279.jpg\"><img loading=\"lazy\" decoding=\"async\" class=\"alignnone size-medium wp-image-6346\" src=\"https:\/\/armin-knab-gymnasium.de\/Home\/wp-content\/uploads\/2019\/10\/DSC02279-300x200.jpg\" alt=\"\" width=\"300\" height=\"200\" srcset=\"https:\/\/armin-knab-gymnasium.de\/Home\/wp-content\/uploads\/2019\/10\/DSC02279-300x200.jpg 300w, https:\/\/armin-knab-gymnasium.de\/Home\/wp-content\/uploads\/2019\/10\/DSC02279-768x512.jpg 768w, https:\/\/armin-knab-gymnasium.de\/Home\/wp-content\/uploads\/2019\/10\/DSC02279-1024x683.jpg 1024w, https:\/\/armin-knab-gymnasium.de\/Home\/wp-content\/uploads\/2019\/10\/DSC02279-624x416.jpg 624w\" sizes=\"auto, (max-width: 300px) 100vw, 300px\" \/><\/a><\/p>\n<p><a href=\"https:\/\/armin-knab-gymnasium.de\/Home\/wp-content\/uploads\/2019\/10\/DSC02309.jpg\"><img loading=\"lazy\" decoding=\"async\" class=\"alignnone size-medium wp-image-6347\" src=\"https:\/\/armin-knab-gymnasium.de\/Home\/wp-content\/uploads\/2019\/10\/DSC02309-300x200.jpg\" alt=\"\" width=\"300\" height=\"200\" srcset=\"https:\/\/armin-knab-gymnasium.de\/Home\/wp-content\/uploads\/2019\/10\/DSC02309-300x200.jpg 300w, https:\/\/armin-knab-gymnasium.de\/Home\/wp-content\/uploads\/2019\/10\/DSC02309-768x512.jpg 768w, https:\/\/armin-knab-gymnasium.de\/Home\/wp-content\/uploads\/2019\/10\/DSC02309-1024x683.jpg 1024w, https:\/\/armin-knab-gymnasium.de\/Home\/wp-content\/uploads\/2019\/10\/DSC02309-624x416.jpg 624w\" sizes=\"auto, (max-width: 300px) 100vw, 300px\" \/> \u00a0 \u00a0\u00a0 <\/a><a href=\"https:\/\/armin-knab-gymnasium.de\/Home\/wp-content\/uploads\/2019\/10\/DSC02315.jpg\"><img loading=\"lazy\" decoding=\"async\" class=\"alignnone size-medium wp-image-6348\" src=\"https:\/\/armin-knab-gymnasium.de\/Home\/wp-content\/uploads\/2019\/10\/DSC02315-300x200.jpg\" alt=\"\" width=\"300\" height=\"200\" srcset=\"https:\/\/armin-knab-gymnasium.de\/Home\/wp-content\/uploads\/2019\/10\/DSC02315-300x200.jpg 300w, https:\/\/armin-knab-gymnasium.de\/Home\/wp-content\/uploads\/2019\/10\/DSC02315-768x512.jpg 768w, https:\/\/armin-knab-gymnasium.de\/Home\/wp-content\/uploads\/2019\/10\/DSC02315-1024x683.jpg 1024w, https:\/\/armin-knab-gymnasium.de\/Home\/wp-content\/uploads\/2019\/10\/DSC02315-624x416.jpg 624w\" sizes=\"auto, (max-width: 300px) 100vw, 300px\" \/><\/a><\/p>\n<p>Den Film kann man unter folgendem Link ansehen:<\/p>\n<p><iframe loading=\"lazy\" title=\"Alpen\u00fcberquerung 2019 - Von der Zugspitze bis nach Italien | P-Seminar des AKG Kitzingen\" width=\"625\" height=\"352\" src=\"https:\/\/www.youtube.com\/embed\/xGg3wWk8Flk?feature=oembed\" frameborder=\"0\" allow=\"accelerometer; autoplay; clipboard-write; encrypted-media; gyroscope; picture-in-picture; web-share\" referrerpolicy=\"strict-origin-when-cross-origin\" allowfullscreen><\/iframe><\/p>\n<p>&nbsp;<\/p>\n<h1><strong>16.10.2019 <\/strong><\/h1>\n<h1><strong>INFORMATIONSABEND zur <\/strong><strong>\u00a0ALPEN\u00dcBERQUERUNG<\/strong><\/h1>\n<p><strong>-Eintritt frei-<\/strong><\/p>\n<p><strong><a href=\"https:\/\/armin-knab-gymnasium.de\/Home\/wp-content\/uploads\/2019\/05\/IMG-20190619-WA0018.jpg\"><img loading=\"lazy\" decoding=\"async\" class=\"alignnone wp-image-5962\" src=\"https:\/\/armin-knab-gymnasium.de\/Home\/wp-content\/uploads\/2019\/05\/IMG-20190619-WA0018-300x159.jpg\" alt=\"\" width=\"438\" height=\"232\" srcset=\"https:\/\/armin-knab-gymnasium.de\/Home\/wp-content\/uploads\/2019\/05\/IMG-20190619-WA0018-300x159.jpg 300w, https:\/\/armin-knab-gymnasium.de\/Home\/wp-content\/uploads\/2019\/05\/IMG-20190619-WA0018-768x408.jpg 768w, https:\/\/armin-knab-gymnasium.de\/Home\/wp-content\/uploads\/2019\/05\/IMG-20190619-WA0018-1024x544.jpg 1024w, https:\/\/armin-knab-gymnasium.de\/Home\/wp-content\/uploads\/2019\/05\/IMG-20190619-WA0018-624x332.jpg 624w, https:\/\/armin-knab-gymnasium.de\/Home\/wp-content\/uploads\/2019\/05\/IMG-20190619-WA0018.jpg 1600w\" sizes=\"auto, (max-width: 438px) 100vw, 438px\" \/><\/a><\/strong><\/p>\n<p style=\"text-align: left;\">Lange Zeit konnte man die Dokumentation der Alpen\u00fcberquerung nur auf Instagram verfolgen. Doch nun ist es so weit. Wir haben im Sommer unser Ziel erreicht und sind von Garmisch nach Moos (S\u00fcdtriol) gewandert.<\/p>\n<p><a href=\"https:\/\/armin-knab-gymnasium.de\/Home\/wp-content\/uploads\/2019\/05\/DSC_0826.jpg\"><img loading=\"lazy\" decoding=\"async\" class=\"alignnone size-medium wp-image-5961\" src=\"https:\/\/armin-knab-gymnasium.de\/Home\/wp-content\/uploads\/2019\/05\/DSC_0826-300x200.jpg\" alt=\"\" width=\"300\" height=\"200\" srcset=\"https:\/\/armin-knab-gymnasium.de\/Home\/wp-content\/uploads\/2019\/05\/DSC_0826-300x200.jpg 300w, https:\/\/armin-knab-gymnasium.de\/Home\/wp-content\/uploads\/2019\/05\/DSC_0826-768x512.jpg 768w, https:\/\/armin-knab-gymnasium.de\/Home\/wp-content\/uploads\/2019\/05\/DSC_0826-1024x683.jpg 1024w, https:\/\/armin-knab-gymnasium.de\/Home\/wp-content\/uploads\/2019\/05\/DSC_0826-624x416.jpg 624w\" sizes=\"auto, (max-width: 300px) 100vw, 300px\" \/><\/a><\/p>\n<p style=\"text-align: left;\">\u00dcber die Erlebnisse zu dieser Tour\u00a0 findet am 16.10.2019 ab 18:30 der Informationsbend unseres P-Seminars Alpen\u00fcberquerung 2018\/19 in der Aula des Armin-Knab-Gymnasiums\u00a0 (Kanzler-St\u00fcrtzel-Stra\u00dfe 15, 97318 Kitzingen) statt.<\/p>\n<p>Wir m\u00f6chten durch eindrucksvolle Bilder, eine Pr\u00e4sentation und einen selbstgedrehten Film von unserem Abenteuer erz\u00e4hlen.<\/p>\n<p>Im Anschluss stehen wir bei Sekt, selbstgegrillten Bratw\u00fcrsten und Kuchen gerne f\u00fcr Fragen und genauere bzw. weitere Erfahrungsberichte zur Verf\u00fcgung.\u00a0 (Freiwillige Spenden f\u00fcr das Buffet sind willkommen ;-).)<\/p>\n<p>Wir m\u00f6chten Sie und Ihre Familie recht herzlich zu unserer Abendveranstaltung einladen und freuen uns sehr auf Ihr Kommen!<\/p>\n<p>&nbsp;<\/p>\n<h1>17.05.2019: Wanderung zum Schwanberg<\/h1>\n<p>Am Freitagnachmittag\u00a0 trafen wir uns im Rahmen unseres P-Seminars, um vom AKG zum Schwanberg zu wandern. Unter optimalen Bedingungen testeten wir Kondition und Material. Mit z\u00fcgigem Tempo erreichten wir das Cafe am Schwanberg nach 14 km und\u00a0 2h 15min. Damit geht die Vorbereitung auf die Zielgerade. Denn bereits in 4 1\/2 Wochen ist es so weit. Die \u00dcberquerung r\u00fcckt immer n\u00e4her.<\/p>\n<p><a href=\"https:\/\/armin-knab-gymnasium.de\/Home\/wp-content\/uploads\/2019\/02\/IMG-20190518-WA0000.jpg\"><img loading=\"lazy\" decoding=\"async\" class=\"alignnone wp-image-5415\" src=\"https:\/\/armin-knab-gymnasium.de\/Home\/wp-content\/uploads\/2019\/02\/IMG-20190518-WA0000-300x203.jpg\" alt=\"\" width=\"293\" height=\"199\" srcset=\"https:\/\/armin-knab-gymnasium.de\/Home\/wp-content\/uploads\/2019\/02\/IMG-20190518-WA0000-300x203.jpg 300w, https:\/\/armin-knab-gymnasium.de\/Home\/wp-content\/uploads\/2019\/02\/IMG-20190518-WA0000-768x519.jpg 768w, https:\/\/armin-knab-gymnasium.de\/Home\/wp-content\/uploads\/2019\/02\/IMG-20190518-WA0000-1024x692.jpg 1024w, https:\/\/armin-knab-gymnasium.de\/Home\/wp-content\/uploads\/2019\/02\/IMG-20190518-WA0000-624x422.jpg 624w, https:\/\/armin-knab-gymnasium.de\/Home\/wp-content\/uploads\/2019\/02\/IMG-20190518-WA0000.jpg 1600w\" sizes=\"auto, (max-width: 293px) 100vw, 293px\" \/><\/a><\/p>\n<p>&nbsp;<\/p>\n<h1>\u00dcber uns<\/h1>\n<p>Wir sind eine Gruppe von 28 Sch\u00fclern, im Alter von 16-18 Jahren, des Armin-Knab-Gymnasiums Kitzingen. Jeder von uns musste sich f\u00fcr die 11. Klasse ein Projektseminar, das mit in die Abiturqualifikation z\u00e4hlt, entscheiden. Wir entschlossen uns dazu, das Seminar Alpen\u00fcberquerung, welches von zwei unserer Sportlehrer angeboten wurde, zu w\u00e4hlen. Nachdem unsere Gruppe zusammengeschlossen wurde, treffen wir uns seitdem jeden Montag in den geregelten Seminarstunden, um alles genau zu planen. Doch nicht nur schulintern wird flei\u00dfig gearbeitet, auch au\u00dferhalb, sei es bei der\u00a0 Routenplanung, der Erstellung unseres eigenem Instagram-Accounts, Sponsoring-Anfragen oder der Ausarbeitung unseres eigenen Fitness-Plans, wird Hand angelegt. Nun haben wir uns zus\u00e4tzlich f\u00fcr einen Internetblog entschieden, auf dem wir Verschiedenes hochladen werden, einschlie\u00dflich bei unserer Tour.<\/p>\n<p>https:\/\/alpenueberquerung-2019.jimdosite.com\/<\/p>\n<h3 class=\"TextA\"><b>15.02.2019: Film ab auf Kloster Banz<\/b><\/h3>\n<p class=\"TextA\"><a href=\"https:\/\/armin-knab-gymnasium.de\/Home\/wp-content\/uploads\/2019\/01\/DE009A5D-C82C-4D4D-80D6-F186FCED2C4F.jpg\"><img loading=\"lazy\" decoding=\"async\" class=\"alignnone wp-image-5240\" src=\"https:\/\/armin-knab-gymnasium.de\/Home\/wp-content\/uploads\/2019\/01\/DE009A5D-C82C-4D4D-80D6-F186FCED2C4F-300x200.jpg\" alt=\"\" width=\"336\" height=\"224\" srcset=\"https:\/\/armin-knab-gymnasium.de\/Home\/wp-content\/uploads\/2019\/01\/DE009A5D-C82C-4D4D-80D6-F186FCED2C4F-300x200.jpg 300w, https:\/\/armin-knab-gymnasium.de\/Home\/wp-content\/uploads\/2019\/01\/DE009A5D-C82C-4D4D-80D6-F186FCED2C4F-768x512.jpg 768w, https:\/\/armin-knab-gymnasium.de\/Home\/wp-content\/uploads\/2019\/01\/DE009A5D-C82C-4D4D-80D6-F186FCED2C4F-1024x683.jpg 1024w, https:\/\/armin-knab-gymnasium.de\/Home\/wp-content\/uploads\/2019\/01\/DE009A5D-C82C-4D4D-80D6-F186FCED2C4F-624x416.jpg 624w\" sizes=\"auto, (max-width: 336px) 100vw, 336px\" \/><\/a><\/p>\n<p class=\"TextA\">Im Februar ging es f\u00fcr drei Tage auf Kloster Banz. Bei einem Medienseminar der Hanns-Seidel-Stiftung wurde den Sch\u00fclern (und auch den begleitenden Lehrkr\u00e4ften Kathrin F\u00fcrst und Bastian Wander) beigebracht, wie man einen Kurzfilm dreht und sp\u00e4ter schneidet. Dies wollen die Sch\u00fclerinnen und Sch\u00fcler im Juni nutzen, wenn sie zu Fu\u00df die Alpen \u00fcberqueren, um dabei einen Film \u00fcber ihr Abenteuer zu drehen.<\/p>\n<p class=\"TextA\">Am 13. Februar kam die Gruppe im Kloster an. Viel Zeit, die atemberaubende Umgebung zu genie\u00dfen, blieb zun\u00e4chst aber nicht. Denn nach dem Essen ging es sofort mit dem Programm los.Die drei professionellen Referenten, Helmut G\u00f6b, Thorsten Wiesmer und Hans-Peter K\u00f6nig, brachten den Teilnehmerinnen und Teilnehmern zun\u00e4chst die Theorie des Filmdrehens n\u00e4her. Gespickt mit allerhand Beispielen und Anekdoten war dies alles andere als langweilig. Ger\u00fcstet mit dem neuen Wissen konnten die Sch\u00fclerinnen und Sch\u00fcler tags darauf mit der Praxis loslegen.<\/p>\n<p class=\"TextA\">Am Donnerstag ging es schon fr\u00fch ans Eingemachte: in Kleingruppen machte sich das P-Seminar an den Filmdreh. Es musste auf verschiedene Einstellungen und Perspektiven, Licht und Ton, und Achsenspr\u00fcnge geachtet werden. Au\u00dferdem war allen nach dem Theorieteil des Vortages klar: Zwischenschnitte nicht vergessen! Die Referenten standen mit Rat und Tat zur Seite und zeigten schlie\u00dflich, wie man das Filmmaterial professionell schneiden und mit Musik und Text unterlegen konnte. Wieder wurde bis sp\u00e4tabends gearbeitet, bevor es zur verdienten Entspannung auf die Kegelbahn ging.<\/p>\n<p class=\"TextA\">Am letzten Tag drehte sich schlie\u00dflich alles um die Vorf\u00fchrung und Analyse der gedrehten Kurzfilme. Gespannt konnte jeder sehen, was die anderen Gruppen kreiert hatten. Die Beitr\u00e4ge waren allesamt gelungen: mal humoristisch, mal dramatisch oder im Dokumentarstil. Zus\u00e4tzlich gaben die Referenten jede Menge Tipps, wie das Filmprojekt auf der Alpen\u00fcberquerung gemeistert werden kann. Alles in allem war unser Aufenthalt bei der Hanns-Seidel-Stiftung das absolute Highlight in der Vorbereitung auf das Projekt \u201eAlpen\u00fcberquerung\u201c und dessen Dokumentation.<\/p>\n<h3>15.12.2018: Bratwurstverkauf beim Globus in Kitzingen:<\/h3>\n<p><a href=\"https:\/\/armin-knab-gymnasium.de\/Home\/wp-content\/uploads\/2019\/01\/IMG-20181215-WA0005.jpg\"><img loading=\"lazy\" decoding=\"async\" class=\"alignnone wp-image-5156\" src=\"https:\/\/armin-knab-gymnasium.de\/Home\/wp-content\/uploads\/2019\/01\/IMG-20181215-WA0005-300x225.jpg\" alt=\"\" width=\"260\" height=\"195\" srcset=\"https:\/\/armin-knab-gymnasium.de\/Home\/wp-content\/uploads\/2019\/01\/IMG-20181215-WA0005-300x225.jpg 300w, https:\/\/armin-knab-gymnasium.de\/Home\/wp-content\/uploads\/2019\/01\/IMG-20181215-WA0005-768x576.jpg 768w, https:\/\/armin-knab-gymnasium.de\/Home\/wp-content\/uploads\/2019\/01\/IMG-20181215-WA0005-1024x768.jpg 1024w, https:\/\/armin-knab-gymnasium.de\/Home\/wp-content\/uploads\/2019\/01\/IMG-20181215-WA0005-624x468.jpg 624w, https:\/\/armin-knab-gymnasium.de\/Home\/wp-content\/uploads\/2019\/01\/IMG-20181215-WA0005-240x180.jpg 240w, https:\/\/armin-knab-gymnasium.de\/Home\/wp-content\/uploads\/2019\/01\/IMG-20181215-WA0005.jpg 1600w\" sizes=\"auto, (max-width: 260px) 100vw, 260px\" \/><\/a><br \/>\nAm 15.12.2018 haben wir vor dem Globus in Kitzingen Bratw\u00fcrste verkauft.<br \/>\nIn beiden Schichten zwischen 9:00 und 15:00 grillten wir flei\u00dfig W\u00fcrstchen und haben dadurch einen guten Profit gemacht.<br \/>\nVielen Dank an die W\u00fcrstchengriller und Verk\u00e4ufer und nat\u00fcrlich an das ganze Team. Freut euch auch auf lecker W\u00fcrstchen im M\u00e4rz beim E-Center ;-)!<\/p>\n<h3>5.11.2018: Das gro\u00dfe Backen<\/h3>\n<p>Im Rahmen unseres P-Seminares haben wir f\u00fcr die Alpen\u00fcberquerung nat\u00fcrlich auch einiges an Kosten zu decken und deshalb beschlossen, neben der Unterst\u00fctzung von Sponsoren Kuchen in Schulpausen\u00a0 zu verkaufen, um unser Budget etwas zu erweitern. Gro\u00dfen Dank schon einmal an unser erstes Backteam und deren leckere Kuchen, mit welchen unser erster Verkauf erfolgreich von statten ging. Die Sch\u00fcler des AKG k\u00f6nnen sich zuk\u00fcnftig noch auf weitere von uns gebackene K\u00f6stlichkeiten\u00a0 freuen.<\/p>\n<h3>10.11.2018: Eine Klasse &#8211; ein Gebirge &#8211; ein Ziel<\/h3>\n<p>Inhalt des Zeitungsartikel der Main Post am 10.11.2018:<br \/>\nZehn Tage lang in einsamen H\u00f6hen wandern? \u00dcber zugeschneite Gipfel und bl\u00fchende Bergwiesen und anschlie\u00dfend Kopf an Kopf in Bergh\u00fctten schlafen? Das m\u00f6chte ein Team aus 28 Sch\u00fclern und f\u00fcnf Lehrern im Rahmen ihres Projektseminars \u201cAlpen\u00fcberquerung\u201d Anfang Sommer 2019 in die Tat umsetzen. Die Wanderung beginnt auf der Zugspitze und nimmt ihr Ende in St.Leonard bei Meran. Aktuell befinden sie sich noch in der Vorbereitungsphase, sei es bei der Routenplanung, der Erstellung einer Packliste, Sponsoring-Anfragen oder der Ausarbeitung ihres eigenen Trainingsplans. Auch eine eigene Homepage wurde bereits von den Sch\u00fclern gestartet, die sich Interessenten und m\u00f6gliche Sponsoren ansehen k\u00f6nnen. Sich darauf im Vorfeld vorzubereiten ist aber gar nicht so leicht. Allein schon wegen der Vielzahl an m\u00f6glichen Routen. Zur Planung geh\u00f6rt aber auch m\u00f6gliche Risiken und \u00c4nderungen in Laufe der Wanderung absch\u00e4tzen zu k\u00f6nnen und Alternativen zu finden. Ein gutes Beispiel daf\u00fcr w\u00e4ren die Wetterbedingungen, die sich im alpinen Raum jederzeit \u00e4ndern k\u00f6nnen. Eine ereignisreiche Alpen\u00fcberquerung wird es allemal.<\/p>\n<h3>11.11.2018: Lebkuchenlauf in Kitzingen<\/h3>\n<p>Ausdauer: die brauchen wir nat\u00fcrlich auch f\u00fcr unsere Alpen\u00fcberquerung. Und genau daf\u00fcr eignete sich der 20. Kitzinger Lebkuchenlauf, der am 11.11. stattfand. Mit einem Schildchen f\u00fcr unsere Sponsorensuche meisterten wir, wenn auch als kleines Gr\u00fcppchen, sowohl die 5- als auch die 10-Kilometer-Strecke\u00a0 und konnten so jeweils 4 Lebkuchen erlaufen. Unser n\u00e4chstes Ziel wird der traditionelle VR-Bank-Lauf sein. Und zwar mit vollst\u00e4ndigem\u00a0 Team! Wir freuen uns drauf.<\/p>\n<p>&nbsp;<\/p>\n<p>&nbsp;<\/p>\n","protected":false},"excerpt":{"rendered":"<p>Informationsabend bildet den Abschluss des Seminars Mit unserem Informationsabend haben wir unser Seminar beendet. Gemeinsam mit \u00fcber 100 G\u00e4sten durchlebten wir unser Abenteuer ein zweites Mal. Eine Pr\u00e4sentation von Bastian&#8230; <a href=\"https:\/\/armin-knab-gymnasium.de\/Home\/2019\/10\/20\/alpenueberquerung-ein-blog\/\">weiterlesen &raquo;<\/a><\/p>\n","protected":false},"author":1048,"featured_media":4900,"comment_status":"closed","ping_status":"closed","sticky":false,"template":"","format":"standard","meta":{"ghostkit_customizer_options":"","ghostkit_custom_css":"","ghostkit_custom_js_head":"","ghostkit_custom_js_foot":"","ghostkit_typography":"","footnotes":""},"categories":[30,91],"tags":[],"coauthors":[173,174],"class_list":["post-4795","post","type-post","status-publish","format-standard","has-post-thumbnail","hentry","category-p-seminar","category-sport"],"yoast_head":"<!-- This site is optimized with the Yoast SEO plugin v27.5 - https:\/\/yoast.com\/product\/yoast-seo-wordpress\/ -->\n<title>Alpen\u00fcberquerung - Ein Blog - Armin-Knab-Gymnasium Kitzingen<\/title>\n<meta name=\"robots\" content=\"index, follow, max-snippet:-1, max-image-preview:large, max-video-preview:-1\" \/>\n<link rel=\"canonical\" href=\"https:\/\/armin-knab-gymnasium.de\/Home\/2019\/10\/20\/alpenueberquerung-ein-blog\/\" \/>\n<meta property=\"og:locale\" content=\"de_DE\" \/>\n<meta property=\"og:type\" content=\"article\" \/>\n<meta property=\"og:title\" content=\"Alpen\u00fcberquerung - Ein Blog - Armin-Knab-Gymnasium Kitzingen\" \/>\n<meta property=\"og:description\" content=\"Informationsabend bildet den Abschluss des Seminars Mit unserem Informationsabend haben wir unser Seminar beendet. Gemeinsam mit \u00fcber 100 G\u00e4sten durchlebten wir unser Abenteuer ein zweites Mal. Eine Pr\u00e4sentation von Bastian... weiterlesen &raquo;\" \/>\n<meta property=\"og:url\" content=\"https:\/\/armin-knab-gymnasium.de\/Home\/2019\/10\/20\/alpenueberquerung-ein-blog\/\" \/>\n<meta property=\"og:site_name\" content=\"Armin-Knab-Gymnasium Kitzingen\" \/>\n<meta property=\"article:published_time\" content=\"2019-10-20T07:00:40+00:00\" \/>\n<meta property=\"article:modified_time\" content=\"2022-04-26T06:57:29+00:00\" \/>\n<meta property=\"og:image\" content=\"https:\/\/armin-knab-gymnasium.de\/Home\/wp-content\/uploads\/2017\/11\/8498808_slider-detail-1440w_1rVmXG_pSXkfh.jpg\" \/>\n\t<meta property=\"og:image:width\" content=\"1254\" \/>\n\t<meta property=\"og:image:height\" content=\"849\" \/>\n\t<meta property=\"og:image:type\" content=\"image\/jpeg\" \/>\n<meta name=\"author\" content=\"Bastian Wander, Kathrin F\u00fcrst\" \/>\n<meta name=\"twitter:card\" content=\"summary_large_image\" \/>\n<meta name=\"twitter:label1\" content=\"Verfasst von\" \/>\n\t<meta name=\"twitter:data1\" content=\"Bastian Wander\" \/>\n\t<meta name=\"twitter:label2\" content=\"Gesch\u00e4tzte Lesezeit\" \/>\n\t<meta name=\"twitter:data2\" content=\"6\u00a0Minuten\" \/>\n\t<meta name=\"twitter:label3\" content=\"Written by\" \/>\n\t<meta name=\"twitter:data3\" content=\"Bastian Wander, Kathrin F\u00fcrst\" \/>\n<script type=\"application\/ld+json\" class=\"yoast-schema-graph\">{\"@context\":\"https:\\\/\\\/schema.org\",\"@graph\":[{\"@type\":\"Article\",\"@id\":\"https:\\\/\\\/armin-knab-gymnasium.de\\\/Home\\\/2019\\\/10\\\/20\\\/alpenueberquerung-ein-blog\\\/#article\",\"isPartOf\":{\"@id\":\"https:\\\/\\\/armin-knab-gymnasium.de\\\/Home\\\/2019\\\/10\\\/20\\\/alpenueberquerung-ein-blog\\\/\"},\"author\":{\"name\":\"Bastian Wander\",\"@id\":\"https:\\\/\\\/armin-knab-gymnasium.de\\\/Home\\\/#\\\/schema\\\/person\\\/8b84af92209b4ef7c0e9ccd41b7b5541\"},\"headline\":\"Alpen\u00fcberquerung &#8211; Ein Blog\",\"datePublished\":\"2019-10-20T07:00:40+00:00\",\"dateModified\":\"2022-04-26T06:57:29+00:00\",\"mainEntityOfPage\":{\"@id\":\"https:\\\/\\\/armin-knab-gymnasium.de\\\/Home\\\/2019\\\/10\\\/20\\\/alpenueberquerung-ein-blog\\\/\"},\"wordCount\":1205,\"publisher\":{\"@id\":\"https:\\\/\\\/armin-knab-gymnasium.de\\\/Home\\\/#organization\"},\"image\":{\"@id\":\"https:\\\/\\\/armin-knab-gymnasium.de\\\/Home\\\/2019\\\/10\\\/20\\\/alpenueberquerung-ein-blog\\\/#primaryimage\"},\"thumbnailUrl\":\"https:\\\/\\\/armin-knab-gymnasium.de\\\/Home\\\/wp-content\\\/uploads\\\/2017\\\/11\\\/8498808_slider-detail-1440w_1rVmXG_pSXkfh.jpg\",\"articleSection\":[\"P-Seminar\",\"Sport\"],\"inLanguage\":\"de\"},{\"@type\":\"WebPage\",\"@id\":\"https:\\\/\\\/armin-knab-gymnasium.de\\\/Home\\\/2019\\\/10\\\/20\\\/alpenueberquerung-ein-blog\\\/\",\"url\":\"https:\\\/\\\/armin-knab-gymnasium.de\\\/Home\\\/2019\\\/10\\\/20\\\/alpenueberquerung-ein-blog\\\/\",\"name\":\"Alpen\u00fcberquerung - Ein Blog - Armin-Knab-Gymnasium Kitzingen\",\"isPartOf\":{\"@id\":\"https:\\\/\\\/armin-knab-gymnasium.de\\\/Home\\\/#website\"},\"primaryImageOfPage\":{\"@id\":\"https:\\\/\\\/armin-knab-gymnasium.de\\\/Home\\\/2019\\\/10\\\/20\\\/alpenueberquerung-ein-blog\\\/#primaryimage\"},\"image\":{\"@id\":\"https:\\\/\\\/armin-knab-gymnasium.de\\\/Home\\\/2019\\\/10\\\/20\\\/alpenueberquerung-ein-blog\\\/#primaryimage\"},\"thumbnailUrl\":\"https:\\\/\\\/armin-knab-gymnasium.de\\\/Home\\\/wp-content\\\/uploads\\\/2017\\\/11\\\/8498808_slider-detail-1440w_1rVmXG_pSXkfh.jpg\",\"datePublished\":\"2019-10-20T07:00:40+00:00\",\"dateModified\":\"2022-04-26T06:57:29+00:00\",\"breadcrumb\":{\"@id\":\"https:\\\/\\\/armin-knab-gymnasium.de\\\/Home\\\/2019\\\/10\\\/20\\\/alpenueberquerung-ein-blog\\\/#breadcrumb\"},\"inLanguage\":\"de\",\"potentialAction\":[{\"@type\":\"ReadAction\",\"target\":[\"https:\\\/\\\/armin-knab-gymnasium.de\\\/Home\\\/2019\\\/10\\\/20\\\/alpenueberquerung-ein-blog\\\/\"]}]},{\"@type\":\"ImageObject\",\"inLanguage\":\"de\",\"@id\":\"https:\\\/\\\/armin-knab-gymnasium.de\\\/Home\\\/2019\\\/10\\\/20\\\/alpenueberquerung-ein-blog\\\/#primaryimage\",\"url\":\"https:\\\/\\\/armin-knab-gymnasium.de\\\/Home\\\/wp-content\\\/uploads\\\/2017\\\/11\\\/8498808_slider-detail-1440w_1rVmXG_pSXkfh.jpg\",\"contentUrl\":\"https:\\\/\\\/armin-knab-gymnasium.de\\\/Home\\\/wp-content\\\/uploads\\\/2017\\\/11\\\/8498808_slider-detail-1440w_1rVmXG_pSXkfh.jpg\",\"width\":1254,\"height\":849},{\"@type\":\"BreadcrumbList\",\"@id\":\"https:\\\/\\\/armin-knab-gymnasium.de\\\/Home\\\/2019\\\/10\\\/20\\\/alpenueberquerung-ein-blog\\\/#breadcrumb\",\"itemListElement\":[{\"@type\":\"ListItem\",\"position\":1,\"name\":\"Startseite\",\"item\":\"https:\\\/\\\/armin-knab-gymnasium.de\\\/Home\\\/\"},{\"@type\":\"ListItem\",\"position\":2,\"name\":\"Alpen\u00fcberquerung &#8211; Ein Blog\"}]},{\"@type\":\"WebSite\",\"@id\":\"https:\\\/\\\/armin-knab-gymnasium.de\\\/Home\\\/#website\",\"url\":\"https:\\\/\\\/armin-knab-gymnasium.de\\\/Home\\\/\",\"name\":\"Armin-Knab-Gymnasium Kitzingen\",\"description\":\"Naturwissenschaftlich-technologisches und sprachliches Gymnasium\",\"publisher\":{\"@id\":\"https:\\\/\\\/armin-knab-gymnasium.de\\\/Home\\\/#organization\"},\"potentialAction\":[{\"@type\":\"SearchAction\",\"target\":{\"@type\":\"EntryPoint\",\"urlTemplate\":\"https:\\\/\\\/armin-knab-gymnasium.de\\\/Home\\\/?s={search_term_string}\"},\"query-input\":{\"@type\":\"PropertyValueSpecification\",\"valueRequired\":true,\"valueName\":\"search_term_string\"}}],\"inLanguage\":\"de\"},{\"@type\":\"Organization\",\"@id\":\"https:\\\/\\\/armin-knab-gymnasium.de\\\/Home\\\/#organization\",\"name\":\"Armin-Knab-Gymnasium Kitzingen\",\"url\":\"https:\\\/\\\/armin-knab-gymnasium.de\\\/Home\\\/\",\"logo\":{\"@type\":\"ImageObject\",\"inLanguage\":\"de\",\"@id\":\"https:\\\/\\\/armin-knab-gymnasium.de\\\/Home\\\/#\\\/schema\\\/logo\\\/image\\\/\",\"url\":\"https:\\\/\\\/armin-knab-gymnasium.de\\\/Home\\\/wp-content\\\/uploads\\\/2016\\\/11\\\/LogoIcon.png\",\"contentUrl\":\"https:\\\/\\\/armin-knab-gymnasium.de\\\/Home\\\/wp-content\\\/uploads\\\/2016\\\/11\\\/LogoIcon.png\",\"width\":512,\"height\":512,\"caption\":\"Armin-Knab-Gymnasium Kitzingen\"},\"image\":{\"@id\":\"https:\\\/\\\/armin-knab-gymnasium.de\\\/Home\\\/#\\\/schema\\\/logo\\\/image\\\/\"}},{\"@type\":\"Person\",\"@id\":\"https:\\\/\\\/armin-knab-gymnasium.de\\\/Home\\\/#\\\/schema\\\/person\\\/8b84af92209b4ef7c0e9ccd41b7b5541\",\"name\":\"Bastian Wander\",\"image\":{\"@type\":\"ImageObject\",\"inLanguage\":\"de\",\"@id\":\"https:\\\/\\\/secure.gravatar.com\\\/avatar\\\/f86e38d7628a97b0cb3887618f5aa96077ae2184409a0b76c4773a5812780c88?s=96&d=mm&r=gc4c103ea629141d9d3e0243dd5443925\",\"url\":\"https:\\\/\\\/secure.gravatar.com\\\/avatar\\\/f86e38d7628a97b0cb3887618f5aa96077ae2184409a0b76c4773a5812780c88?s=96&d=mm&r=g\",\"contentUrl\":\"https:\\\/\\\/secure.gravatar.com\\\/avatar\\\/f86e38d7628a97b0cb3887618f5aa96077ae2184409a0b76c4773a5812780c88?s=96&d=mm&r=g\",\"caption\":\"Bastian Wander\"},\"sameAs\":[\"https:\\\/\\\/armin-knab-gymnasium.de\\\/Home\"],\"url\":\"https:\\\/\\\/armin-knab-gymnasium.de\\\/Home\\\/author\\\/wan\\\/\"}]}<\/script>\n<!-- \/ Yoast SEO plugin. -->","yoast_head_json":{"title":"Alpen\u00fcberquerung - Ein Blog - Armin-Knab-Gymnasium Kitzingen","robots":{"index":"index","follow":"follow","max-snippet":"max-snippet:-1","max-image-preview":"max-image-preview:large","max-video-preview":"max-video-preview:-1"},"canonical":"https:\/\/armin-knab-gymnasium.de\/Home\/2019\/10\/20\/alpenueberquerung-ein-blog\/","og_locale":"de_DE","og_type":"article","og_title":"Alpen\u00fcberquerung - Ein Blog - Armin-Knab-Gymnasium Kitzingen","og_description":"Informationsabend bildet den Abschluss des Seminars Mit unserem Informationsabend haben wir unser Seminar beendet. Gemeinsam mit \u00fcber 100 G\u00e4sten durchlebten wir unser Abenteuer ein zweites Mal. Eine Pr\u00e4sentation von Bastian... weiterlesen &raquo;","og_url":"https:\/\/armin-knab-gymnasium.de\/Home\/2019\/10\/20\/alpenueberquerung-ein-blog\/","og_site_name":"Armin-Knab-Gymnasium Kitzingen","article_published_time":"2019-10-20T07:00:40+00:00","article_modified_time":"2022-04-26T06:57:29+00:00","og_image":[{"width":1254,"height":849,"url":"https:\/\/armin-knab-gymnasium.de\/Home\/wp-content\/uploads\/2017\/11\/8498808_slider-detail-1440w_1rVmXG_pSXkfh.jpg","type":"image\/jpeg"}],"author":"Bastian Wander, Kathrin F\u00fcrst","twitter_card":"summary_large_image","twitter_misc":{"Verfasst von":"Bastian Wander","Gesch\u00e4tzte Lesezeit":"6\u00a0Minuten","Written by":"Bastian Wander, Kathrin F\u00fcrst"},"schema":{"@context":"https:\/\/schema.org","@graph":[{"@type":"Article","@id":"https:\/\/armin-knab-gymnasium.de\/Home\/2019\/10\/20\/alpenueberquerung-ein-blog\/#article","isPartOf":{"@id":"https:\/\/armin-knab-gymnasium.de\/Home\/2019\/10\/20\/alpenueberquerung-ein-blog\/"},"author":{"name":"Bastian Wander","@id":"https:\/\/armin-knab-gymnasium.de\/Home\/#\/schema\/person\/8b84af92209b4ef7c0e9ccd41b7b5541"},"headline":"Alpen\u00fcberquerung &#8211; Ein Blog","datePublished":"2019-10-20T07:00:40+00:00","dateModified":"2022-04-26T06:57:29+00:00","mainEntityOfPage":{"@id":"https:\/\/armin-knab-gymnasium.de\/Home\/2019\/10\/20\/alpenueberquerung-ein-blog\/"},"wordCount":1205,"publisher":{"@id":"https:\/\/armin-knab-gymnasium.de\/Home\/#organization"},"image":{"@id":"https:\/\/armin-knab-gymnasium.de\/Home\/2019\/10\/20\/alpenueberquerung-ein-blog\/#primaryimage"},"thumbnailUrl":"https:\/\/armin-knab-gymnasium.de\/Home\/wp-content\/uploads\/2017\/11\/8498808_slider-detail-1440w_1rVmXG_pSXkfh.jpg","articleSection":["P-Seminar","Sport"],"inLanguage":"de"},{"@type":"WebPage","@id":"https:\/\/armin-knab-gymnasium.de\/Home\/2019\/10\/20\/alpenueberquerung-ein-blog\/","url":"https:\/\/armin-knab-gymnasium.de\/Home\/2019\/10\/20\/alpenueberquerung-ein-blog\/","name":"Alpen\u00fcberquerung - Ein Blog - Armin-Knab-Gymnasium Kitzingen","isPartOf":{"@id":"https:\/\/armin-knab-gymnasium.de\/Home\/#website"},"primaryImageOfPage":{"@id":"https:\/\/armin-knab-gymnasium.de\/Home\/2019\/10\/20\/alpenueberquerung-ein-blog\/#primaryimage"},"image":{"@id":"https:\/\/armin-knab-gymnasium.de\/Home\/2019\/10\/20\/alpenueberquerung-ein-blog\/#primaryimage"},"thumbnailUrl":"https:\/\/armin-knab-gymnasium.de\/Home\/wp-content\/uploads\/2017\/11\/8498808_slider-detail-1440w_1rVmXG_pSXkfh.jpg","datePublished":"2019-10-20T07:00:40+00:00","dateModified":"2022-04-26T06:57:29+00:00","breadcrumb":{"@id":"https:\/\/armin-knab-gymnasium.de\/Home\/2019\/10\/20\/alpenueberquerung-ein-blog\/#breadcrumb"},"inLanguage":"de","potentialAction":[{"@type":"ReadAction","target":["https:\/\/armin-knab-gymnasium.de\/Home\/2019\/10\/20\/alpenueberquerung-ein-blog\/"]}]},{"@type":"ImageObject","inLanguage":"de","@id":"https:\/\/armin-knab-gymnasium.de\/Home\/2019\/10\/20\/alpenueberquerung-ein-blog\/#primaryimage","url":"https:\/\/armin-knab-gymnasium.de\/Home\/wp-content\/uploads\/2017\/11\/8498808_slider-detail-1440w_1rVmXG_pSXkfh.jpg","contentUrl":"https:\/\/armin-knab-gymnasium.de\/Home\/wp-content\/uploads\/2017\/11\/8498808_slider-detail-1440w_1rVmXG_pSXkfh.jpg","width":1254,"height":849},{"@type":"BreadcrumbList","@id":"https:\/\/armin-knab-gymnasium.de\/Home\/2019\/10\/20\/alpenueberquerung-ein-blog\/#breadcrumb","itemListElement":[{"@type":"ListItem","position":1,"name":"Startseite","item":"https:\/\/armin-knab-gymnasium.de\/Home\/"},{"@type":"ListItem","position":2,"name":"Alpen\u00fcberquerung &#8211; Ein Blog"}]},{"@type":"WebSite","@id":"https:\/\/armin-knab-gymnasium.de\/Home\/#website","url":"https:\/\/armin-knab-gymnasium.de\/Home\/","name":"Armin-Knab-Gymnasium Kitzingen","description":"Naturwissenschaftlich-technologisches und sprachliches Gymnasium","publisher":{"@id":"https:\/\/armin-knab-gymnasium.de\/Home\/#organization"},"potentialAction":[{"@type":"SearchAction","target":{"@type":"EntryPoint","urlTemplate":"https:\/\/armin-knab-gymnasium.de\/Home\/?s={search_term_string}"},"query-input":{"@type":"PropertyValueSpecification","valueRequired":true,"valueName":"search_term_string"}}],"inLanguage":"de"},{"@type":"Organization","@id":"https:\/\/armin-knab-gymnasium.de\/Home\/#organization","name":"Armin-Knab-Gymnasium Kitzingen","url":"https:\/\/armin-knab-gymnasium.de\/Home\/","logo":{"@type":"ImageObject","inLanguage":"de","@id":"https:\/\/armin-knab-gymnasium.de\/Home\/#\/schema\/logo\/image\/","url":"https:\/\/armin-knab-gymnasium.de\/Home\/wp-content\/uploads\/2016\/11\/LogoIcon.png","contentUrl":"https:\/\/armin-knab-gymnasium.de\/Home\/wp-content\/uploads\/2016\/11\/LogoIcon.png","width":512,"height":512,"caption":"Armin-Knab-Gymnasium Kitzingen"},"image":{"@id":"https:\/\/armin-knab-gymnasium.de\/Home\/#\/schema\/logo\/image\/"}},{"@type":"Person","@id":"https:\/\/armin-knab-gymnasium.de\/Home\/#\/schema\/person\/8b84af92209b4ef7c0e9ccd41b7b5541","name":"Bastian Wander","image":{"@type":"ImageObject","inLanguage":"de","@id":"https:\/\/secure.gravatar.com\/avatar\/f86e38d7628a97b0cb3887618f5aa96077ae2184409a0b76c4773a5812780c88?s=96&d=mm&r=gc4c103ea629141d9d3e0243dd5443925","url":"https:\/\/secure.gravatar.com\/avatar\/f86e38d7628a97b0cb3887618f5aa96077ae2184409a0b76c4773a5812780c88?s=96&d=mm&r=g","contentUrl":"https:\/\/secure.gravatar.com\/avatar\/f86e38d7628a97b0cb3887618f5aa96077ae2184409a0b76c4773a5812780c88?s=96&d=mm&r=g","caption":"Bastian Wander"},"sameAs":["https:\/\/armin-knab-gymnasium.de\/Home"],"url":"https:\/\/armin-knab-gymnasium.de\/Home\/author\/wan\/"}]}},"publishpress_future_action":{"enabled":false,"date":"2026-05-07 17:39:56","action":"change-status","newStatus":"draft","terms":[],"taxonomy":"category","extraData":[]},"publishpress_future_workflow_manual_trigger":{"enabledWorkflows":[]},"_links":{"self":[{"href":"https:\/\/armin-knab-gymnasium.de\/Home\/wp-json\/wp\/v2\/posts\/4795","targetHints":{"allow":["GET"]}}],"collection":[{"href":"https:\/\/armin-knab-gymnasium.de\/Home\/wp-json\/wp\/v2\/posts"}],"about":[{"href":"https:\/\/armin-knab-gymnasium.de\/Home\/wp-json\/wp\/v2\/types\/post"}],"author":[{"embeddable":true,"href":"https:\/\/armin-knab-gymnasium.de\/Home\/wp-json\/wp\/v2\/users\/1048"}],"replies":[{"embeddable":true,"href":"https:\/\/armin-knab-gymnasium.de\/Home\/wp-json\/wp\/v2\/comments?post=4795"}],"version-history":[{"count":20,"href":"https:\/\/armin-knab-gymnasium.de\/Home\/wp-json\/wp\/v2\/posts\/4795\/revisions"}],"predecessor-version":[{"id":13439,"href":"https:\/\/armin-knab-gymnasium.de\/Home\/wp-json\/wp\/v2\/posts\/4795\/revisions\/13439"}],"wp:featuredmedia":[{"embeddable":true,"href":"https:\/\/armin-knab-gymnasium.de\/Home\/wp-json\/wp\/v2\/media\/4900"}],"wp:attachment":[{"href":"https:\/\/armin-knab-gymnasium.de\/Home\/wp-json\/wp\/v2\/media?parent=4795"}],"wp:term":[{"taxonomy":"category","embeddable":true,"href":"https:\/\/armin-knab-gymnasium.de\/Home\/wp-json\/wp\/v2\/categories?post=4795"},{"taxonomy":"post_tag","embeddable":true,"href":"https:\/\/armin-knab-gymnasium.de\/Home\/wp-json\/wp\/v2\/tags?post=4795"},{"taxonomy":"author","embeddable":true,"href":"https:\/\/armin-knab-gymnasium.de\/Home\/wp-json\/wp\/v2\/coauthors?post=4795"}],"curies":[{"name":"wp","href":"https:\/\/api.w.org\/{rel}","templated":true}]}}