{"id":4808,"date":"2018-10-23T21:03:58","date_gmt":"2018-10-23T19:03:58","guid":{"rendered":"http:\/\/armin-knab-gymnasium.de\/Home\/?p=4808"},"modified":"2018-10-23T21:03:58","modified_gmt":"2018-10-23T19:03:58","slug":"pausenhofturnier-am-akg","status":"publish","type":"post","link":"https:\/\/armin-knab-gymnasium.de\/Home\/2018\/10\/23\/pausenhofturnier-am-akg\/","title":{"rendered":"Pausenhofturnier am AKG"},"content":{"rendered":"<p>Auch dieses Schuljahr fand traditionell wieder ein Pausenhofturnier statt, dieses Mal aber erstmals im Herbst.<\/p>\n<p>17 Klassen und ein Lehrerteam spielten dabei in 14 Pausen in den Sportarten Hockey und Fu\u00dfball um den Einzug ins Finale. Am Ende standen die 6a, die 8b und die Q11 im Halbfinale, und nachdem jeder gegen jeden gespielt hatte, standen die beiden Finalisten fest: die 8b und die Q11. Im Finale wurde im V\u00f6lkerball um den Sieg gek\u00e4mpft und die Q11 konnte sich am Ende knapp durchsetzen.<br \/>\nBei der anschlie\u00dfenden Siegerehrung bekam der Sieger Eis und Medaillen, die 8b ebenfalls Medaillen und alle Teilnehmer des Halbfinales eine Urkunde.<\/p>\n<p>Organisiert und durchgef\u00fchrt wurde das Turnier von den Sch\u00fclersprechern.<\/p>\n<p>Bedanken m\u00f6chten wir uns bei Frau Rahner f\u00fcr die Erlaubnis des Turniers, bei den Sekret\u00e4rinnen f\u00fcr die t\u00e4glichen Durchsagen, bei den Zuschauern und Fans und nat\u00fcrlich auch bei den Teilnehmern f\u00fcr einen reibungslosen Ablauf.<span class=\"Apple-converted-space\">\u00a0<\/span><\/p>\n<p>Wir hoffen, es hat allen viel Spa\u00df gemacht und freuen uns schon auf ein zweites Turnier im Sommer!<\/p>\n<p>Artikel von Jessica Ebert (Sch\u00fclersprecherin)<\/p>\n<p><a href=\"https:\/\/armin-knab-gymnasium.de\/Home\/wp-content\/uploads\/2018\/10\/20181017_1033220-Kopie.jpg\"><img loading=\"lazy\" decoding=\"async\" class=\"alignnone size-medium wp-image-4812\" src=\"https:\/\/armin-knab-gymnasium.de\/Home\/wp-content\/uploads\/2018\/10\/20181017_1033220-Kopie-300x225.jpg\" alt=\"\" width=\"300\" height=\"225\" srcset=\"https:\/\/armin-knab-gymnasium.de\/Home\/wp-content\/uploads\/2018\/10\/20181017_1033220-Kopie-300x225.jpg 300w, https:\/\/armin-knab-gymnasium.de\/Home\/wp-content\/uploads\/2018\/10\/20181017_1033220-Kopie-768x576.jpg 768w, https:\/\/armin-knab-gymnasium.de\/Home\/wp-content\/uploads\/2018\/10\/20181017_1033220-Kopie.jpg 1024w, https:\/\/armin-knab-gymnasium.de\/Home\/wp-content\/uploads\/2018\/10\/20181017_1033220-Kopie-624x468.jpg 624w, https:\/\/armin-knab-gymnasium.de\/Home\/wp-content\/uploads\/2018\/10\/20181017_1033220-Kopie-240x180.jpg 240w\" sizes=\"auto, (max-width: 300px) 100vw, 300px\" \/><\/a> <a href=\"https:\/\/armin-knab-gymnasium.de\/Home\/wp-content\/uploads\/2018\/10\/20181017_1034200-Kopie.jpg\"><img loading=\"lazy\" decoding=\"async\" class=\"alignnone size-medium wp-image-4813\" src=\"https:\/\/armin-knab-gymnasium.de\/Home\/wp-content\/uploads\/2018\/10\/20181017_1034200-Kopie-300x225.jpg\" alt=\"\" width=\"300\" height=\"225\" srcset=\"https:\/\/armin-knab-gymnasium.de\/Home\/wp-content\/uploads\/2018\/10\/20181017_1034200-Kopie-300x225.jpg 300w, https:\/\/armin-knab-gymnasium.de\/Home\/wp-content\/uploads\/2018\/10\/20181017_1034200-Kopie-768x576.jpg 768w, https:\/\/armin-knab-gymnasium.de\/Home\/wp-content\/uploads\/2018\/10\/20181017_1034200-Kopie.jpg 1024w, https:\/\/armin-knab-gymnasium.de\/Home\/wp-content\/uploads\/2018\/10\/20181017_1034200-Kopie-624x468.jpg 624w, https:\/\/armin-knab-gymnasium.de\/Home\/wp-content\/uploads\/2018\/10\/20181017_1034200-Kopie-240x180.jpg 240w\" sizes=\"auto, (max-width: 300px) 100vw, 300px\" \/><\/a> <a href=\"https:\/\/armin-knab-gymnasium.de\/Home\/wp-content\/uploads\/2018\/10\/20181017_103502-Kopie.jpg\"><img loading=\"lazy\" decoding=\"async\" class=\"alignnone size-medium wp-image-4814\" src=\"https:\/\/armin-knab-gymnasium.de\/Home\/wp-content\/uploads\/2018\/10\/20181017_103502-Kopie-300x225.jpg\" alt=\"\" width=\"300\" height=\"225\" srcset=\"https:\/\/armin-knab-gymnasium.de\/Home\/wp-content\/uploads\/2018\/10\/20181017_103502-Kopie-300x225.jpg 300w, https:\/\/armin-knab-gymnasium.de\/Home\/wp-content\/uploads\/2018\/10\/20181017_103502-Kopie-768x576.jpg 768w, https:\/\/armin-knab-gymnasium.de\/Home\/wp-content\/uploads\/2018\/10\/20181017_103502-Kopie.jpg 1024w, https:\/\/armin-knab-gymnasium.de\/Home\/wp-content\/uploads\/2018\/10\/20181017_103502-Kopie-624x468.jpg 624w, https:\/\/armin-knab-gymnasium.de\/Home\/wp-content\/uploads\/2018\/10\/20181017_103502-Kopie-240x180.jpg 240w\" sizes=\"auto, (max-width: 300px) 100vw, 300px\" \/><\/a><\/p>\n","protected":false},"excerpt":{"rendered":"<p>Auch dieses Schuljahr fand traditionell wieder ein Pausenhofturnier statt, dieses Mal aber erstmals im Herbst. 17 Klassen und ein Lehrerteam spielten dabei in 14 Pausen in den Sportarten Hockey und&#8230; <a href=\"https:\/\/armin-knab-gymnasium.de\/Home\/2018\/10\/23\/pausenhofturnier-am-akg\/\">weiterlesen &raquo;<\/a><\/p>\n","protected":false},"author":8,"featured_media":0,"comment_status":"closed","ping_status":"closed","sticky":false,"template":"","format":"standard","meta":{"ghostkit_customizer_options":"","ghostkit_custom_css":"","ghostkit_custom_js_head":"","ghostkit_custom_js_foot":"","ghostkit_typography":"","footnotes":""},"categories":[176],"tags":[],"coauthors":[44],"class_list":["post-4808","post","type-post","status-publish","format-standard","hentry","category-smv"],"yoast_head":"<!-- This site is optimized with the Yoast SEO plugin v27.5 - https:\/\/yoast.com\/product\/yoast-seo-wordpress\/ -->\n<title>Pausenhofturnier am AKG - Armin-Knab-Gymnasium Kitzingen<\/title>\n<meta name=\"robots\" content=\"index, follow, max-snippet:-1, max-image-preview:large, max-video-preview:-1\" \/>\n<link rel=\"canonical\" href=\"https:\/\/armin-knab-gymnasium.de\/Home\/2018\/10\/23\/pausenhofturnier-am-akg\/\" \/>\n<meta property=\"og:locale\" content=\"de_DE\" \/>\n<meta property=\"og:type\" content=\"article\" \/>\n<meta property=\"og:title\" content=\"Pausenhofturnier am AKG - Armin-Knab-Gymnasium Kitzingen\" \/>\n<meta property=\"og:description\" content=\"Auch dieses Schuljahr fand traditionell wieder ein Pausenhofturnier statt, dieses Mal aber erstmals im Herbst. 17 Klassen und ein Lehrerteam spielten dabei in 14 Pausen in den Sportarten Hockey und... weiterlesen &raquo;\" \/>\n<meta property=\"og:url\" content=\"https:\/\/armin-knab-gymnasium.de\/Home\/2018\/10\/23\/pausenhofturnier-am-akg\/\" \/>\n<meta property=\"og:site_name\" content=\"Armin-Knab-Gymnasium Kitzingen\" \/>\n<meta property=\"article:published_time\" content=\"2018-10-23T19:03:58+00:00\" \/>\n<meta property=\"og:image\" content=\"https:\/\/armin-knab-gymnasium.de\/Home\/wp-content\/uploads\/2018\/10\/20181017_1033220-Kopie-300x225.jpg\" \/>\n<meta name=\"author\" content=\"Christian Hanft\" \/>\n<meta name=\"twitter:card\" content=\"summary_large_image\" \/>\n<meta name=\"twitter:label1\" content=\"Verfasst von\" \/>\n\t<meta name=\"twitter:data1\" content=\"Christian Hanft\" \/>\n\t<meta name=\"twitter:label2\" content=\"Gesch\u00e4tzte Lesezeit\" \/>\n\t<meta name=\"twitter:data2\" content=\"1\u00a0Minute\" \/>\n\t<meta name=\"twitter:label3\" content=\"Written by\" \/>\n\t<meta name=\"twitter:data3\" content=\"Christian Hanft\" \/>\n<script type=\"application\/ld+json\" class=\"yoast-schema-graph\">{\"@context\":\"https:\\\/\\\/schema.org\",\"@graph\":[{\"@type\":\"Article\",\"@id\":\"https:\\\/\\\/armin-knab-gymnasium.de\\\/Home\\\/2018\\\/10\\\/23\\\/pausenhofturnier-am-akg\\\/#article\",\"isPartOf\":{\"@id\":\"https:\\\/\\\/armin-knab-gymnasium.de\\\/Home\\\/2018\\\/10\\\/23\\\/pausenhofturnier-am-akg\\\/\"},\"author\":{\"name\":\"Christian Hanft\",\"@id\":\"https:\\\/\\\/armin-knab-gymnasium.de\\\/Home\\\/#\\\/schema\\\/person\\\/874f5c8d4897e278b0be28b77d5c4c3a\"},\"headline\":\"Pausenhofturnier am AKG\",\"datePublished\":\"2018-10-23T19:03:58+00:00\",\"mainEntityOfPage\":{\"@id\":\"https:\\\/\\\/armin-knab-gymnasium.de\\\/Home\\\/2018\\\/10\\\/23\\\/pausenhofturnier-am-akg\\\/\"},\"wordCount\":185,\"publisher\":{\"@id\":\"https:\\\/\\\/armin-knab-gymnasium.de\\\/Home\\\/#organization\"},\"image\":{\"@id\":\"https:\\\/\\\/armin-knab-gymnasium.de\\\/Home\\\/2018\\\/10\\\/23\\\/pausenhofturnier-am-akg\\\/#primaryimage\"},\"thumbnailUrl\":\"https:\\\/\\\/armin-knab-gymnasium.de\\\/Home\\\/wp-content\\\/uploads\\\/2018\\\/10\\\/20181017_1033220-Kopie-300x225.jpg\",\"articleSection\":[\"SMV\"],\"inLanguage\":\"de\"},{\"@type\":\"WebPage\",\"@id\":\"https:\\\/\\\/armin-knab-gymnasium.de\\\/Home\\\/2018\\\/10\\\/23\\\/pausenhofturnier-am-akg\\\/\",\"url\":\"https:\\\/\\\/armin-knab-gymnasium.de\\\/Home\\\/2018\\\/10\\\/23\\\/pausenhofturnier-am-akg\\\/\",\"name\":\"Pausenhofturnier am AKG - Armin-Knab-Gymnasium Kitzingen\",\"isPartOf\":{\"@id\":\"https:\\\/\\\/armin-knab-gymnasium.de\\\/Home\\\/#website\"},\"primaryImageOfPage\":{\"@id\":\"https:\\\/\\\/armin-knab-gymnasium.de\\\/Home\\\/2018\\\/10\\\/23\\\/pausenhofturnier-am-akg\\\/#primaryimage\"},\"image\":{\"@id\":\"https:\\\/\\\/armin-knab-gymnasium.de\\\/Home\\\/2018\\\/10\\\/23\\\/pausenhofturnier-am-akg\\\/#primaryimage\"},\"thumbnailUrl\":\"https:\\\/\\\/armin-knab-gymnasium.de\\\/Home\\\/wp-content\\\/uploads\\\/2018\\\/10\\\/20181017_1033220-Kopie-300x225.jpg\",\"datePublished\":\"2018-10-23T19:03:58+00:00\",\"breadcrumb\":{\"@id\":\"https:\\\/\\\/armin-knab-gymnasium.de\\\/Home\\\/2018\\\/10\\\/23\\\/pausenhofturnier-am-akg\\\/#breadcrumb\"},\"inLanguage\":\"de\",\"potentialAction\":[{\"@type\":\"ReadAction\",\"target\":[\"https:\\\/\\\/armin-knab-gymnasium.de\\\/Home\\\/2018\\\/10\\\/23\\\/pausenhofturnier-am-akg\\\/\"]}]},{\"@type\":\"ImageObject\",\"inLanguage\":\"de\",\"@id\":\"https:\\\/\\\/armin-knab-gymnasium.de\\\/Home\\\/2018\\\/10\\\/23\\\/pausenhofturnier-am-akg\\\/#primaryimage\",\"url\":\"https:\\\/\\\/armin-knab-gymnasium.de\\\/Home\\\/wp-content\\\/uploads\\\/2018\\\/10\\\/20181017_1033220-Kopie.jpg\",\"contentUrl\":\"https:\\\/\\\/armin-knab-gymnasium.de\\\/Home\\\/wp-content\\\/uploads\\\/2018\\\/10\\\/20181017_1033220-Kopie.jpg\",\"width\":1024,\"height\":768},{\"@type\":\"BreadcrumbList\",\"@id\":\"https:\\\/\\\/armin-knab-gymnasium.de\\\/Home\\\/2018\\\/10\\\/23\\\/pausenhofturnier-am-akg\\\/#breadcrumb\",\"itemListElement\":[{\"@type\":\"ListItem\",\"position\":1,\"name\":\"Startseite\",\"item\":\"https:\\\/\\\/armin-knab-gymnasium.de\\\/Home\\\/\"},{\"@type\":\"ListItem\",\"position\":2,\"name\":\"Pausenhofturnier am AKG\"}]},{\"@type\":\"WebSite\",\"@id\":\"https:\\\/\\\/armin-knab-gymnasium.de\\\/Home\\\/#website\",\"url\":\"https:\\\/\\\/armin-knab-gymnasium.de\\\/Home\\\/\",\"name\":\"Armin-Knab-Gymnasium Kitzingen\",\"description\":\"Naturwissenschaftlich-technologisches und sprachliches Gymnasium\",\"publisher\":{\"@id\":\"https:\\\/\\\/armin-knab-gymnasium.de\\\/Home\\\/#organization\"},\"potentialAction\":[{\"@type\":\"SearchAction\",\"target\":{\"@type\":\"EntryPoint\",\"urlTemplate\":\"https:\\\/\\\/armin-knab-gymnasium.de\\\/Home\\\/?s={search_term_string}\"},\"query-input\":{\"@type\":\"PropertyValueSpecification\",\"valueRequired\":true,\"valueName\":\"search_term_string\"}}],\"inLanguage\":\"de\"},{\"@type\":\"Organization\",\"@id\":\"https:\\\/\\\/armin-knab-gymnasium.de\\\/Home\\\/#organization\",\"name\":\"Armin-Knab-Gymnasium Kitzingen\",\"url\":\"https:\\\/\\\/armin-knab-gymnasium.de\\\/Home\\\/\",\"logo\":{\"@type\":\"ImageObject\",\"inLanguage\":\"de\",\"@id\":\"https:\\\/\\\/armin-knab-gymnasium.de\\\/Home\\\/#\\\/schema\\\/logo\\\/image\\\/\",\"url\":\"https:\\\/\\\/armin-knab-gymnasium.de\\\/Home\\\/wp-content\\\/uploads\\\/2016\\\/11\\\/LogoIcon.png\",\"contentUrl\":\"https:\\\/\\\/armin-knab-gymnasium.de\\\/Home\\\/wp-content\\\/uploads\\\/2016\\\/11\\\/LogoIcon.png\",\"width\":512,\"height\":512,\"caption\":\"Armin-Knab-Gymnasium Kitzingen\"},\"image\":{\"@id\":\"https:\\\/\\\/armin-knab-gymnasium.de\\\/Home\\\/#\\\/schema\\\/logo\\\/image\\\/\"}},{\"@type\":\"Person\",\"@id\":\"https:\\\/\\\/armin-knab-gymnasium.de\\\/Home\\\/#\\\/schema\\\/person\\\/874f5c8d4897e278b0be28b77d5c4c3a\",\"name\":\"Christian Hanft\",\"image\":{\"@type\":\"ImageObject\",\"inLanguage\":\"de\",\"@id\":\"https:\\\/\\\/secure.gravatar.com\\\/avatar\\\/31773f15590cc402b5d4aa00bdc322cfda6831032287adf4049d7943b63ecd6b?s=96&d=mm&r=gf30209b0522c240f1f3636478047bfdf\",\"url\":\"https:\\\/\\\/secure.gravatar.com\\\/avatar\\\/31773f15590cc402b5d4aa00bdc322cfda6831032287adf4049d7943b63ecd6b?s=96&d=mm&r=g\",\"contentUrl\":\"https:\\\/\\\/secure.gravatar.com\\\/avatar\\\/31773f15590cc402b5d4aa00bdc322cfda6831032287adf4049d7943b63ecd6b?s=96&d=mm&r=g\",\"caption\":\"Christian Hanft\"},\"description\":\"Mitarbeiter im Direktorat -F\u00e4cherverbindung Englisch\\\/Katholische Religionslehre - Filmlehrer\",\"sameAs\":[\"https:\\\/\\\/armin-knab-gymnasium.de\\\/Home\"],\"url\":\"https:\\\/\\\/armin-knab-gymnasium.de\\\/Home\\\/author\\\/chanft\\\/\"}]}<\/script>\n<!-- \/ Yoast SEO plugin. -->","yoast_head_json":{"title":"Pausenhofturnier am AKG - Armin-Knab-Gymnasium Kitzingen","robots":{"index":"index","follow":"follow","max-snippet":"max-snippet:-1","max-image-preview":"max-image-preview:large","max-video-preview":"max-video-preview:-1"},"canonical":"https:\/\/armin-knab-gymnasium.de\/Home\/2018\/10\/23\/pausenhofturnier-am-akg\/","og_locale":"de_DE","og_type":"article","og_title":"Pausenhofturnier am AKG - Armin-Knab-Gymnasium Kitzingen","og_description":"Auch dieses Schuljahr fand traditionell wieder ein Pausenhofturnier statt, dieses Mal aber erstmals im Herbst. 17 Klassen und ein Lehrerteam spielten dabei in 14 Pausen in den Sportarten Hockey und... weiterlesen &raquo;","og_url":"https:\/\/armin-knab-gymnasium.de\/Home\/2018\/10\/23\/pausenhofturnier-am-akg\/","og_site_name":"Armin-Knab-Gymnasium Kitzingen","article_published_time":"2018-10-23T19:03:58+00:00","og_image":[{"url":"https:\/\/armin-knab-gymnasium.de\/Home\/wp-content\/uploads\/2018\/10\/20181017_1033220-Kopie-300x225.jpg","type":"","width":"","height":""}],"author":"Christian Hanft","twitter_card":"summary_large_image","twitter_misc":{"Verfasst von":"Christian Hanft","Gesch\u00e4tzte Lesezeit":"1\u00a0Minute","Written by":"Christian Hanft"},"schema":{"@context":"https:\/\/schema.org","@graph":[{"@type":"Article","@id":"https:\/\/armin-knab-gymnasium.de\/Home\/2018\/10\/23\/pausenhofturnier-am-akg\/#article","isPartOf":{"@id":"https:\/\/armin-knab-gymnasium.de\/Home\/2018\/10\/23\/pausenhofturnier-am-akg\/"},"author":{"name":"Christian Hanft","@id":"https:\/\/armin-knab-gymnasium.de\/Home\/#\/schema\/person\/874f5c8d4897e278b0be28b77d5c4c3a"},"headline":"Pausenhofturnier am AKG","datePublished":"2018-10-23T19:03:58+00:00","mainEntityOfPage":{"@id":"https:\/\/armin-knab-gymnasium.de\/Home\/2018\/10\/23\/pausenhofturnier-am-akg\/"},"wordCount":185,"publisher":{"@id":"https:\/\/armin-knab-gymnasium.de\/Home\/#organization"},"image":{"@id":"https:\/\/armin-knab-gymnasium.de\/Home\/2018\/10\/23\/pausenhofturnier-am-akg\/#primaryimage"},"thumbnailUrl":"https:\/\/armin-knab-gymnasium.de\/Home\/wp-content\/uploads\/2018\/10\/20181017_1033220-Kopie-300x225.jpg","articleSection":["SMV"],"inLanguage":"de"},{"@type":"WebPage","@id":"https:\/\/armin-knab-gymnasium.de\/Home\/2018\/10\/23\/pausenhofturnier-am-akg\/","url":"https:\/\/armin-knab-gymnasium.de\/Home\/2018\/10\/23\/pausenhofturnier-am-akg\/","name":"Pausenhofturnier am AKG - Armin-Knab-Gymnasium Kitzingen","isPartOf":{"@id":"https:\/\/armin-knab-gymnasium.de\/Home\/#website"},"primaryImageOfPage":{"@id":"https:\/\/armin-knab-gymnasium.de\/Home\/2018\/10\/23\/pausenhofturnier-am-akg\/#primaryimage"},"image":{"@id":"https:\/\/armin-knab-gymnasium.de\/Home\/2018\/10\/23\/pausenhofturnier-am-akg\/#primaryimage"},"thumbnailUrl":"https:\/\/armin-knab-gymnasium.de\/Home\/wp-content\/uploads\/2018\/10\/20181017_1033220-Kopie-300x225.jpg","datePublished":"2018-10-23T19:03:58+00:00","breadcrumb":{"@id":"https:\/\/armin-knab-gymnasium.de\/Home\/2018\/10\/23\/pausenhofturnier-am-akg\/#breadcrumb"},"inLanguage":"de","potentialAction":[{"@type":"ReadAction","target":["https:\/\/armin-knab-gymnasium.de\/Home\/2018\/10\/23\/pausenhofturnier-am-akg\/"]}]},{"@type":"ImageObject","inLanguage":"de","@id":"https:\/\/armin-knab-gymnasium.de\/Home\/2018\/10\/23\/pausenhofturnier-am-akg\/#primaryimage","url":"https:\/\/armin-knab-gymnasium.de\/Home\/wp-content\/uploads\/2018\/10\/20181017_1033220-Kopie.jpg","contentUrl":"https:\/\/armin-knab-gymnasium.de\/Home\/wp-content\/uploads\/2018\/10\/20181017_1033220-Kopie.jpg","width":1024,"height":768},{"@type":"BreadcrumbList","@id":"https:\/\/armin-knab-gymnasium.de\/Home\/2018\/10\/23\/pausenhofturnier-am-akg\/#breadcrumb","itemListElement":[{"@type":"ListItem","position":1,"name":"Startseite","item":"https:\/\/armin-knab-gymnasium.de\/Home\/"},{"@type":"ListItem","position":2,"name":"Pausenhofturnier am AKG"}]},{"@type":"WebSite","@id":"https:\/\/armin-knab-gymnasium.de\/Home\/#website","url":"https:\/\/armin-knab-gymnasium.de\/Home\/","name":"Armin-Knab-Gymnasium Kitzingen","description":"Naturwissenschaftlich-technologisches und sprachliches Gymnasium","publisher":{"@id":"https:\/\/armin-knab-gymnasium.de\/Home\/#organization"},"potentialAction":[{"@type":"SearchAction","target":{"@type":"EntryPoint","urlTemplate":"https:\/\/armin-knab-gymnasium.de\/Home\/?s={search_term_string}"},"query-input":{"@type":"PropertyValueSpecification","valueRequired":true,"valueName":"search_term_string"}}],"inLanguage":"de"},{"@type":"Organization","@id":"https:\/\/armin-knab-gymnasium.de\/Home\/#organization","name":"Armin-Knab-Gymnasium Kitzingen","url":"https:\/\/armin-knab-gymnasium.de\/Home\/","logo":{"@type":"ImageObject","inLanguage":"de","@id":"https:\/\/armin-knab-gymnasium.de\/Home\/#\/schema\/logo\/image\/","url":"https:\/\/armin-knab-gymnasium.de\/Home\/wp-content\/uploads\/2016\/11\/LogoIcon.png","contentUrl":"https:\/\/armin-knab-gymnasium.de\/Home\/wp-content\/uploads\/2016\/11\/LogoIcon.png","width":512,"height":512,"caption":"Armin-Knab-Gymnasium Kitzingen"},"image":{"@id":"https:\/\/armin-knab-gymnasium.de\/Home\/#\/schema\/logo\/image\/"}},{"@type":"Person","@id":"https:\/\/armin-knab-gymnasium.de\/Home\/#\/schema\/person\/874f5c8d4897e278b0be28b77d5c4c3a","name":"Christian Hanft","image":{"@type":"ImageObject","inLanguage":"de","@id":"https:\/\/secure.gravatar.com\/avatar\/31773f15590cc402b5d4aa00bdc322cfda6831032287adf4049d7943b63ecd6b?s=96&d=mm&r=gf30209b0522c240f1f3636478047bfdf","url":"https:\/\/secure.gravatar.com\/avatar\/31773f15590cc402b5d4aa00bdc322cfda6831032287adf4049d7943b63ecd6b?s=96&d=mm&r=g","contentUrl":"https:\/\/secure.gravatar.com\/avatar\/31773f15590cc402b5d4aa00bdc322cfda6831032287adf4049d7943b63ecd6b?s=96&d=mm&r=g","caption":"Christian Hanft"},"description":"Mitarbeiter im Direktorat -F\u00e4cherverbindung Englisch\/Katholische Religionslehre - Filmlehrer","sameAs":["https:\/\/armin-knab-gymnasium.de\/Home"],"url":"https:\/\/armin-knab-gymnasium.de\/Home\/author\/chanft\/"}]}},"publishpress_future_action":{"enabled":false,"date":"2026-05-08 01:51:53","action":"change-status","newStatus":"draft","terms":[],"taxonomy":"category","extraData":[]},"publishpress_future_workflow_manual_trigger":{"enabledWorkflows":[]},"_links":{"self":[{"href":"https:\/\/armin-knab-gymnasium.de\/Home\/wp-json\/wp\/v2\/posts\/4808","targetHints":{"allow":["GET"]}}],"collection":[{"href":"https:\/\/armin-knab-gymnasium.de\/Home\/wp-json\/wp\/v2\/posts"}],"about":[{"href":"https:\/\/armin-knab-gymnasium.de\/Home\/wp-json\/wp\/v2\/types\/post"}],"author":[{"embeddable":true,"href":"https:\/\/armin-knab-gymnasium.de\/Home\/wp-json\/wp\/v2\/users\/8"}],"replies":[{"embeddable":true,"href":"https:\/\/armin-knab-gymnasium.de\/Home\/wp-json\/wp\/v2\/comments?post=4808"}],"version-history":[{"count":1,"href":"https:\/\/armin-knab-gymnasium.de\/Home\/wp-json\/wp\/v2\/posts\/4808\/revisions"}],"predecessor-version":[{"id":4815,"href":"https:\/\/armin-knab-gymnasium.de\/Home\/wp-json\/wp\/v2\/posts\/4808\/revisions\/4815"}],"wp:attachment":[{"href":"https:\/\/armin-knab-gymnasium.de\/Home\/wp-json\/wp\/v2\/media?parent=4808"}],"wp:term":[{"taxonomy":"category","embeddable":true,"href":"https:\/\/armin-knab-gymnasium.de\/Home\/wp-json\/wp\/v2\/categories?post=4808"},{"taxonomy":"post_tag","embeddable":true,"href":"https:\/\/armin-knab-gymnasium.de\/Home\/wp-json\/wp\/v2\/tags?post=4808"},{"taxonomy":"author","embeddable":true,"href":"https:\/\/armin-knab-gymnasium.de\/Home\/wp-json\/wp\/v2\/coauthors?post=4808"}],"curies":[{"name":"wp","href":"https:\/\/api.w.org\/{rel}","templated":true}]}}