{"id":5305,"date":"2019-04-08T09:56:24","date_gmt":"2019-04-08T07:56:24","guid":{"rendered":"http:\/\/armin-knab-gymnasium.de\/Home\/?p=5305"},"modified":"2019-04-08T10:22:57","modified_gmt":"2019-04-08T08:22:57","slug":"franzoesisch-ist-lustig-salut-tout-le-monde","status":"publish","type":"post","link":"https:\/\/armin-knab-gymnasium.de\/Home\/2019\/04\/08\/franzoesisch-ist-lustig-salut-tout-le-monde\/","title":{"rendered":"Franz\u00f6sisch ist lustig! Salut tout le monde!"},"content":{"rendered":"<p style=\"text-align: center;\">\u00a0 <a href=\"https:\/\/armin-knab-gymnasium.de\/Home\/wp-content\/uploads\/2019\/04\/France2.jpg\"><img loading=\"lazy\" decoding=\"async\" class=\"alignnone size-medium wp-image-5310\" src=\"https:\/\/armin-knab-gymnasium.de\/Home\/wp-content\/uploads\/2019\/04\/France2-300x200.jpg\" alt=\"\" width=\"300\" height=\"200\" srcset=\"https:\/\/armin-knab-gymnasium.de\/Home\/wp-content\/uploads\/2019\/04\/France2-300x200.jpg 300w, https:\/\/armin-knab-gymnasium.de\/Home\/wp-content\/uploads\/2019\/04\/France2-768x512.jpg 768w, https:\/\/armin-knab-gymnasium.de\/Home\/wp-content\/uploads\/2019\/04\/France2.jpg 1024w, https:\/\/armin-knab-gymnasium.de\/Home\/wp-content\/uploads\/2019\/04\/France2-624x416.jpg 624w\" sizes=\"auto, (max-width: 300px) 100vw, 300px\" \/><\/a><\/p>\n<p style=\"margin-bottom: .0001pt;\">Unter diesem Motto besuchte Cassandre Tiphaine, Europ\u00e4ische Freiwillige im Partnerschaftsreferat des Bezirks Unterfranken, das Armin-Knab-Gymnasium. Einen Vormittag lang erz\u00e4hlte die junge Franz\u00f6sin aus dem Calvados den 5. Klassen von ihrem Land, brachte ihnen bei, wie man sich begr\u00fc\u00dft und vorstellt und hatte vor allem viel Spa\u00df mit ihnen.<\/p>\n<p style=\"margin-bottom: .0001pt;\">Elisabeth Werther<\/p>\n<p>&nbsp;<\/p>\n<p style=\"text-align: center;\"><a href=\"https:\/\/armin-knab-gymnasium.de\/Home\/wp-content\/uploads\/2019\/04\/France1.jpg\"><img loading=\"lazy\" decoding=\"async\" class=\"alignnone size-medium wp-image-5309\" src=\"https:\/\/armin-knab-gymnasium.de\/Home\/wp-content\/uploads\/2019\/04\/France1-300x200.jpg\" alt=\"\" width=\"300\" height=\"200\" srcset=\"https:\/\/armin-knab-gymnasium.de\/Home\/wp-content\/uploads\/2019\/04\/France1-300x200.jpg 300w, https:\/\/armin-knab-gymnasium.de\/Home\/wp-content\/uploads\/2019\/04\/France1-768x512.jpg 768w, https:\/\/armin-knab-gymnasium.de\/Home\/wp-content\/uploads\/2019\/04\/France1.jpg 1024w, https:\/\/armin-knab-gymnasium.de\/Home\/wp-content\/uploads\/2019\/04\/France1-624x416.jpg 624w\" sizes=\"auto, (max-width: 300px) 100vw, 300px\" \/><\/a><\/p>\n","protected":false},"excerpt":{"rendered":"<p>\u00a0 Unter diesem Motto besuchte Cassandre Tiphaine, Europ\u00e4ische Freiwillige im Partnerschaftsreferat des Bezirks Unterfranken, das Armin-Knab-Gymnasium. Einen Vormittag lang erz\u00e4hlte die junge Franz\u00f6sin aus dem Calvados den 5. Klassen von&#8230; <a href=\"https:\/\/armin-knab-gymnasium.de\/Home\/2019\/04\/08\/franzoesisch-ist-lustig-salut-tout-le-monde\/\">weiterlesen &raquo;<\/a><\/p>\n","protected":false},"author":12,"featured_media":5308,"comment_status":"closed","ping_status":"closed","sticky":false,"template":"","format":"standard","meta":{"ghostkit_customizer_options":"","ghostkit_custom_css":"","ghostkit_custom_js_head":"","ghostkit_custom_js_foot":"","ghostkit_typography":"","footnotes":""},"categories":[1,78],"tags":[],"coauthors":[45],"class_list":["post-5305","post","type-post","status-publish","format-standard","has-post-thumbnail","hentry","category-allgemein","category-franzoesisch"],"yoast_head":"<!-- This site is optimized with the Yoast SEO plugin v27.5 - https:\/\/yoast.com\/product\/yoast-seo-wordpress\/ -->\n<title>Franz\u00f6sisch ist lustig! Salut tout le monde! - Armin-Knab-Gymnasium Kitzingen<\/title>\n<meta name=\"robots\" content=\"index, follow, max-snippet:-1, max-image-preview:large, max-video-preview:-1\" \/>\n<link rel=\"canonical\" href=\"https:\/\/armin-knab-gymnasium.de\/Home\/2019\/04\/08\/franzoesisch-ist-lustig-salut-tout-le-monde\/\" \/>\n<meta property=\"og:locale\" content=\"de_DE\" \/>\n<meta property=\"og:type\" content=\"article\" \/>\n<meta property=\"og:title\" content=\"Franz\u00f6sisch ist lustig! Salut tout le monde! - Armin-Knab-Gymnasium Kitzingen\" \/>\n<meta property=\"og:description\" content=\"\u00a0 Unter diesem Motto besuchte Cassandre Tiphaine, Europ\u00e4ische Freiwillige im Partnerschaftsreferat des Bezirks Unterfranken, das Armin-Knab-Gymnasium. Einen Vormittag lang erz\u00e4hlte die junge Franz\u00f6sin aus dem Calvados den 5. Klassen von... weiterlesen &raquo;\" \/>\n<meta property=\"og:url\" content=\"https:\/\/armin-knab-gymnasium.de\/Home\/2019\/04\/08\/franzoesisch-ist-lustig-salut-tout-le-monde\/\" \/>\n<meta property=\"og:site_name\" content=\"Armin-Knab-Gymnasium Kitzingen\" \/>\n<meta property=\"article:published_time\" content=\"2019-04-08T07:56:24+00:00\" \/>\n<meta property=\"article:modified_time\" content=\"2019-04-08T08:22:57+00:00\" \/>\n<meta property=\"og:image\" content=\"https:\/\/armin-knab-gymnasium.de\/Home\/wp-content\/uploads\/2019\/04\/France.jpg\" \/>\n\t<meta property=\"og:image:width\" content=\"1280\" \/>\n\t<meta property=\"og:image:height\" content=\"853\" \/>\n\t<meta property=\"og:image:type\" content=\"image\/jpeg\" \/>\n<meta name=\"author\" content=\"Kerstin Fischer\" \/>\n<meta name=\"twitter:card\" content=\"summary_large_image\" \/>\n<meta name=\"twitter:label1\" content=\"Verfasst von\" \/>\n\t<meta name=\"twitter:data1\" content=\"Kerstin Fischer\" \/>\n\t<meta name=\"twitter:label2\" content=\"Written by\" \/>\n\t<meta name=\"twitter:data2\" content=\"Kerstin Fischer\" \/>\n<script type=\"application\/ld+json\" class=\"yoast-schema-graph\">{\"@context\":\"https:\\\/\\\/schema.org\",\"@graph\":[{\"@type\":\"Article\",\"@id\":\"https:\\\/\\\/armin-knab-gymnasium.de\\\/Home\\\/2019\\\/04\\\/08\\\/franzoesisch-ist-lustig-salut-tout-le-monde\\\/#article\",\"isPartOf\":{\"@id\":\"https:\\\/\\\/armin-knab-gymnasium.de\\\/Home\\\/2019\\\/04\\\/08\\\/franzoesisch-ist-lustig-salut-tout-le-monde\\\/\"},\"author\":{\"name\":\"Kerstin Fischer\",\"@id\":\"https:\\\/\\\/armin-knab-gymnasium.de\\\/Home\\\/#\\\/schema\\\/person\\\/95d5a5ac4ade135fa472bfba70c2c81f\"},\"headline\":\"Franz\u00f6sisch ist lustig! Salut tout le monde!\",\"datePublished\":\"2019-04-08T07:56:24+00:00\",\"dateModified\":\"2019-04-08T08:22:57+00:00\",\"mainEntityOfPage\":{\"@id\":\"https:\\\/\\\/armin-knab-gymnasium.de\\\/Home\\\/2019\\\/04\\\/08\\\/franzoesisch-ist-lustig-salut-tout-le-monde\\\/\"},\"wordCount\":62,\"publisher\":{\"@id\":\"https:\\\/\\\/armin-knab-gymnasium.de\\\/Home\\\/#organization\"},\"image\":{\"@id\":\"https:\\\/\\\/armin-knab-gymnasium.de\\\/Home\\\/2019\\\/04\\\/08\\\/franzoesisch-ist-lustig-salut-tout-le-monde\\\/#primaryimage\"},\"thumbnailUrl\":\"https:\\\/\\\/armin-knab-gymnasium.de\\\/Home\\\/wp-content\\\/uploads\\\/2019\\\/04\\\/France.jpg\",\"articleSection\":{\"1\":\"Franz\u00f6sisch\"},\"inLanguage\":\"de\"},{\"@type\":\"WebPage\",\"@id\":\"https:\\\/\\\/armin-knab-gymnasium.de\\\/Home\\\/2019\\\/04\\\/08\\\/franzoesisch-ist-lustig-salut-tout-le-monde\\\/\",\"url\":\"https:\\\/\\\/armin-knab-gymnasium.de\\\/Home\\\/2019\\\/04\\\/08\\\/franzoesisch-ist-lustig-salut-tout-le-monde\\\/\",\"name\":\"Franz\u00f6sisch ist lustig! Salut tout le monde! - Armin-Knab-Gymnasium Kitzingen\",\"isPartOf\":{\"@id\":\"https:\\\/\\\/armin-knab-gymnasium.de\\\/Home\\\/#website\"},\"primaryImageOfPage\":{\"@id\":\"https:\\\/\\\/armin-knab-gymnasium.de\\\/Home\\\/2019\\\/04\\\/08\\\/franzoesisch-ist-lustig-salut-tout-le-monde\\\/#primaryimage\"},\"image\":{\"@id\":\"https:\\\/\\\/armin-knab-gymnasium.de\\\/Home\\\/2019\\\/04\\\/08\\\/franzoesisch-ist-lustig-salut-tout-le-monde\\\/#primaryimage\"},\"thumbnailUrl\":\"https:\\\/\\\/armin-knab-gymnasium.de\\\/Home\\\/wp-content\\\/uploads\\\/2019\\\/04\\\/France.jpg\",\"datePublished\":\"2019-04-08T07:56:24+00:00\",\"dateModified\":\"2019-04-08T08:22:57+00:00\",\"breadcrumb\":{\"@id\":\"https:\\\/\\\/armin-knab-gymnasium.de\\\/Home\\\/2019\\\/04\\\/08\\\/franzoesisch-ist-lustig-salut-tout-le-monde\\\/#breadcrumb\"},\"inLanguage\":\"de\",\"potentialAction\":[{\"@type\":\"ReadAction\",\"target\":[\"https:\\\/\\\/armin-knab-gymnasium.de\\\/Home\\\/2019\\\/04\\\/08\\\/franzoesisch-ist-lustig-salut-tout-le-monde\\\/\"]}]},{\"@type\":\"ImageObject\",\"inLanguage\":\"de\",\"@id\":\"https:\\\/\\\/armin-knab-gymnasium.de\\\/Home\\\/2019\\\/04\\\/08\\\/franzoesisch-ist-lustig-salut-tout-le-monde\\\/#primaryimage\",\"url\":\"https:\\\/\\\/armin-knab-gymnasium.de\\\/Home\\\/wp-content\\\/uploads\\\/2019\\\/04\\\/France.jpg\",\"contentUrl\":\"https:\\\/\\\/armin-knab-gymnasium.de\\\/Home\\\/wp-content\\\/uploads\\\/2019\\\/04\\\/France.jpg\",\"width\":1280,\"height\":853},{\"@type\":\"BreadcrumbList\",\"@id\":\"https:\\\/\\\/armin-knab-gymnasium.de\\\/Home\\\/2019\\\/04\\\/08\\\/franzoesisch-ist-lustig-salut-tout-le-monde\\\/#breadcrumb\",\"itemListElement\":[{\"@type\":\"ListItem\",\"position\":1,\"name\":\"Startseite\",\"item\":\"https:\\\/\\\/armin-knab-gymnasium.de\\\/Home\\\/\"},{\"@type\":\"ListItem\",\"position\":2,\"name\":\"Franz\u00f6sisch ist lustig! Salut tout le monde!\"}]},{\"@type\":\"WebSite\",\"@id\":\"https:\\\/\\\/armin-knab-gymnasium.de\\\/Home\\\/#website\",\"url\":\"https:\\\/\\\/armin-knab-gymnasium.de\\\/Home\\\/\",\"name\":\"Armin-Knab-Gymnasium Kitzingen\",\"description\":\"Naturwissenschaftlich-technologisches und sprachliches Gymnasium\",\"publisher\":{\"@id\":\"https:\\\/\\\/armin-knab-gymnasium.de\\\/Home\\\/#organization\"},\"potentialAction\":[{\"@type\":\"SearchAction\",\"target\":{\"@type\":\"EntryPoint\",\"urlTemplate\":\"https:\\\/\\\/armin-knab-gymnasium.de\\\/Home\\\/?s={search_term_string}\"},\"query-input\":{\"@type\":\"PropertyValueSpecification\",\"valueRequired\":true,\"valueName\":\"search_term_string\"}}],\"inLanguage\":\"de\"},{\"@type\":\"Organization\",\"@id\":\"https:\\\/\\\/armin-knab-gymnasium.de\\\/Home\\\/#organization\",\"name\":\"Armin-Knab-Gymnasium Kitzingen\",\"url\":\"https:\\\/\\\/armin-knab-gymnasium.de\\\/Home\\\/\",\"logo\":{\"@type\":\"ImageObject\",\"inLanguage\":\"de\",\"@id\":\"https:\\\/\\\/armin-knab-gymnasium.de\\\/Home\\\/#\\\/schema\\\/logo\\\/image\\\/\",\"url\":\"https:\\\/\\\/armin-knab-gymnasium.de\\\/Home\\\/wp-content\\\/uploads\\\/2016\\\/11\\\/LogoIcon.png\",\"contentUrl\":\"https:\\\/\\\/armin-knab-gymnasium.de\\\/Home\\\/wp-content\\\/uploads\\\/2016\\\/11\\\/LogoIcon.png\",\"width\":512,\"height\":512,\"caption\":\"Armin-Knab-Gymnasium Kitzingen\"},\"image\":{\"@id\":\"https:\\\/\\\/armin-knab-gymnasium.de\\\/Home\\\/#\\\/schema\\\/logo\\\/image\\\/\"}},{\"@type\":\"Person\",\"@id\":\"https:\\\/\\\/armin-knab-gymnasium.de\\\/Home\\\/#\\\/schema\\\/person\\\/95d5a5ac4ade135fa472bfba70c2c81f\",\"name\":\"Kerstin Fischer\",\"image\":{\"@type\":\"ImageObject\",\"inLanguage\":\"de\",\"@id\":\"https:\\\/\\\/secure.gravatar.com\\\/avatar\\\/7bdbf83899237cbc65555695b45b91f6924bfc710e71db53ad8637fc3de3eb54?s=96&d=mm&r=gd04ef5d85aac6e82f1173ac7b41753a3\",\"url\":\"https:\\\/\\\/secure.gravatar.com\\\/avatar\\\/7bdbf83899237cbc65555695b45b91f6924bfc710e71db53ad8637fc3de3eb54?s=96&d=mm&r=g\",\"contentUrl\":\"https:\\\/\\\/secure.gravatar.com\\\/avatar\\\/7bdbf83899237cbc65555695b45b91f6924bfc710e71db53ad8637fc3de3eb54?s=96&d=mm&r=g\",\"caption\":\"Kerstin Fischer\"},\"sameAs\":[\"https:\\\/\\\/armin-knab-gymnasium.de\\\/Home\"],\"url\":\"https:\\\/\\\/armin-knab-gymnasium.de\\\/Home\\\/author\\\/kweber\\\/\"}]}<\/script>\n<!-- \/ Yoast SEO plugin. -->","yoast_head_json":{"title":"Franz\u00f6sisch ist lustig! Salut tout le monde! - Armin-Knab-Gymnasium Kitzingen","robots":{"index":"index","follow":"follow","max-snippet":"max-snippet:-1","max-image-preview":"max-image-preview:large","max-video-preview":"max-video-preview:-1"},"canonical":"https:\/\/armin-knab-gymnasium.de\/Home\/2019\/04\/08\/franzoesisch-ist-lustig-salut-tout-le-monde\/","og_locale":"de_DE","og_type":"article","og_title":"Franz\u00f6sisch ist lustig! Salut tout le monde! - Armin-Knab-Gymnasium Kitzingen","og_description":"\u00a0 Unter diesem Motto besuchte Cassandre Tiphaine, Europ\u00e4ische Freiwillige im Partnerschaftsreferat des Bezirks Unterfranken, das Armin-Knab-Gymnasium. Einen Vormittag lang erz\u00e4hlte die junge Franz\u00f6sin aus dem Calvados den 5. Klassen von... weiterlesen &raquo;","og_url":"https:\/\/armin-knab-gymnasium.de\/Home\/2019\/04\/08\/franzoesisch-ist-lustig-salut-tout-le-monde\/","og_site_name":"Armin-Knab-Gymnasium Kitzingen","article_published_time":"2019-04-08T07:56:24+00:00","article_modified_time":"2019-04-08T08:22:57+00:00","og_image":[{"width":1280,"height":853,"url":"https:\/\/armin-knab-gymnasium.de\/Home\/wp-content\/uploads\/2019\/04\/France.jpg","type":"image\/jpeg"}],"author":"Kerstin Fischer","twitter_card":"summary_large_image","twitter_misc":{"Verfasst von":"Kerstin Fischer","Written by":"Kerstin Fischer"},"schema":{"@context":"https:\/\/schema.org","@graph":[{"@type":"Article","@id":"https:\/\/armin-knab-gymnasium.de\/Home\/2019\/04\/08\/franzoesisch-ist-lustig-salut-tout-le-monde\/#article","isPartOf":{"@id":"https:\/\/armin-knab-gymnasium.de\/Home\/2019\/04\/08\/franzoesisch-ist-lustig-salut-tout-le-monde\/"},"author":{"name":"Kerstin Fischer","@id":"https:\/\/armin-knab-gymnasium.de\/Home\/#\/schema\/person\/95d5a5ac4ade135fa472bfba70c2c81f"},"headline":"Franz\u00f6sisch ist lustig! Salut tout le monde!","datePublished":"2019-04-08T07:56:24+00:00","dateModified":"2019-04-08T08:22:57+00:00","mainEntityOfPage":{"@id":"https:\/\/armin-knab-gymnasium.de\/Home\/2019\/04\/08\/franzoesisch-ist-lustig-salut-tout-le-monde\/"},"wordCount":62,"publisher":{"@id":"https:\/\/armin-knab-gymnasium.de\/Home\/#organization"},"image":{"@id":"https:\/\/armin-knab-gymnasium.de\/Home\/2019\/04\/08\/franzoesisch-ist-lustig-salut-tout-le-monde\/#primaryimage"},"thumbnailUrl":"https:\/\/armin-knab-gymnasium.de\/Home\/wp-content\/uploads\/2019\/04\/France.jpg","articleSection":{"1":"Franz\u00f6sisch"},"inLanguage":"de"},{"@type":"WebPage","@id":"https:\/\/armin-knab-gymnasium.de\/Home\/2019\/04\/08\/franzoesisch-ist-lustig-salut-tout-le-monde\/","url":"https:\/\/armin-knab-gymnasium.de\/Home\/2019\/04\/08\/franzoesisch-ist-lustig-salut-tout-le-monde\/","name":"Franz\u00f6sisch ist lustig! Salut tout le monde! - Armin-Knab-Gymnasium Kitzingen","isPartOf":{"@id":"https:\/\/armin-knab-gymnasium.de\/Home\/#website"},"primaryImageOfPage":{"@id":"https:\/\/armin-knab-gymnasium.de\/Home\/2019\/04\/08\/franzoesisch-ist-lustig-salut-tout-le-monde\/#primaryimage"},"image":{"@id":"https:\/\/armin-knab-gymnasium.de\/Home\/2019\/04\/08\/franzoesisch-ist-lustig-salut-tout-le-monde\/#primaryimage"},"thumbnailUrl":"https:\/\/armin-knab-gymnasium.de\/Home\/wp-content\/uploads\/2019\/04\/France.jpg","datePublished":"2019-04-08T07:56:24+00:00","dateModified":"2019-04-08T08:22:57+00:00","breadcrumb":{"@id":"https:\/\/armin-knab-gymnasium.de\/Home\/2019\/04\/08\/franzoesisch-ist-lustig-salut-tout-le-monde\/#breadcrumb"},"inLanguage":"de","potentialAction":[{"@type":"ReadAction","target":["https:\/\/armin-knab-gymnasium.de\/Home\/2019\/04\/08\/franzoesisch-ist-lustig-salut-tout-le-monde\/"]}]},{"@type":"ImageObject","inLanguage":"de","@id":"https:\/\/armin-knab-gymnasium.de\/Home\/2019\/04\/08\/franzoesisch-ist-lustig-salut-tout-le-monde\/#primaryimage","url":"https:\/\/armin-knab-gymnasium.de\/Home\/wp-content\/uploads\/2019\/04\/France.jpg","contentUrl":"https:\/\/armin-knab-gymnasium.de\/Home\/wp-content\/uploads\/2019\/04\/France.jpg","width":1280,"height":853},{"@type":"BreadcrumbList","@id":"https:\/\/armin-knab-gymnasium.de\/Home\/2019\/04\/08\/franzoesisch-ist-lustig-salut-tout-le-monde\/#breadcrumb","itemListElement":[{"@type":"ListItem","position":1,"name":"Startseite","item":"https:\/\/armin-knab-gymnasium.de\/Home\/"},{"@type":"ListItem","position":2,"name":"Franz\u00f6sisch ist lustig! Salut tout le monde!"}]},{"@type":"WebSite","@id":"https:\/\/armin-knab-gymnasium.de\/Home\/#website","url":"https:\/\/armin-knab-gymnasium.de\/Home\/","name":"Armin-Knab-Gymnasium Kitzingen","description":"Naturwissenschaftlich-technologisches und sprachliches Gymnasium","publisher":{"@id":"https:\/\/armin-knab-gymnasium.de\/Home\/#organization"},"potentialAction":[{"@type":"SearchAction","target":{"@type":"EntryPoint","urlTemplate":"https:\/\/armin-knab-gymnasium.de\/Home\/?s={search_term_string}"},"query-input":{"@type":"PropertyValueSpecification","valueRequired":true,"valueName":"search_term_string"}}],"inLanguage":"de"},{"@type":"Organization","@id":"https:\/\/armin-knab-gymnasium.de\/Home\/#organization","name":"Armin-Knab-Gymnasium Kitzingen","url":"https:\/\/armin-knab-gymnasium.de\/Home\/","logo":{"@type":"ImageObject","inLanguage":"de","@id":"https:\/\/armin-knab-gymnasium.de\/Home\/#\/schema\/logo\/image\/","url":"https:\/\/armin-knab-gymnasium.de\/Home\/wp-content\/uploads\/2016\/11\/LogoIcon.png","contentUrl":"https:\/\/armin-knab-gymnasium.de\/Home\/wp-content\/uploads\/2016\/11\/LogoIcon.png","width":512,"height":512,"caption":"Armin-Knab-Gymnasium Kitzingen"},"image":{"@id":"https:\/\/armin-knab-gymnasium.de\/Home\/#\/schema\/logo\/image\/"}},{"@type":"Person","@id":"https:\/\/armin-knab-gymnasium.de\/Home\/#\/schema\/person\/95d5a5ac4ade135fa472bfba70c2c81f","name":"Kerstin Fischer","image":{"@type":"ImageObject","inLanguage":"de","@id":"https:\/\/secure.gravatar.com\/avatar\/7bdbf83899237cbc65555695b45b91f6924bfc710e71db53ad8637fc3de3eb54?s=96&d=mm&r=gd04ef5d85aac6e82f1173ac7b41753a3","url":"https:\/\/secure.gravatar.com\/avatar\/7bdbf83899237cbc65555695b45b91f6924bfc710e71db53ad8637fc3de3eb54?s=96&d=mm&r=g","contentUrl":"https:\/\/secure.gravatar.com\/avatar\/7bdbf83899237cbc65555695b45b91f6924bfc710e71db53ad8637fc3de3eb54?s=96&d=mm&r=g","caption":"Kerstin Fischer"},"sameAs":["https:\/\/armin-knab-gymnasium.de\/Home"],"url":"https:\/\/armin-knab-gymnasium.de\/Home\/author\/kweber\/"}]}},"publishpress_future_action":{"enabled":false,"date":"2026-05-07 17:38:29","action":"change-status","newStatus":"draft","terms":[],"taxonomy":"category","extraData":[]},"publishpress_future_workflow_manual_trigger":{"enabledWorkflows":[]},"_links":{"self":[{"href":"https:\/\/armin-knab-gymnasium.de\/Home\/wp-json\/wp\/v2\/posts\/5305","targetHints":{"allow":["GET"]}}],"collection":[{"href":"https:\/\/armin-knab-gymnasium.de\/Home\/wp-json\/wp\/v2\/posts"}],"about":[{"href":"https:\/\/armin-knab-gymnasium.de\/Home\/wp-json\/wp\/v2\/types\/post"}],"author":[{"embeddable":true,"href":"https:\/\/armin-knab-gymnasium.de\/Home\/wp-json\/wp\/v2\/users\/12"}],"replies":[{"embeddable":true,"href":"https:\/\/armin-knab-gymnasium.de\/Home\/wp-json\/wp\/v2\/comments?post=5305"}],"version-history":[{"count":2,"href":"https:\/\/armin-knab-gymnasium.de\/Home\/wp-json\/wp\/v2\/posts\/5305\/revisions"}],"predecessor-version":[{"id":5312,"href":"https:\/\/armin-knab-gymnasium.de\/Home\/wp-json\/wp\/v2\/posts\/5305\/revisions\/5312"}],"wp:featuredmedia":[{"embeddable":true,"href":"https:\/\/armin-knab-gymnasium.de\/Home\/wp-json\/wp\/v2\/media\/5308"}],"wp:attachment":[{"href":"https:\/\/armin-knab-gymnasium.de\/Home\/wp-json\/wp\/v2\/media?parent=5305"}],"wp:term":[{"taxonomy":"category","embeddable":true,"href":"https:\/\/armin-knab-gymnasium.de\/Home\/wp-json\/wp\/v2\/categories?post=5305"},{"taxonomy":"post_tag","embeddable":true,"href":"https:\/\/armin-knab-gymnasium.de\/Home\/wp-json\/wp\/v2\/tags?post=5305"},{"taxonomy":"author","embeddable":true,"href":"https:\/\/armin-knab-gymnasium.de\/Home\/wp-json\/wp\/v2\/coauthors?post=5305"}],"curies":[{"name":"wp","href":"https:\/\/api.w.org\/{rel}","templated":true}]}}