{"id":7584,"date":"2020-02-04T12:24:35","date_gmt":"2020-02-04T11:24:35","guid":{"rendered":"http:\/\/armin-knab-gymnasium.de\/Home\/?p=7584"},"modified":"2020-02-04T12:28:11","modified_gmt":"2020-02-04T11:28:11","slug":"31-stunden-paris-bei-tag-und-nacht","status":"publish","type":"post","link":"https:\/\/armin-knab-gymnasium.de\/Home\/2020\/02\/04\/31-stunden-paris-bei-tag-und-nacht\/","title":{"rendered":"31 Stunden: PARIS bei Tag und Nacht"},"content":{"rendered":"<p>Wir hatten die Chance auf ein Wochenende mit unserem Franz\u00f6sisch-Kurs in Paris! Deshalb sind wir am Freitag, den 17.01., schon um 4 Uhr morgens noch total verschlafen in W\u00fcrzburg in den Zug gestiegen, um 2 m\u00f6glichst lange Tage dort zu verbringen. 7 Stunden sp\u00e4ter hatten wir zwar noch keinen Blick auf den Eiffelturm erhascht, aber Pariser Boden unter den F\u00fc\u00dfen. Die Metrostreiks machten den Weg zum Hotel unbequemer als erwartet, doch der Anblick des Eiffelturms zauberte uns ein L\u00e4cheln ins Gesicht.<\/p>\n<p><a href=\"https:\/\/armin-knab-gymnasium.de\/Home\/wp-content\/uploads\/2020\/02\/DSC_0070-scaled.jpg\"><img loading=\"lazy\" decoding=\"async\" class=\"alignnone size-medium wp-image-7593\" src=\"https:\/\/armin-knab-gymnasium.de\/Home\/wp-content\/uploads\/2020\/02\/DSC_0070-200x300.jpg\" alt=\"\" width=\"200\" height=\"300\" srcset=\"https:\/\/armin-knab-gymnasium.de\/Home\/wp-content\/uploads\/2020\/02\/DSC_0070-200x300.jpg 200w, https:\/\/armin-knab-gymnasium.de\/Home\/wp-content\/uploads\/2020\/02\/DSC_0070-683x1024.jpg 683w, https:\/\/armin-knab-gymnasium.de\/Home\/wp-content\/uploads\/2020\/02\/DSC_0070-768x1152.jpg 768w, https:\/\/armin-knab-gymnasium.de\/Home\/wp-content\/uploads\/2020\/02\/DSC_0070-1024x1536.jpg 1024w, https:\/\/armin-knab-gymnasium.de\/Home\/wp-content\/uploads\/2020\/02\/DSC_0070-1365x2048.jpg 1365w, https:\/\/armin-knab-gymnasium.de\/Home\/wp-content\/uploads\/2020\/02\/DSC_0070-624x936.jpg 624w, https:\/\/armin-knab-gymnasium.de\/Home\/wp-content\/uploads\/2020\/02\/DSC_0070-scaled.jpg 1707w\" sizes=\"auto, (max-width: 200px) 100vw, 200px\" \/><\/a> <a href=\"https:\/\/armin-knab-gymnasium.de\/Home\/wp-content\/uploads\/2020\/02\/DSC_0071-scaled.jpg\"><img loading=\"lazy\" decoding=\"async\" class=\"alignnone size-medium wp-image-7594\" src=\"https:\/\/armin-knab-gymnasium.de\/Home\/wp-content\/uploads\/2020\/02\/DSC_0071-200x300.jpg\" alt=\"\" width=\"200\" height=\"300\" srcset=\"https:\/\/armin-knab-gymnasium.de\/Home\/wp-content\/uploads\/2020\/02\/DSC_0071-200x300.jpg 200w, https:\/\/armin-knab-gymnasium.de\/Home\/wp-content\/uploads\/2020\/02\/DSC_0071-683x1024.jpg 683w, https:\/\/armin-knab-gymnasium.de\/Home\/wp-content\/uploads\/2020\/02\/DSC_0071-768x1152.jpg 768w, https:\/\/armin-knab-gymnasium.de\/Home\/wp-content\/uploads\/2020\/02\/DSC_0071-1024x1536.jpg 1024w, https:\/\/armin-knab-gymnasium.de\/Home\/wp-content\/uploads\/2020\/02\/DSC_0071-1365x2048.jpg 1365w, https:\/\/armin-knab-gymnasium.de\/Home\/wp-content\/uploads\/2020\/02\/DSC_0071-624x936.jpg 624w, https:\/\/armin-knab-gymnasium.de\/Home\/wp-content\/uploads\/2020\/02\/DSC_0071-scaled.jpg 1707w\" sizes=\"auto, (max-width: 200px) 100vw, 200px\" \/><\/a><\/p>\n<p>Nachdem wir unser Gep\u00e4ck deponiert hatten, widmeten wir uns auch gleich als erstes diesem Wahrzeichen von Paris und ganz Frankreich &#8211; dem Eiffelturm, der nur wenige Gehminuten von unserem Hotel entfernt lag.<\/p>\n<p><a href=\"https:\/\/armin-knab-gymnasium.de\/Home\/wp-content\/uploads\/2020\/02\/DSC_0091-scaled.jpg\"><img loading=\"lazy\" decoding=\"async\" class=\"alignnone size-medium wp-image-7596\" src=\"https:\/\/armin-knab-gymnasium.de\/Home\/wp-content\/uploads\/2020\/02\/DSC_0091-300x200.jpg\" alt=\"\" width=\"300\" height=\"200\" srcset=\"https:\/\/armin-knab-gymnasium.de\/Home\/wp-content\/uploads\/2020\/02\/DSC_0091-300x200.jpg 300w, https:\/\/armin-knab-gymnasium.de\/Home\/wp-content\/uploads\/2020\/02\/DSC_0091-1024x683.jpg 1024w, https:\/\/armin-knab-gymnasium.de\/Home\/wp-content\/uploads\/2020\/02\/DSC_0091-768x512.jpg 768w, https:\/\/armin-knab-gymnasium.de\/Home\/wp-content\/uploads\/2020\/02\/DSC_0091-1536x1024.jpg 1536w, https:\/\/armin-knab-gymnasium.de\/Home\/wp-content\/uploads\/2020\/02\/DSC_0091-2048x1365.jpg 2048w, https:\/\/armin-knab-gymnasium.de\/Home\/wp-content\/uploads\/2020\/02\/DSC_0091-624x416.jpg 624w\" sizes=\"auto, (max-width: 300px) 100vw, 300px\" \/><\/a><\/p>\n<p>Anschlie\u00dfend wurden weitere Sehensw\u00fcrdigkeiten von Paris besichtigt, wie beispielsweise der Arc de Triomphe, die wundervoll beleuchteten Champs Elys\u00e9es und <span style=\"display: inline !important; float: none; background-color: transparent; color: #444444; font-family: 'Open Sans',Helvetica,Arial,sans-serif; font-size: 14px; font-style: normal; font-variant: normal; font-weight: 400; letter-spacing: normal; line-height: 23.99px; orphans: 2; text-align: left; text-decoration: none; text-indent: 0px; text-transform: none; -webkit-text-stroke-width: 0px; white-space: normal; word-spacing: 0px;\">der Louvre, das Centre Pompidou und Les Halles. <span style=\"display: inline !important; float: none; background-color: transparent; color: #444444; font-family: 'Open Sans',Helvetica,Arial,sans-serif; font-size: 14px; font-style: normal; font-variant: normal; font-weight: 400; letter-spacing: normal; line-height: 23.99px; orphans: 2; text-align: left; text-decoration: none; text-indent: 0px; text-transform: none; -webkit-text-stroke-width: 0px; white-space: normal; word-spacing: 0px;\">Nach 33000 Schritten haben wir uns abends nur noch auf ein leckeres Essen im Marais und anschlie\u00dfend unser Ho<\/span><span style=\"background-color: transparent; color: #444444; display: inline; float: none; font-family: &amp;quot; open sans&amp;quot;,helvetica,arial,sans-serif; font-size: 14px; font-style: normal; font-variant: normal; font-weight: 400; letter-spacing: normal; line-height: 23.99px; orphans: 2; text-align: left; text-decoration: none; text-indent: 0px; text-transform: none; -webkit-text-stroke-width: 0px; white-space: normal; word-spacing: 0px;\">telbett gefreut.<\/span><\/span><\/p>\n<p>Der n\u00e4chste Morgen brachte Sonnenschein und gute Laune, um weiterhin die sch\u00f6nsten Ecken der Hauptstadt zu entdecken. Nachdem wir das Gep\u00e4ck am Bahnhof abgegeben hatten, standen das H\u00f4tel de Ville und Notre Dame, die wegen der Bauarbeiten momentan von hohen Bauz\u00e4unen umgeben ist, auf dem Programm.<\/p>\n<p><a href=\"https:\/\/armin-knab-gymnasium.de\/Home\/wp-content\/uploads\/2020\/02\/DSC_0189-scaled.jpg\"><img loading=\"lazy\" decoding=\"async\" class=\"alignnone size-medium wp-image-7604\" src=\"https:\/\/armin-knab-gymnasium.de\/Home\/wp-content\/uploads\/2020\/02\/DSC_0189-300x200.jpg\" alt=\"\" width=\"300\" height=\"200\" srcset=\"https:\/\/armin-knab-gymnasium.de\/Home\/wp-content\/uploads\/2020\/02\/DSC_0189-300x200.jpg 300w, https:\/\/armin-knab-gymnasium.de\/Home\/wp-content\/uploads\/2020\/02\/DSC_0189-1024x683.jpg 1024w, https:\/\/armin-knab-gymnasium.de\/Home\/wp-content\/uploads\/2020\/02\/DSC_0189-768x512.jpg 768w, https:\/\/armin-knab-gymnasium.de\/Home\/wp-content\/uploads\/2020\/02\/DSC_0189-1536x1024.jpg 1536w, https:\/\/armin-knab-gymnasium.de\/Home\/wp-content\/uploads\/2020\/02\/DSC_0189-2048x1365.jpg 2048w, https:\/\/armin-knab-gymnasium.de\/Home\/wp-content\/uploads\/2020\/02\/DSC_0189-624x416.jpg 624w\" sizes=\"auto, (max-width: 300px) 100vw, 300px\" \/><\/a> <a href=\"https:\/\/armin-knab-gymnasium.de\/Home\/wp-content\/uploads\/2020\/02\/DSC_0182-scaled.jpg\"><img loading=\"lazy\" decoding=\"async\" class=\"alignnone size-medium wp-image-7603\" src=\"https:\/\/armin-knab-gymnasium.de\/Home\/wp-content\/uploads\/2020\/02\/DSC_0182-300x200.jpg\" alt=\"\" width=\"300\" height=\"200\" srcset=\"https:\/\/armin-knab-gymnasium.de\/Home\/wp-content\/uploads\/2020\/02\/DSC_0182-300x200.jpg 300w, https:\/\/armin-knab-gymnasium.de\/Home\/wp-content\/uploads\/2020\/02\/DSC_0182-1024x683.jpg 1024w, https:\/\/armin-knab-gymnasium.de\/Home\/wp-content\/uploads\/2020\/02\/DSC_0182-768x512.jpg 768w, https:\/\/armin-knab-gymnasium.de\/Home\/wp-content\/uploads\/2020\/02\/DSC_0182-1536x1024.jpg 1536w, https:\/\/armin-knab-gymnasium.de\/Home\/wp-content\/uploads\/2020\/02\/DSC_0182-2048x1365.jpg 2048w, https:\/\/armin-knab-gymnasium.de\/Home\/wp-content\/uploads\/2020\/02\/DSC_0182-624x416.jpg 624w\" sizes=\"auto, (max-width: 300px) 100vw, 300px\" \/><\/a><a href=\"https:\/\/armin-knab-gymnasium.de\/Home\/wp-content\/uploads\/2020\/02\/DSC_0191-scaled.jpg\"><img loading=\"lazy\" decoding=\"async\" class=\"alignnone size-medium wp-image-7605\" src=\"https:\/\/armin-knab-gymnasium.de\/Home\/wp-content\/uploads\/2020\/02\/DSC_0191-300x200.jpg\" alt=\"\" width=\"300\" height=\"200\" srcset=\"https:\/\/armin-knab-gymnasium.de\/Home\/wp-content\/uploads\/2020\/02\/DSC_0191-300x200.jpg 300w, https:\/\/armin-knab-gymnasium.de\/Home\/wp-content\/uploads\/2020\/02\/DSC_0191-1024x683.jpg 1024w, https:\/\/armin-knab-gymnasium.de\/Home\/wp-content\/uploads\/2020\/02\/DSC_0191-768x512.jpg 768w, https:\/\/armin-knab-gymnasium.de\/Home\/wp-content\/uploads\/2020\/02\/DSC_0191-1536x1024.jpg 1536w, https:\/\/armin-knab-gymnasium.de\/Home\/wp-content\/uploads\/2020\/02\/DSC_0191-2048x1365.jpg 2048w, https:\/\/armin-knab-gymnasium.de\/Home\/wp-content\/uploads\/2020\/02\/DSC_0191-624x416.jpg 624w\" sizes=\"auto, (max-width: 300px) 100vw, 300px\" \/><\/a><\/p>\n<p>Der anstrengende Aufstieg zur wundervollen Kirche Sacr\u00e9-Coeur erm\u00f6glichte nicht nur besondere Fotos sondern auch einen atemberaubenden Blick \u00fcber die D\u00e4cher von Paris.<\/p>\n<p><a href=\"https:\/\/armin-knab-gymnasium.de\/Home\/wp-content\/uploads\/2020\/02\/DSC_0202-scaled.jpg\"><img loading=\"lazy\" decoding=\"async\" class=\"alignnone size-medium wp-image-7608\" src=\"https:\/\/armin-knab-gymnasium.de\/Home\/wp-content\/uploads\/2020\/02\/DSC_0202-300x200.jpg\" alt=\"\" width=\"300\" height=\"200\" srcset=\"https:\/\/armin-knab-gymnasium.de\/Home\/wp-content\/uploads\/2020\/02\/DSC_0202-300x200.jpg 300w, https:\/\/armin-knab-gymnasium.de\/Home\/wp-content\/uploads\/2020\/02\/DSC_0202-1024x683.jpg 1024w, https:\/\/armin-knab-gymnasium.de\/Home\/wp-content\/uploads\/2020\/02\/DSC_0202-768x512.jpg 768w, https:\/\/armin-knab-gymnasium.de\/Home\/wp-content\/uploads\/2020\/02\/DSC_0202-1536x1024.jpg 1536w, https:\/\/armin-knab-gymnasium.de\/Home\/wp-content\/uploads\/2020\/02\/DSC_0202-2048x1365.jpg 2048w, https:\/\/armin-knab-gymnasium.de\/Home\/wp-content\/uploads\/2020\/02\/DSC_0202-624x416.jpg 624w\" sizes=\"auto, (max-width: 300px) 100vw, 300px\" \/><\/a> <a href=\"https:\/\/armin-knab-gymnasium.de\/Home\/wp-content\/uploads\/2020\/02\/DSC_0210-scaled.jpg\"><img loading=\"lazy\" decoding=\"async\" class=\"alignnone size-medium wp-image-7609\" src=\"https:\/\/armin-knab-gymnasium.de\/Home\/wp-content\/uploads\/2020\/02\/DSC_0210-300x200.jpg\" alt=\"\" width=\"300\" height=\"200\" srcset=\"https:\/\/armin-knab-gymnasium.de\/Home\/wp-content\/uploads\/2020\/02\/DSC_0210-300x200.jpg 300w, https:\/\/armin-knab-gymnasium.de\/Home\/wp-content\/uploads\/2020\/02\/DSC_0210-1024x683.jpg 1024w, https:\/\/armin-knab-gymnasium.de\/Home\/wp-content\/uploads\/2020\/02\/DSC_0210-768x512.jpg 768w, https:\/\/armin-knab-gymnasium.de\/Home\/wp-content\/uploads\/2020\/02\/DSC_0210-1536x1024.jpg 1536w, https:\/\/armin-knab-gymnasium.de\/Home\/wp-content\/uploads\/2020\/02\/DSC_0210-2048x1365.jpg 2048w, https:\/\/armin-knab-gymnasium.de\/Home\/wp-content\/uploads\/2020\/02\/DSC_0210-624x416.jpg 624w\" sizes=\"auto, (max-width: 300px) 100vw, 300px\" \/><\/a><\/p>\n<p>Einige franz\u00f6sische Spezialit\u00e4ten und lustige Momente sp\u00e4ter kamen wir voller sch\u00f6ner Eindr\u00fccke, aber m\u00fcde zur\u00fcck in die Heimat.<\/p>\n<p><a href=\"https:\/\/armin-knab-gymnasium.de\/Home\/wp-content\/uploads\/2020\/02\/WhatsApp-Image-2020-02-04-at-12.10.15.jpeg\"><img loading=\"lazy\" decoding=\"async\" class=\"alignnone size-medium wp-image-7618\" src=\"https:\/\/armin-knab-gymnasium.de\/Home\/wp-content\/uploads\/2020\/02\/WhatsApp-Image-2020-02-04-at-12.10.15-225x300.jpeg\" alt=\"\" width=\"225\" height=\"300\" srcset=\"https:\/\/armin-knab-gymnasium.de\/Home\/wp-content\/uploads\/2020\/02\/WhatsApp-Image-2020-02-04-at-12.10.15-225x300.jpeg 225w, https:\/\/armin-knab-gymnasium.de\/Home\/wp-content\/uploads\/2020\/02\/WhatsApp-Image-2020-02-04-at-12.10.15-768x1024.jpeg 768w, https:\/\/armin-knab-gymnasium.de\/Home\/wp-content\/uploads\/2020\/02\/WhatsApp-Image-2020-02-04-at-12.10.15-1152x1536.jpeg 1152w, https:\/\/armin-knab-gymnasium.de\/Home\/wp-content\/uploads\/2020\/02\/WhatsApp-Image-2020-02-04-at-12.10.15-624x832.jpeg 624w, https:\/\/armin-knab-gymnasium.de\/Home\/wp-content\/uploads\/2020\/02\/WhatsApp-Image-2020-02-04-at-12.10.15.jpeg 1200w\" sizes=\"auto, (max-width: 225px) 100vw, 225px\" \/><\/a> <a href=\"https:\/\/armin-knab-gymnasium.de\/Home\/wp-content\/uploads\/2020\/02\/WhatsApp-Image-2020-02-04-at-12.10.16.jpeg\"><img loading=\"lazy\" decoding=\"async\" class=\"alignnone size-medium wp-image-7619\" src=\"https:\/\/armin-knab-gymnasium.de\/Home\/wp-content\/uploads\/2020\/02\/WhatsApp-Image-2020-02-04-at-12.10.16-225x300.jpeg\" alt=\"\" width=\"225\" height=\"300\" srcset=\"https:\/\/armin-knab-gymnasium.de\/Home\/wp-content\/uploads\/2020\/02\/WhatsApp-Image-2020-02-04-at-12.10.16-225x300.jpeg 225w, https:\/\/armin-knab-gymnasium.de\/Home\/wp-content\/uploads\/2020\/02\/WhatsApp-Image-2020-02-04-at-12.10.16-768x1024.jpeg 768w, https:\/\/armin-knab-gymnasium.de\/Home\/wp-content\/uploads\/2020\/02\/WhatsApp-Image-2020-02-04-at-12.10.16-1152x1536.jpeg 1152w, https:\/\/armin-knab-gymnasium.de\/Home\/wp-content\/uploads\/2020\/02\/WhatsApp-Image-2020-02-04-at-12.10.16-624x832.jpeg 624w, https:\/\/armin-knab-gymnasium.de\/Home\/wp-content\/uploads\/2020\/02\/WhatsApp-Image-2020-02-04-at-12.10.16.jpeg 1200w\" sizes=\"auto, (max-width: 225px) 100vw, 225px\" \/><\/a><\/p>\n<p>Alles in allem waren es zwei sehr sch\u00f6ne Tage in Paris, in denen wir viel erlebt und gesehen haben &#8211; auf der R\u00fcckreise auch ein paar deutsche Bahnh\u00f6fe mehr als geplant \ud83d\ude09<\/p>\n<p>Der Franz\u00f6sisch-Kurs mit Frau P\u00f6llot und Frau Fechtner<\/p>\n<p>&nbsp;<\/p>\n<p style=\"background-color: transparent; color: #444444; font-family: &amp;quot; open sans&amp;quot;,helvetica,arial,sans-serif; font-size: 14px; font-style: normal; font-variant: normal; font-weight: 400; letter-spacing: normal; line-height: 23.99px; orphans: 2; text-align: left; text-decoration: none; text-indent: 0px; text-transform: none; -webkit-text-stroke-width: 0px; white-space: normal; word-spacing: 0px; margin: 0px 0px 23.94px 0px;\">Nous avons pass\u00e9 un bon week-end \u00e0 Paris avec notre cours de francais. Malgr\u00e9s les gr\u00e8ves du m\u00e9tro, nous pouvions visiter tous les sites importants.<\/p>\n<p><a href=\"https:\/\/armin-knab-gymnasium.de\/Home\/wp-content\/uploads\/2020\/02\/DSC_0066-scaled.jpg\"><img loading=\"lazy\" decoding=\"async\" class=\"alignnone size-medium wp-image-7590\" src=\"https:\/\/armin-knab-gymnasium.de\/Home\/wp-content\/uploads\/2020\/02\/DSC_0066-300x200.jpg\" alt=\"\" width=\"300\" height=\"200\" srcset=\"https:\/\/armin-knab-gymnasium.de\/Home\/wp-content\/uploads\/2020\/02\/DSC_0066-300x200.jpg 300w, https:\/\/armin-knab-gymnasium.de\/Home\/wp-content\/uploads\/2020\/02\/DSC_0066-1024x683.jpg 1024w, https:\/\/armin-knab-gymnasium.de\/Home\/wp-content\/uploads\/2020\/02\/DSC_0066-768x512.jpg 768w, https:\/\/armin-knab-gymnasium.de\/Home\/wp-content\/uploads\/2020\/02\/DSC_0066-1536x1024.jpg 1536w, https:\/\/armin-knab-gymnasium.de\/Home\/wp-content\/uploads\/2020\/02\/DSC_0066-2048x1365.jpg 2048w, https:\/\/armin-knab-gymnasium.de\/Home\/wp-content\/uploads\/2020\/02\/DSC_0066-624x416.jpg 624w\" sizes=\"auto, (max-width: 300px) 100vw, 300px\" \/><\/a><\/p>\n<p>Nous sommes partis vendredi, le 17 janvier, \u00e0 4 heures du matin pour avoir plus de temps dans notre ville de r\u00eave.<\/p>\n<p style=\"background-color: transparent; color: #444444; font-family: &amp;quot; open sans&amp;quot;,helvetica,arial,sans-serif; font-size: 14px; font-style: normal; font-variant: normal; font-weight: 400; letter-spacing: normal; line-height: 23.99px; orphans: 2; text-align: left; text-decoration: none; text-indent: 0px; text-transform: none; -webkit-text-stroke-width: 0px; white-space: normal; word-spacing: 0px; margin: 0px 0px 23.94px 0px;\">Apr\u00e8s avoir vu la Tour Eiffel qui se trouvait pr\u00e8s de notre h\u00f4tel, nous sommes all\u00e9s \u00e0 l&#8217;Arc de Triomphe et par les Champs Elys\u00e9es au Louvre et au Centre Pompidou.<\/p>\n<p><a href=\"https:\/\/armin-knab-gymnasium.de\/Home\/wp-content\/uploads\/2020\/02\/DSC_0109-1-scaled.jpg\"><img loading=\"lazy\" decoding=\"async\" class=\"alignnone size-medium wp-image-7598\" src=\"https:\/\/armin-knab-gymnasium.de\/Home\/wp-content\/uploads\/2020\/02\/DSC_0109-1-300x200.jpg\" alt=\"\" width=\"300\" height=\"200\" srcset=\"https:\/\/armin-knab-gymnasium.de\/Home\/wp-content\/uploads\/2020\/02\/DSC_0109-1-300x200.jpg 300w, https:\/\/armin-knab-gymnasium.de\/Home\/wp-content\/uploads\/2020\/02\/DSC_0109-1-1024x683.jpg 1024w, https:\/\/armin-knab-gymnasium.de\/Home\/wp-content\/uploads\/2020\/02\/DSC_0109-1-768x512.jpg 768w, https:\/\/armin-knab-gymnasium.de\/Home\/wp-content\/uploads\/2020\/02\/DSC_0109-1-1536x1024.jpg 1536w, https:\/\/armin-knab-gymnasium.de\/Home\/wp-content\/uploads\/2020\/02\/DSC_0109-1-2048x1365.jpg 2048w, https:\/\/armin-knab-gymnasium.de\/Home\/wp-content\/uploads\/2020\/02\/DSC_0109-1-624x416.jpg 624w\" sizes=\"auto, (max-width: 300px) 100vw, 300px\" \/><\/a> <a href=\"https:\/\/armin-knab-gymnasium.de\/Home\/wp-content\/uploads\/2020\/02\/DSC_0123-1-scaled.jpg\"><img loading=\"lazy\" decoding=\"async\" class=\"alignnone size-medium wp-image-7599\" src=\"https:\/\/armin-knab-gymnasium.de\/Home\/wp-content\/uploads\/2020\/02\/DSC_0123-1-200x300.jpg\" alt=\"\" width=\"200\" height=\"300\" srcset=\"https:\/\/armin-knab-gymnasium.de\/Home\/wp-content\/uploads\/2020\/02\/DSC_0123-1-200x300.jpg 200w, https:\/\/armin-knab-gymnasium.de\/Home\/wp-content\/uploads\/2020\/02\/DSC_0123-1-683x1024.jpg 683w, https:\/\/armin-knab-gymnasium.de\/Home\/wp-content\/uploads\/2020\/02\/DSC_0123-1-768x1152.jpg 768w, https:\/\/armin-knab-gymnasium.de\/Home\/wp-content\/uploads\/2020\/02\/DSC_0123-1-1024x1536.jpg 1024w, https:\/\/armin-knab-gymnasium.de\/Home\/wp-content\/uploads\/2020\/02\/DSC_0123-1-1365x2048.jpg 1365w, https:\/\/armin-knab-gymnasium.de\/Home\/wp-content\/uploads\/2020\/02\/DSC_0123-1-624x936.jpg 624w, https:\/\/armin-knab-gymnasium.de\/Home\/wp-content\/uploads\/2020\/02\/DSC_0123-1-scaled.jpg 1707w\" sizes=\"auto, (max-width: 200px) 100vw, 200px\" \/><\/a> <a href=\"https:\/\/armin-knab-gymnasium.de\/Home\/wp-content\/uploads\/2020\/02\/DSC_0131-scaled.jpg\"><img loading=\"lazy\" decoding=\"async\" class=\"alignnone size-medium wp-image-7600\" src=\"https:\/\/armin-knab-gymnasium.de\/Home\/wp-content\/uploads\/2020\/02\/DSC_0131-300x200.jpg\" alt=\"\" width=\"300\" height=\"200\" srcset=\"https:\/\/armin-knab-gymnasium.de\/Home\/wp-content\/uploads\/2020\/02\/DSC_0131-300x200.jpg 300w, https:\/\/armin-knab-gymnasium.de\/Home\/wp-content\/uploads\/2020\/02\/DSC_0131-1024x683.jpg 1024w, https:\/\/armin-knab-gymnasium.de\/Home\/wp-content\/uploads\/2020\/02\/DSC_0131-768x512.jpg 768w, https:\/\/armin-knab-gymnasium.de\/Home\/wp-content\/uploads\/2020\/02\/DSC_0131-1536x1024.jpg 1536w, https:\/\/armin-knab-gymnasium.de\/Home\/wp-content\/uploads\/2020\/02\/DSC_0131-2048x1365.jpg 2048w, https:\/\/armin-knab-gymnasium.de\/Home\/wp-content\/uploads\/2020\/02\/DSC_0131-624x416.jpg 624w\" sizes=\"auto, (max-width: 300px) 100vw, 300px\" \/><\/a> <a href=\"https:\/\/armin-knab-gymnasium.de\/Home\/wp-content\/uploads\/2020\/02\/WhatsApp-Image-2020-01-31-at-15.22.01.jpeg\"><img loading=\"lazy\" decoding=\"async\" class=\"alignnone size-medium wp-image-7614\" src=\"https:\/\/armin-knab-gymnasium.de\/Home\/wp-content\/uploads\/2020\/02\/WhatsApp-Image-2020-01-31-at-15.22.01-225x300.jpeg\" alt=\"\" width=\"225\" height=\"300\" srcset=\"https:\/\/armin-knab-gymnasium.de\/Home\/wp-content\/uploads\/2020\/02\/WhatsApp-Image-2020-01-31-at-15.22.01-225x300.jpeg 225w, https:\/\/armin-knab-gymnasium.de\/Home\/wp-content\/uploads\/2020\/02\/WhatsApp-Image-2020-01-31-at-15.22.01-768x1024.jpeg 768w, https:\/\/armin-knab-gymnasium.de\/Home\/wp-content\/uploads\/2020\/02\/WhatsApp-Image-2020-01-31-at-15.22.01-624x832.jpeg 624w, https:\/\/armin-knab-gymnasium.de\/Home\/wp-content\/uploads\/2020\/02\/WhatsApp-Image-2020-01-31-at-15.22.01.jpeg 972w\" sizes=\"auto, (max-width: 225px) 100vw, 225px\" \/><\/a><\/p>\n<p>Ensuite, nous nous sommes r\u00e9jouis d&#8217;un d\u00e9licieux repas francais avant de rentrer fatigu\u00e9s \u00e0 l&#8217;h\u00f4tel.<\/p>\n<p>Le lendemain nous avons vu l&#8217;H\u00f4tel de Ville et Notre Dame en grillages \u00e0 cause des r\u00e9parations apr\u00e8s l&#8217;incendie.<\/p>\n<p>Le deuxi\u00e8me jour se terminait par la visite de Montmartre avec une vue magnifique sur tout Paris.<\/p>\n<p>En tout, les deux jours \u00e0 Paris \u00e9taient parfaits et nous avons vu beaucoup de choses (m\u00eames plusieurs gares allemandes\u2026 ;-))<\/p>\n<p>Le cours de francais avec Mme Pelote et Mme Fechtner<\/p>\n<div id=\"su_carousel_69f4985f6ef02\" class=\"su-carousel su-carousel-centered su-carousel-pages-no su-carousel-responsive-yes su-lightbox-gallery\" style=\"width:100%\" data-autoplay=\"3000\" data-speed=\"400\" data-mousewheel=\"true\" data-items=\"4\" data-scroll=\"1\"><div class=\"su-carousel-slides\"><div class=\"su-carousel-slide\"><a href=\"https:\/\/armin-knab-gymnasium.de\/Home\/wp-content\/uploads\/2020\/02\/WhatsApp-Image-2020-02-04-at-12.10.17.jpeg\" target=\"_blank\" title=\"WhatsApp Image 2020-02-04 at 12.10.17\"><img decoding=\"async\" src=\"https:\/\/armin-knab-gymnasium.de\/Home\/wp-content\/uploads\/2020\/02\/WhatsApp-Image-2020-02-04-at-12.10.17-132x100.jpeg\" alt=\"WhatsApp Image 2020-02-04 at 12.10.17\" \/><\/a><\/div><div class=\"su-carousel-slide\"><a href=\"https:\/\/armin-knab-gymnasium.de\/Home\/wp-content\/uploads\/2020\/02\/WhatsApp-Image-2020-02-04-at-12.10.12.jpeg\" target=\"_blank\" title=\"WhatsApp Image 2020-02-04 at 12.10.12\"><img decoding=\"async\" src=\"https:\/\/armin-knab-gymnasium.de\/Home\/wp-content\/uploads\/2020\/02\/WhatsApp-Image-2020-02-04-at-12.10.12-132x100.jpeg\" alt=\"WhatsApp Image 2020-02-04 at 12.10.12\" \/><\/a><\/div><div class=\"su-carousel-slide\"><a href=\"https:\/\/armin-knab-gymnasium.de\/Home\/wp-content\/uploads\/2020\/02\/WhatsApp-Image-2020-01-31-at-15.22.03.jpeg\" target=\"_blank\" title=\"WhatsApp Image 2020-01-31 at 15.22.03\"><img decoding=\"async\" src=\"https:\/\/armin-knab-gymnasium.de\/Home\/wp-content\/uploads\/2020\/02\/WhatsApp-Image-2020-01-31-at-15.22.03-132x100.jpeg\" alt=\"WhatsApp Image 2020-01-31 at 15.22.03\" \/><\/a><\/div><div class=\"su-carousel-slide\"><a href=\"https:\/\/armin-knab-gymnasium.de\/Home\/wp-content\/uploads\/2020\/02\/WhatsApp-Image-2020-01-31-at-15.22.03-1.jpeg\" target=\"_blank\" title=\"WhatsApp Image 2020-01-31 at 15.22.03 (1)\"><img decoding=\"async\" src=\"https:\/\/armin-knab-gymnasium.de\/Home\/wp-content\/uploads\/2020\/02\/WhatsApp-Image-2020-01-31-at-15.22.03-1-132x100.jpeg\" alt=\"WhatsApp Image 2020-01-31 at 15.22.03 (1)\" \/><\/a><\/div><div class=\"su-carousel-slide\"><a href=\"https:\/\/armin-knab-gymnasium.de\/Home\/wp-content\/uploads\/2020\/02\/WhatsApp-Image-2020-01-31-at-15.22.01-1.jpeg\" target=\"_blank\" title=\"WhatsApp Image 2020-01-31 at 15.22.01 (1)\"><img decoding=\"async\" src=\"https:\/\/armin-knab-gymnasium.de\/Home\/wp-content\/uploads\/2020\/02\/WhatsApp-Image-2020-01-31-at-15.22.01-1-132x100.jpeg\" alt=\"WhatsApp Image 2020-01-31 at 15.22.01 (1)\" \/><\/a><\/div><div class=\"su-carousel-slide\"><a href=\"https:\/\/armin-knab-gymnasium.de\/Home\/wp-content\/uploads\/2020\/02\/DSC_0196-scaled.jpg\" target=\"_blank\" title=\"DSC_0196\"><img decoding=\"async\" src=\"https:\/\/armin-knab-gymnasium.de\/Home\/wp-content\/uploads\/2020\/02\/DSC_0196-scaled.jpg\" alt=\"DSC_0196\" \/><\/a><\/div><div class=\"su-carousel-slide\"><a href=\"https:\/\/armin-knab-gymnasium.de\/Home\/wp-content\/uploads\/2020\/02\/DSC_0197-scaled.jpg\" target=\"_blank\" title=\"DSC_0197\"><img decoding=\"async\" src=\"https:\/\/armin-knab-gymnasium.de\/Home\/wp-content\/uploads\/2020\/02\/DSC_0197-scaled.jpg\" alt=\"DSC_0197\" \/><\/a><\/div><div class=\"su-carousel-slide\"><a href=\"https:\/\/armin-knab-gymnasium.de\/Home\/wp-content\/uploads\/2020\/02\/DSC_0222-scaled.jpg\" target=\"_blank\" title=\"DSC_0222\"><img decoding=\"async\" src=\"https:\/\/armin-knab-gymnasium.de\/Home\/wp-content\/uploads\/2020\/02\/DSC_0222-scaled.jpg\" alt=\"DSC_0222\" \/><\/a><\/div><div class=\"su-carousel-slide\"><a href=\"https:\/\/armin-knab-gymnasium.de\/Home\/wp-content\/uploads\/2020\/02\/20200117_120943-scaled.jpg\" target=\"_blank\" title=\"20200117_120943\"><img decoding=\"async\" src=\"https:\/\/armin-knab-gymnasium.de\/Home\/wp-content\/uploads\/2020\/02\/20200117_120943-scaled.jpg\" alt=\"20200117_120943\" \/><\/a><\/div><div class=\"su-carousel-slide\"><a href=\"https:\/\/armin-knab-gymnasium.de\/Home\/wp-content\/uploads\/2020\/02\/WhatsApp-Image-2020-01-31-at-15.22.00.jpeg\" target=\"_blank\" title=\"WhatsApp Image 2020-01-31 at 15.22.00\"><img decoding=\"async\" src=\"https:\/\/armin-knab-gymnasium.de\/Home\/wp-content\/uploads\/2020\/02\/WhatsApp-Image-2020-01-31-at-15.22.00-132x100.jpeg\" alt=\"WhatsApp Image 2020-01-31 at 15.22.00\" \/><\/a><\/div><div class=\"su-carousel-slide\"><a href=\"https:\/\/armin-knab-gymnasium.de\/Home\/wp-content\/uploads\/2020\/02\/DSC_0158-scaled.jpg\" target=\"_blank\" title=\"DSC_0158\"><img decoding=\"async\" src=\"https:\/\/armin-knab-gymnasium.de\/Home\/wp-content\/uploads\/2020\/02\/DSC_0158-scaled.jpg\" alt=\"DSC_0158\" \/><\/a><\/div><div class=\"su-carousel-slide\"><a href=\"https:\/\/armin-knab-gymnasium.de\/Home\/wp-content\/uploads\/2020\/02\/DSC_0099-scaled.jpg\" target=\"_blank\" title=\"DSC_0099\"><img decoding=\"async\" src=\"https:\/\/armin-knab-gymnasium.de\/Home\/wp-content\/uploads\/2020\/02\/DSC_0099-scaled.jpg\" alt=\"DSC_0099\" \/><\/a><\/div><div class=\"su-carousel-slide\"><a href=\"https:\/\/armin-knab-gymnasium.de\/Home\/wp-content\/uploads\/2020\/02\/DSC_0095-scaled.jpg\" target=\"_blank\" title=\"DSC_0095\"><img decoding=\"async\" src=\"https:\/\/armin-knab-gymnasium.de\/Home\/wp-content\/uploads\/2020\/02\/DSC_0095-scaled.jpg\" alt=\"DSC_0095\" \/><\/a><\/div><\/div><div class=\"su-carousel-nav\"><div class=\"su-carousel-direction\"><span class=\"su-carousel-prev\"><\/span><span class=\"su-carousel-next\"><\/span><\/div><div class=\"su-carousel-pagination\"><\/div><\/div><\/div>\n<p>&nbsp;<\/p>\n","protected":false},"excerpt":{"rendered":"<p>Wir hatten die Chance auf ein Wochenende mit unserem Franz\u00f6sisch-Kurs in Paris! Deshalb sind wir am Freitag, den 17.01., schon um 4 Uhr morgens noch total verschlafen in W\u00fcrzburg in&#8230; <a href=\"https:\/\/armin-knab-gymnasium.de\/Home\/2020\/02\/04\/31-stunden-paris-bei-tag-und-nacht\/\">weiterlesen &raquo;<\/a><\/p>\n","protected":false},"author":1021,"featured_media":7585,"comment_status":"closed","ping_status":"closed","sticky":false,"template":"","format":"standard","meta":{"ghostkit_customizer_options":"","ghostkit_custom_css":"","ghostkit_custom_js_head":"","ghostkit_custom_js_foot":"","ghostkit_typography":"","footnotes":""},"categories":[165,73,1,78,123,131],"tags":[],"coauthors":[69],"class_list":["post-7584","post","type-post","status-publish","format-standard","has-post-thumbnail","hentry","category-akg-international","category-aktuelles","category-allgemein","category-franzoesisch","category-persoenlichkeitsbildung","category-politik"],"yoast_head":"<!-- This site is optimized with the Yoast SEO plugin v27.5 - https:\/\/yoast.com\/product\/yoast-seo-wordpress\/ -->\n<title>31 Stunden: PARIS bei Tag und Nacht - Armin-Knab-Gymnasium Kitzingen<\/title>\n<meta name=\"robots\" content=\"index, follow, max-snippet:-1, max-image-preview:large, max-video-preview:-1\" \/>\n<link rel=\"canonical\" href=\"https:\/\/armin-knab-gymnasium.de\/Home\/2020\/02\/04\/31-stunden-paris-bei-tag-und-nacht\/\" \/>\n<meta property=\"og:locale\" content=\"de_DE\" \/>\n<meta property=\"og:type\" content=\"article\" \/>\n<meta property=\"og:title\" content=\"31 Stunden: PARIS bei Tag und Nacht - Armin-Knab-Gymnasium Kitzingen\" \/>\n<meta property=\"og:description\" content=\"Wir hatten die Chance auf ein Wochenende mit unserem Franz\u00f6sisch-Kurs in Paris! Deshalb sind wir am Freitag, den 17.01., schon um 4 Uhr morgens noch total verschlafen in W\u00fcrzburg in... weiterlesen &raquo;\" \/>\n<meta property=\"og:url\" content=\"https:\/\/armin-knab-gymnasium.de\/Home\/2020\/02\/04\/31-stunden-paris-bei-tag-und-nacht\/\" \/>\n<meta property=\"og:site_name\" content=\"Armin-Knab-Gymnasium Kitzingen\" \/>\n<meta property=\"article:published_time\" content=\"2020-02-04T11:24:35+00:00\" \/>\n<meta property=\"article:modified_time\" content=\"2020-02-04T11:28:11+00:00\" \/>\n<meta property=\"og:image\" content=\"https:\/\/armin-knab-gymnasium.de\/Home\/wp-content\/uploads\/2020\/02\/DSC_0095-scaled.jpg\" \/>\n\t<meta property=\"og:image:width\" content=\"2560\" \/>\n\t<meta property=\"og:image:height\" content=\"1707\" \/>\n\t<meta property=\"og:image:type\" content=\"image\/jpeg\" \/>\n<meta name=\"author\" content=\"Antje P\u00f6llot\" \/>\n<meta name=\"twitter:card\" content=\"summary_large_image\" \/>\n<meta name=\"twitter:label1\" content=\"Verfasst von\" \/>\n\t<meta name=\"twitter:data1\" content=\"Antje P\u00f6llot\" \/>\n\t<meta name=\"twitter:label2\" content=\"Gesch\u00e4tzte Lesezeit\" \/>\n\t<meta name=\"twitter:data2\" content=\"2\u00a0Minuten\" \/>\n\t<meta name=\"twitter:label3\" content=\"Written by\" \/>\n\t<meta name=\"twitter:data3\" content=\"Antje P\u00f6llot\" \/>\n<script type=\"application\/ld+json\" class=\"yoast-schema-graph\">{\"@context\":\"https:\\\/\\\/schema.org\",\"@graph\":[{\"@type\":\"Article\",\"@id\":\"https:\\\/\\\/armin-knab-gymnasium.de\\\/Home\\\/2020\\\/02\\\/04\\\/31-stunden-paris-bei-tag-und-nacht\\\/#article\",\"isPartOf\":{\"@id\":\"https:\\\/\\\/armin-knab-gymnasium.de\\\/Home\\\/2020\\\/02\\\/04\\\/31-stunden-paris-bei-tag-und-nacht\\\/\"},\"author\":{\"name\":\"Antje P\u00f6llot\",\"@id\":\"https:\\\/\\\/armin-knab-gymnasium.de\\\/Home\\\/#\\\/schema\\\/person\\\/0c71d3d7b58c8a0c5d15f8a4deb26599\"},\"headline\":\"31 Stunden: PARIS bei Tag und Nacht\",\"datePublished\":\"2020-02-04T11:24:35+00:00\",\"dateModified\":\"2020-02-04T11:28:11+00:00\",\"mainEntityOfPage\":{\"@id\":\"https:\\\/\\\/armin-knab-gymnasium.de\\\/Home\\\/2020\\\/02\\\/04\\\/31-stunden-paris-bei-tag-und-nacht\\\/\"},\"wordCount\":508,\"publisher\":{\"@id\":\"https:\\\/\\\/armin-knab-gymnasium.de\\\/Home\\\/#organization\"},\"image\":{\"@id\":\"https:\\\/\\\/armin-knab-gymnasium.de\\\/Home\\\/2020\\\/02\\\/04\\\/31-stunden-paris-bei-tag-und-nacht\\\/#primaryimage\"},\"thumbnailUrl\":\"https:\\\/\\\/armin-knab-gymnasium.de\\\/Home\\\/wp-content\\\/uploads\\\/2020\\\/02\\\/DSC_0095-scaled.jpg\",\"articleSection\":{\"0\":\"AKG International\",\"1\":\"Aktuelles\",\"3\":\"Franz\u00f6sisch\",\"4\":\"Pers\u00f6nlichkeitsbildung\",\"5\":\"Politik\"},\"inLanguage\":\"de\"},{\"@type\":\"WebPage\",\"@id\":\"https:\\\/\\\/armin-knab-gymnasium.de\\\/Home\\\/2020\\\/02\\\/04\\\/31-stunden-paris-bei-tag-und-nacht\\\/\",\"url\":\"https:\\\/\\\/armin-knab-gymnasium.de\\\/Home\\\/2020\\\/02\\\/04\\\/31-stunden-paris-bei-tag-und-nacht\\\/\",\"name\":\"31 Stunden: PARIS bei Tag und Nacht - Armin-Knab-Gymnasium Kitzingen\",\"isPartOf\":{\"@id\":\"https:\\\/\\\/armin-knab-gymnasium.de\\\/Home\\\/#website\"},\"primaryImageOfPage\":{\"@id\":\"https:\\\/\\\/armin-knab-gymnasium.de\\\/Home\\\/2020\\\/02\\\/04\\\/31-stunden-paris-bei-tag-und-nacht\\\/#primaryimage\"},\"image\":{\"@id\":\"https:\\\/\\\/armin-knab-gymnasium.de\\\/Home\\\/2020\\\/02\\\/04\\\/31-stunden-paris-bei-tag-und-nacht\\\/#primaryimage\"},\"thumbnailUrl\":\"https:\\\/\\\/armin-knab-gymnasium.de\\\/Home\\\/wp-content\\\/uploads\\\/2020\\\/02\\\/DSC_0095-scaled.jpg\",\"datePublished\":\"2020-02-04T11:24:35+00:00\",\"dateModified\":\"2020-02-04T11:28:11+00:00\",\"breadcrumb\":{\"@id\":\"https:\\\/\\\/armin-knab-gymnasium.de\\\/Home\\\/2020\\\/02\\\/04\\\/31-stunden-paris-bei-tag-und-nacht\\\/#breadcrumb\"},\"inLanguage\":\"de\",\"potentialAction\":[{\"@type\":\"ReadAction\",\"target\":[\"https:\\\/\\\/armin-knab-gymnasium.de\\\/Home\\\/2020\\\/02\\\/04\\\/31-stunden-paris-bei-tag-und-nacht\\\/\"]}]},{\"@type\":\"ImageObject\",\"inLanguage\":\"de\",\"@id\":\"https:\\\/\\\/armin-knab-gymnasium.de\\\/Home\\\/2020\\\/02\\\/04\\\/31-stunden-paris-bei-tag-und-nacht\\\/#primaryimage\",\"url\":\"https:\\\/\\\/armin-knab-gymnasium.de\\\/Home\\\/wp-content\\\/uploads\\\/2020\\\/02\\\/DSC_0095-scaled.jpg\",\"contentUrl\":\"https:\\\/\\\/armin-knab-gymnasium.de\\\/Home\\\/wp-content\\\/uploads\\\/2020\\\/02\\\/DSC_0095-scaled.jpg\",\"width\":2560,\"height\":1707,\"caption\":\"Um kulturelle Einblicke in das franz\u00f6sische Leben zu erhalten, fuhren 18 Sch\u00fclerInnen und 2 Lehrerinnen nach Paris.\"},{\"@type\":\"BreadcrumbList\",\"@id\":\"https:\\\/\\\/armin-knab-gymnasium.de\\\/Home\\\/2020\\\/02\\\/04\\\/31-stunden-paris-bei-tag-und-nacht\\\/#breadcrumb\",\"itemListElement\":[{\"@type\":\"ListItem\",\"position\":1,\"name\":\"Startseite\",\"item\":\"https:\\\/\\\/armin-knab-gymnasium.de\\\/Home\\\/\"},{\"@type\":\"ListItem\",\"position\":2,\"name\":\"31 Stunden: PARIS bei Tag und Nacht\"}]},{\"@type\":\"WebSite\",\"@id\":\"https:\\\/\\\/armin-knab-gymnasium.de\\\/Home\\\/#website\",\"url\":\"https:\\\/\\\/armin-knab-gymnasium.de\\\/Home\\\/\",\"name\":\"Armin-Knab-Gymnasium Kitzingen\",\"description\":\"Naturwissenschaftlich-technologisches und sprachliches Gymnasium\",\"publisher\":{\"@id\":\"https:\\\/\\\/armin-knab-gymnasium.de\\\/Home\\\/#organization\"},\"potentialAction\":[{\"@type\":\"SearchAction\",\"target\":{\"@type\":\"EntryPoint\",\"urlTemplate\":\"https:\\\/\\\/armin-knab-gymnasium.de\\\/Home\\\/?s={search_term_string}\"},\"query-input\":{\"@type\":\"PropertyValueSpecification\",\"valueRequired\":true,\"valueName\":\"search_term_string\"}}],\"inLanguage\":\"de\"},{\"@type\":\"Organization\",\"@id\":\"https:\\\/\\\/armin-knab-gymnasium.de\\\/Home\\\/#organization\",\"name\":\"Armin-Knab-Gymnasium Kitzingen\",\"url\":\"https:\\\/\\\/armin-knab-gymnasium.de\\\/Home\\\/\",\"logo\":{\"@type\":\"ImageObject\",\"inLanguage\":\"de\",\"@id\":\"https:\\\/\\\/armin-knab-gymnasium.de\\\/Home\\\/#\\\/schema\\\/logo\\\/image\\\/\",\"url\":\"https:\\\/\\\/armin-knab-gymnasium.de\\\/Home\\\/wp-content\\\/uploads\\\/2016\\\/11\\\/LogoIcon.png\",\"contentUrl\":\"https:\\\/\\\/armin-knab-gymnasium.de\\\/Home\\\/wp-content\\\/uploads\\\/2016\\\/11\\\/LogoIcon.png\",\"width\":512,\"height\":512,\"caption\":\"Armin-Knab-Gymnasium Kitzingen\"},\"image\":{\"@id\":\"https:\\\/\\\/armin-knab-gymnasium.de\\\/Home\\\/#\\\/schema\\\/logo\\\/image\\\/\"}},{\"@type\":\"Person\",\"@id\":\"https:\\\/\\\/armin-knab-gymnasium.de\\\/Home\\\/#\\\/schema\\\/person\\\/0c71d3d7b58c8a0c5d15f8a4deb26599\",\"name\":\"Antje P\u00f6llot\",\"image\":{\"@type\":\"ImageObject\",\"inLanguage\":\"de\",\"@id\":\"https:\\\/\\\/secure.gravatar.com\\\/avatar\\\/0ce08396b5958276752addcc8968b6b8ecf53f252acdbd5bc9dc2d1182232de7?s=96&d=mm&r=gd25eb65f7d9ce9f14db5ec834060e704\",\"url\":\"https:\\\/\\\/secure.gravatar.com\\\/avatar\\\/0ce08396b5958276752addcc8968b6b8ecf53f252acdbd5bc9dc2d1182232de7?s=96&d=mm&r=g\",\"contentUrl\":\"https:\\\/\\\/secure.gravatar.com\\\/avatar\\\/0ce08396b5958276752addcc8968b6b8ecf53f252acdbd5bc9dc2d1182232de7?s=96&d=mm&r=g\",\"caption\":\"Antje P\u00f6llot\"},\"sameAs\":[\"https:\\\/\\\/armin-knab-gymnasium.de\\\/Home\"],\"url\":\"https:\\\/\\\/armin-knab-gymnasium.de\\\/Home\\\/author\\\/poel\\\/\"}]}<\/script>\n<!-- \/ Yoast SEO plugin. -->","yoast_head_json":{"title":"31 Stunden: PARIS bei Tag und Nacht - Armin-Knab-Gymnasium Kitzingen","robots":{"index":"index","follow":"follow","max-snippet":"max-snippet:-1","max-image-preview":"max-image-preview:large","max-video-preview":"max-video-preview:-1"},"canonical":"https:\/\/armin-knab-gymnasium.de\/Home\/2020\/02\/04\/31-stunden-paris-bei-tag-und-nacht\/","og_locale":"de_DE","og_type":"article","og_title":"31 Stunden: PARIS bei Tag und Nacht - Armin-Knab-Gymnasium Kitzingen","og_description":"Wir hatten die Chance auf ein Wochenende mit unserem Franz\u00f6sisch-Kurs in Paris! Deshalb sind wir am Freitag, den 17.01., schon um 4 Uhr morgens noch total verschlafen in W\u00fcrzburg in... weiterlesen &raquo;","og_url":"https:\/\/armin-knab-gymnasium.de\/Home\/2020\/02\/04\/31-stunden-paris-bei-tag-und-nacht\/","og_site_name":"Armin-Knab-Gymnasium Kitzingen","article_published_time":"2020-02-04T11:24:35+00:00","article_modified_time":"2020-02-04T11:28:11+00:00","og_image":[{"width":2560,"height":1707,"url":"https:\/\/armin-knab-gymnasium.de\/Home\/wp-content\/uploads\/2020\/02\/DSC_0095-scaled.jpg","type":"image\/jpeg"}],"author":"Antje P\u00f6llot","twitter_card":"summary_large_image","twitter_misc":{"Verfasst von":"Antje P\u00f6llot","Gesch\u00e4tzte Lesezeit":"2\u00a0Minuten","Written by":"Antje P\u00f6llot"},"schema":{"@context":"https:\/\/schema.org","@graph":[{"@type":"Article","@id":"https:\/\/armin-knab-gymnasium.de\/Home\/2020\/02\/04\/31-stunden-paris-bei-tag-und-nacht\/#article","isPartOf":{"@id":"https:\/\/armin-knab-gymnasium.de\/Home\/2020\/02\/04\/31-stunden-paris-bei-tag-und-nacht\/"},"author":{"name":"Antje P\u00f6llot","@id":"https:\/\/armin-knab-gymnasium.de\/Home\/#\/schema\/person\/0c71d3d7b58c8a0c5d15f8a4deb26599"},"headline":"31 Stunden: PARIS bei Tag und Nacht","datePublished":"2020-02-04T11:24:35+00:00","dateModified":"2020-02-04T11:28:11+00:00","mainEntityOfPage":{"@id":"https:\/\/armin-knab-gymnasium.de\/Home\/2020\/02\/04\/31-stunden-paris-bei-tag-und-nacht\/"},"wordCount":508,"publisher":{"@id":"https:\/\/armin-knab-gymnasium.de\/Home\/#organization"},"image":{"@id":"https:\/\/armin-knab-gymnasium.de\/Home\/2020\/02\/04\/31-stunden-paris-bei-tag-und-nacht\/#primaryimage"},"thumbnailUrl":"https:\/\/armin-knab-gymnasium.de\/Home\/wp-content\/uploads\/2020\/02\/DSC_0095-scaled.jpg","articleSection":{"0":"AKG International","1":"Aktuelles","3":"Franz\u00f6sisch","4":"Pers\u00f6nlichkeitsbildung","5":"Politik"},"inLanguage":"de"},{"@type":"WebPage","@id":"https:\/\/armin-knab-gymnasium.de\/Home\/2020\/02\/04\/31-stunden-paris-bei-tag-und-nacht\/","url":"https:\/\/armin-knab-gymnasium.de\/Home\/2020\/02\/04\/31-stunden-paris-bei-tag-und-nacht\/","name":"31 Stunden: PARIS bei Tag und Nacht - Armin-Knab-Gymnasium Kitzingen","isPartOf":{"@id":"https:\/\/armin-knab-gymnasium.de\/Home\/#website"},"primaryImageOfPage":{"@id":"https:\/\/armin-knab-gymnasium.de\/Home\/2020\/02\/04\/31-stunden-paris-bei-tag-und-nacht\/#primaryimage"},"image":{"@id":"https:\/\/armin-knab-gymnasium.de\/Home\/2020\/02\/04\/31-stunden-paris-bei-tag-und-nacht\/#primaryimage"},"thumbnailUrl":"https:\/\/armin-knab-gymnasium.de\/Home\/wp-content\/uploads\/2020\/02\/DSC_0095-scaled.jpg","datePublished":"2020-02-04T11:24:35+00:00","dateModified":"2020-02-04T11:28:11+00:00","breadcrumb":{"@id":"https:\/\/armin-knab-gymnasium.de\/Home\/2020\/02\/04\/31-stunden-paris-bei-tag-und-nacht\/#breadcrumb"},"inLanguage":"de","potentialAction":[{"@type":"ReadAction","target":["https:\/\/armin-knab-gymnasium.de\/Home\/2020\/02\/04\/31-stunden-paris-bei-tag-und-nacht\/"]}]},{"@type":"ImageObject","inLanguage":"de","@id":"https:\/\/armin-knab-gymnasium.de\/Home\/2020\/02\/04\/31-stunden-paris-bei-tag-und-nacht\/#primaryimage","url":"https:\/\/armin-knab-gymnasium.de\/Home\/wp-content\/uploads\/2020\/02\/DSC_0095-scaled.jpg","contentUrl":"https:\/\/armin-knab-gymnasium.de\/Home\/wp-content\/uploads\/2020\/02\/DSC_0095-scaled.jpg","width":2560,"height":1707,"caption":"Um kulturelle Einblicke in das franz\u00f6sische Leben zu erhalten, fuhren 18 Sch\u00fclerInnen und 2 Lehrerinnen nach Paris."},{"@type":"BreadcrumbList","@id":"https:\/\/armin-knab-gymnasium.de\/Home\/2020\/02\/04\/31-stunden-paris-bei-tag-und-nacht\/#breadcrumb","itemListElement":[{"@type":"ListItem","position":1,"name":"Startseite","item":"https:\/\/armin-knab-gymnasium.de\/Home\/"},{"@type":"ListItem","position":2,"name":"31 Stunden: PARIS bei Tag und Nacht"}]},{"@type":"WebSite","@id":"https:\/\/armin-knab-gymnasium.de\/Home\/#website","url":"https:\/\/armin-knab-gymnasium.de\/Home\/","name":"Armin-Knab-Gymnasium Kitzingen","description":"Naturwissenschaftlich-technologisches und sprachliches Gymnasium","publisher":{"@id":"https:\/\/armin-knab-gymnasium.de\/Home\/#organization"},"potentialAction":[{"@type":"SearchAction","target":{"@type":"EntryPoint","urlTemplate":"https:\/\/armin-knab-gymnasium.de\/Home\/?s={search_term_string}"},"query-input":{"@type":"PropertyValueSpecification","valueRequired":true,"valueName":"search_term_string"}}],"inLanguage":"de"},{"@type":"Organization","@id":"https:\/\/armin-knab-gymnasium.de\/Home\/#organization","name":"Armin-Knab-Gymnasium Kitzingen","url":"https:\/\/armin-knab-gymnasium.de\/Home\/","logo":{"@type":"ImageObject","inLanguage":"de","@id":"https:\/\/armin-knab-gymnasium.de\/Home\/#\/schema\/logo\/image\/","url":"https:\/\/armin-knab-gymnasium.de\/Home\/wp-content\/uploads\/2016\/11\/LogoIcon.png","contentUrl":"https:\/\/armin-knab-gymnasium.de\/Home\/wp-content\/uploads\/2016\/11\/LogoIcon.png","width":512,"height":512,"caption":"Armin-Knab-Gymnasium Kitzingen"},"image":{"@id":"https:\/\/armin-knab-gymnasium.de\/Home\/#\/schema\/logo\/image\/"}},{"@type":"Person","@id":"https:\/\/armin-knab-gymnasium.de\/Home\/#\/schema\/person\/0c71d3d7b58c8a0c5d15f8a4deb26599","name":"Antje P\u00f6llot","image":{"@type":"ImageObject","inLanguage":"de","@id":"https:\/\/secure.gravatar.com\/avatar\/0ce08396b5958276752addcc8968b6b8ecf53f252acdbd5bc9dc2d1182232de7?s=96&d=mm&r=gd25eb65f7d9ce9f14db5ec834060e704","url":"https:\/\/secure.gravatar.com\/avatar\/0ce08396b5958276752addcc8968b6b8ecf53f252acdbd5bc9dc2d1182232de7?s=96&d=mm&r=g","contentUrl":"https:\/\/secure.gravatar.com\/avatar\/0ce08396b5958276752addcc8968b6b8ecf53f252acdbd5bc9dc2d1182232de7?s=96&d=mm&r=g","caption":"Antje P\u00f6llot"},"sameAs":["https:\/\/armin-knab-gymnasium.de\/Home"],"url":"https:\/\/armin-knab-gymnasium.de\/Home\/author\/poel\/"}]}},"publishpress_future_action":{"enabled":false,"date":"2026-05-08 14:11:11","action":"change-status","newStatus":"draft","terms":[],"taxonomy":"category","extraData":[]},"publishpress_future_workflow_manual_trigger":{"enabledWorkflows":[]},"_links":{"self":[{"href":"https:\/\/armin-knab-gymnasium.de\/Home\/wp-json\/wp\/v2\/posts\/7584","targetHints":{"allow":["GET"]}}],"collection":[{"href":"https:\/\/armin-knab-gymnasium.de\/Home\/wp-json\/wp\/v2\/posts"}],"about":[{"href":"https:\/\/armin-knab-gymnasium.de\/Home\/wp-json\/wp\/v2\/types\/post"}],"author":[{"embeddable":true,"href":"https:\/\/armin-knab-gymnasium.de\/Home\/wp-json\/wp\/v2\/users\/1021"}],"replies":[{"embeddable":true,"href":"https:\/\/armin-knab-gymnasium.de\/Home\/wp-json\/wp\/v2\/comments?post=7584"}],"version-history":[{"count":4,"href":"https:\/\/armin-knab-gymnasium.de\/Home\/wp-json\/wp\/v2\/posts\/7584\/revisions"}],"predecessor-version":[{"id":7623,"href":"https:\/\/armin-knab-gymnasium.de\/Home\/wp-json\/wp\/v2\/posts\/7584\/revisions\/7623"}],"wp:featuredmedia":[{"embeddable":true,"href":"https:\/\/armin-knab-gymnasium.de\/Home\/wp-json\/wp\/v2\/media\/7585"}],"wp:attachment":[{"href":"https:\/\/armin-knab-gymnasium.de\/Home\/wp-json\/wp\/v2\/media?parent=7584"}],"wp:term":[{"taxonomy":"category","embeddable":true,"href":"https:\/\/armin-knab-gymnasium.de\/Home\/wp-json\/wp\/v2\/categories?post=7584"},{"taxonomy":"post_tag","embeddable":true,"href":"https:\/\/armin-knab-gymnasium.de\/Home\/wp-json\/wp\/v2\/tags?post=7584"},{"taxonomy":"author","embeddable":true,"href":"https:\/\/armin-knab-gymnasium.de\/Home\/wp-json\/wp\/v2\/coauthors?post=7584"}],"curies":[{"name":"wp","href":"https:\/\/api.w.org\/{rel}","templated":true}]}}