{"id":7738,"date":"2020-03-02T15:37:39","date_gmt":"2020-03-02T14:37:39","guid":{"rendered":"http:\/\/armin-knab-gymnasium.de\/Home\/?p=7738"},"modified":"2020-03-02T15:37:39","modified_gmt":"2020-03-02T14:37:39","slug":"jugendkreistag-2020-wahlrecht-mit-16","status":"publish","type":"post","link":"https:\/\/armin-knab-gymnasium.de\/Home\/2020\/03\/02\/jugendkreistag-2020-wahlrecht-mit-16\/","title":{"rendered":"Jugendkreistag 2020 \u2013 Wahlrecht mit 16?"},"content":{"rendered":"<p>Mit dieser Fragestellung besch\u00e4ftigten sich Sch\u00fclerinnen und Sch\u00fcler der Klassen 10d\/e in der Vorbereitung auf den Jugendkreistag, der am 19. Februar 2020 zum 25. Mal im gro\u00dfen Sitzungssaal des Landratsamtes in Kitzingen stattfand.<br \/>\nSchnell war klar, dass sich unsere Jugendlichen f\u00fcr die Herabsetzung des Wahlrechts in Bayern auf 16 Jahre einsetzen wollten und so traten sie an den Kreistag mit folgendem Beschlussvorschlag heran:<\/p>\n<p>Der Kreistag des Landkreises Kitzingen setzt sich f\u00fcr die Einf\u00fchrung des <strong>aktiven Wahlrechts<\/strong> von jungen Menschen <strong>ab 16 Jahren<\/strong> bei <strong>Kommunalwahlen<\/strong> in Bayern ein. Zudem pr\u00fcft die Verwaltung des Landkreises Kitzingen die Einf\u00fchrung eines <strong>Informationstages \u201eRund um die Wahlen\u201c<\/strong> f\u00fcr alle Sch\u00fcler des Landkreises (Sch\u00fcler der 9. Klassen Mittelschule bzw. der 10. Klassen der anderen Schularten).<\/p>\n<p>W\u00e4hrend des Jugendkreistages unter der Leitung von Landr\u00e4tin Tamara Bischof wurde dieses Thema und die zweite Fragestellung \u201eSchaffen Quoten mehr Gerechtigkeit?\u201c sowohl im Plenum als auch in Kleingruppen unter den Sch\u00fclerinnen und Sch\u00fclern von neun teilnehmenden Schulen des Landkreises diskutiert.<br \/>\nAm Ende der gelungenen Veranstaltung wurde \u00fcber die einzelnen Beschlussvorschl\u00e4ge abgestimmt und unsere Zehntkl\u00e4ssler freuten sich, dass ihr Vorschlag einstimmig angenommen wurde.<\/p>\n<p>&nbsp;<\/p>\n","protected":false},"excerpt":{"rendered":"<p>Mit dieser Fragestellung besch\u00e4ftigten sich Sch\u00fclerinnen und Sch\u00fcler der Klassen 10d\/e in der Vorbereitung auf den Jugendkreistag, der am 19. Februar 2020 zum 25. Mal im gro\u00dfen Sitzungssaal des Landratsamtes&#8230; <a href=\"https:\/\/armin-knab-gymnasium.de\/Home\/2020\/03\/02\/jugendkreistag-2020-wahlrecht-mit-16\/\">weiterlesen &raquo;<\/a><\/p>\n","protected":false},"author":1050,"featured_media":7739,"comment_status":"closed","ping_status":"closed","sticky":false,"template":"","format":"standard","meta":{"ghostkit_customizer_options":"","ghostkit_custom_css":"","ghostkit_custom_js_head":"","ghostkit_custom_js_foot":"","ghostkit_typography":"","footnotes":""},"categories":[183],"tags":[],"coauthors":[182],"class_list":["post-7738","post","type-post","status-publish","format-standard","has-post-thumbnail","hentry","category-sozialkunde"],"yoast_head":"<!-- This site is optimized with the Yoast SEO plugin v27.5 - https:\/\/yoast.com\/product\/yoast-seo-wordpress\/ -->\n<title>Jugendkreistag 2020 \u2013 Wahlrecht mit 16? - Armin-Knab-Gymnasium Kitzingen<\/title>\n<meta name=\"robots\" content=\"index, follow, max-snippet:-1, max-image-preview:large, max-video-preview:-1\" \/>\n<link rel=\"canonical\" href=\"https:\/\/armin-knab-gymnasium.de\/Home\/2020\/03\/02\/jugendkreistag-2020-wahlrecht-mit-16\/\" \/>\n<meta property=\"og:locale\" content=\"de_DE\" \/>\n<meta property=\"og:type\" content=\"article\" \/>\n<meta property=\"og:title\" content=\"Jugendkreistag 2020 \u2013 Wahlrecht mit 16? - Armin-Knab-Gymnasium Kitzingen\" \/>\n<meta property=\"og:description\" content=\"Mit dieser Fragestellung besch\u00e4ftigten sich Sch\u00fclerinnen und Sch\u00fcler der Klassen 10d\/e in der Vorbereitung auf den Jugendkreistag, der am 19. Februar 2020 zum 25. Mal im gro\u00dfen Sitzungssaal des Landratsamtes... weiterlesen &raquo;\" \/>\n<meta property=\"og:url\" content=\"https:\/\/armin-knab-gymnasium.de\/Home\/2020\/03\/02\/jugendkreistag-2020-wahlrecht-mit-16\/\" \/>\n<meta property=\"og:site_name\" content=\"Armin-Knab-Gymnasium Kitzingen\" \/>\n<meta property=\"article:published_time\" content=\"2020-03-02T14:37:39+00:00\" \/>\n<meta property=\"og:image\" content=\"https:\/\/armin-knab-gymnasium.de\/Home\/wp-content\/uploads\/2020\/03\/Jugendkreistag-1.jpg\" \/>\n\t<meta property=\"og:image:width\" content=\"569\" \/>\n\t<meta property=\"og:image:height\" content=\"399\" \/>\n\t<meta property=\"og:image:type\" content=\"image\/jpeg\" \/>\n<meta name=\"author\" content=\"Ina Redweik\" \/>\n<meta name=\"twitter:card\" content=\"summary_large_image\" \/>\n<meta name=\"twitter:label1\" content=\"Verfasst von\" \/>\n\t<meta name=\"twitter:data1\" content=\"Ina Redweik\" \/>\n\t<meta name=\"twitter:label2\" content=\"Gesch\u00e4tzte Lesezeit\" \/>\n\t<meta name=\"twitter:data2\" content=\"1\u00a0Minute\" \/>\n\t<meta name=\"twitter:label3\" content=\"Written by\" \/>\n\t<meta name=\"twitter:data3\" content=\"Ina Redweik\" \/>\n<script type=\"application\/ld+json\" class=\"yoast-schema-graph\">{\"@context\":\"https:\\\/\\\/schema.org\",\"@graph\":[{\"@type\":\"Article\",\"@id\":\"https:\\\/\\\/armin-knab-gymnasium.de\\\/Home\\\/2020\\\/03\\\/02\\\/jugendkreistag-2020-wahlrecht-mit-16\\\/#article\",\"isPartOf\":{\"@id\":\"https:\\\/\\\/armin-knab-gymnasium.de\\\/Home\\\/2020\\\/03\\\/02\\\/jugendkreistag-2020-wahlrecht-mit-16\\\/\"},\"author\":{\"name\":\"Ina Redweik\",\"@id\":\"https:\\\/\\\/armin-knab-gymnasium.de\\\/Home\\\/#\\\/schema\\\/person\\\/01a0a9f04b194099382490a0115f04f1\"},\"headline\":\"Jugendkreistag 2020 \u2013 Wahlrecht mit 16?\",\"datePublished\":\"2020-03-02T14:37:39+00:00\",\"mainEntityOfPage\":{\"@id\":\"https:\\\/\\\/armin-knab-gymnasium.de\\\/Home\\\/2020\\\/03\\\/02\\\/jugendkreistag-2020-wahlrecht-mit-16\\\/\"},\"wordCount\":197,\"publisher\":{\"@id\":\"https:\\\/\\\/armin-knab-gymnasium.de\\\/Home\\\/#organization\"},\"image\":{\"@id\":\"https:\\\/\\\/armin-knab-gymnasium.de\\\/Home\\\/2020\\\/03\\\/02\\\/jugendkreistag-2020-wahlrecht-mit-16\\\/#primaryimage\"},\"thumbnailUrl\":\"https:\\\/\\\/armin-knab-gymnasium.de\\\/Home\\\/wp-content\\\/uploads\\\/2020\\\/03\\\/Jugendkreistag-1.jpg\",\"articleSection\":[\"Sozialkunde\"],\"inLanguage\":\"de\"},{\"@type\":\"WebPage\",\"@id\":\"https:\\\/\\\/armin-knab-gymnasium.de\\\/Home\\\/2020\\\/03\\\/02\\\/jugendkreistag-2020-wahlrecht-mit-16\\\/\",\"url\":\"https:\\\/\\\/armin-knab-gymnasium.de\\\/Home\\\/2020\\\/03\\\/02\\\/jugendkreistag-2020-wahlrecht-mit-16\\\/\",\"name\":\"Jugendkreistag 2020 \u2013 Wahlrecht mit 16? - Armin-Knab-Gymnasium Kitzingen\",\"isPartOf\":{\"@id\":\"https:\\\/\\\/armin-knab-gymnasium.de\\\/Home\\\/#website\"},\"primaryImageOfPage\":{\"@id\":\"https:\\\/\\\/armin-knab-gymnasium.de\\\/Home\\\/2020\\\/03\\\/02\\\/jugendkreistag-2020-wahlrecht-mit-16\\\/#primaryimage\"},\"image\":{\"@id\":\"https:\\\/\\\/armin-knab-gymnasium.de\\\/Home\\\/2020\\\/03\\\/02\\\/jugendkreistag-2020-wahlrecht-mit-16\\\/#primaryimage\"},\"thumbnailUrl\":\"https:\\\/\\\/armin-knab-gymnasium.de\\\/Home\\\/wp-content\\\/uploads\\\/2020\\\/03\\\/Jugendkreistag-1.jpg\",\"datePublished\":\"2020-03-02T14:37:39+00:00\",\"breadcrumb\":{\"@id\":\"https:\\\/\\\/armin-knab-gymnasium.de\\\/Home\\\/2020\\\/03\\\/02\\\/jugendkreistag-2020-wahlrecht-mit-16\\\/#breadcrumb\"},\"inLanguage\":\"de\",\"potentialAction\":[{\"@type\":\"ReadAction\",\"target\":[\"https:\\\/\\\/armin-knab-gymnasium.de\\\/Home\\\/2020\\\/03\\\/02\\\/jugendkreistag-2020-wahlrecht-mit-16\\\/\"]}]},{\"@type\":\"ImageObject\",\"inLanguage\":\"de\",\"@id\":\"https:\\\/\\\/armin-knab-gymnasium.de\\\/Home\\\/2020\\\/03\\\/02\\\/jugendkreistag-2020-wahlrecht-mit-16\\\/#primaryimage\",\"url\":\"https:\\\/\\\/armin-knab-gymnasium.de\\\/Home\\\/wp-content\\\/uploads\\\/2020\\\/03\\\/Jugendkreistag-1.jpg\",\"contentUrl\":\"https:\\\/\\\/armin-knab-gymnasium.de\\\/Home\\\/wp-content\\\/uploads\\\/2020\\\/03\\\/Jugendkreistag-1.jpg\",\"width\":569,\"height\":399},{\"@type\":\"BreadcrumbList\",\"@id\":\"https:\\\/\\\/armin-knab-gymnasium.de\\\/Home\\\/2020\\\/03\\\/02\\\/jugendkreistag-2020-wahlrecht-mit-16\\\/#breadcrumb\",\"itemListElement\":[{\"@type\":\"ListItem\",\"position\":1,\"name\":\"Startseite\",\"item\":\"https:\\\/\\\/armin-knab-gymnasium.de\\\/Home\\\/\"},{\"@type\":\"ListItem\",\"position\":2,\"name\":\"Jugendkreistag 2020 \u2013 Wahlrecht mit 16?\"}]},{\"@type\":\"WebSite\",\"@id\":\"https:\\\/\\\/armin-knab-gymnasium.de\\\/Home\\\/#website\",\"url\":\"https:\\\/\\\/armin-knab-gymnasium.de\\\/Home\\\/\",\"name\":\"Armin-Knab-Gymnasium Kitzingen\",\"description\":\"Naturwissenschaftlich-technologisches und sprachliches Gymnasium\",\"publisher\":{\"@id\":\"https:\\\/\\\/armin-knab-gymnasium.de\\\/Home\\\/#organization\"},\"potentialAction\":[{\"@type\":\"SearchAction\",\"target\":{\"@type\":\"EntryPoint\",\"urlTemplate\":\"https:\\\/\\\/armin-knab-gymnasium.de\\\/Home\\\/?s={search_term_string}\"},\"query-input\":{\"@type\":\"PropertyValueSpecification\",\"valueRequired\":true,\"valueName\":\"search_term_string\"}}],\"inLanguage\":\"de\"},{\"@type\":\"Organization\",\"@id\":\"https:\\\/\\\/armin-knab-gymnasium.de\\\/Home\\\/#organization\",\"name\":\"Armin-Knab-Gymnasium Kitzingen\",\"url\":\"https:\\\/\\\/armin-knab-gymnasium.de\\\/Home\\\/\",\"logo\":{\"@type\":\"ImageObject\",\"inLanguage\":\"de\",\"@id\":\"https:\\\/\\\/armin-knab-gymnasium.de\\\/Home\\\/#\\\/schema\\\/logo\\\/image\\\/\",\"url\":\"https:\\\/\\\/armin-knab-gymnasium.de\\\/Home\\\/wp-content\\\/uploads\\\/2016\\\/11\\\/LogoIcon.png\",\"contentUrl\":\"https:\\\/\\\/armin-knab-gymnasium.de\\\/Home\\\/wp-content\\\/uploads\\\/2016\\\/11\\\/LogoIcon.png\",\"width\":512,\"height\":512,\"caption\":\"Armin-Knab-Gymnasium Kitzingen\"},\"image\":{\"@id\":\"https:\\\/\\\/armin-knab-gymnasium.de\\\/Home\\\/#\\\/schema\\\/logo\\\/image\\\/\"}},{\"@type\":\"Person\",\"@id\":\"https:\\\/\\\/armin-knab-gymnasium.de\\\/Home\\\/#\\\/schema\\\/person\\\/01a0a9f04b194099382490a0115f04f1\",\"name\":\"Ina Redweik\",\"image\":{\"@type\":\"ImageObject\",\"inLanguage\":\"de\",\"@id\":\"https:\\\/\\\/secure.gravatar.com\\\/avatar\\\/403ab5c05dd49ff8611bb7522d0e8ae95fa42f881e351bc57560170f26e4cba3?s=96&d=mm&r=g134ae2f8d8b6472a0c44bed060514868\",\"url\":\"https:\\\/\\\/secure.gravatar.com\\\/avatar\\\/403ab5c05dd49ff8611bb7522d0e8ae95fa42f881e351bc57560170f26e4cba3?s=96&d=mm&r=g\",\"contentUrl\":\"https:\\\/\\\/secure.gravatar.com\\\/avatar\\\/403ab5c05dd49ff8611bb7522d0e8ae95fa42f881e351bc57560170f26e4cba3?s=96&d=mm&r=g\",\"caption\":\"Ina Redweik\"},\"sameAs\":[\"https:\\\/\\\/armin-knab-gymnasium.de\\\/Home\"],\"url\":\"https:\\\/\\\/armin-knab-gymnasium.de\\\/Home\\\/author\\\/rek\\\/\"}]}<\/script>\n<!-- \/ Yoast SEO plugin. -->","yoast_head_json":{"title":"Jugendkreistag 2020 \u2013 Wahlrecht mit 16? - Armin-Knab-Gymnasium Kitzingen","robots":{"index":"index","follow":"follow","max-snippet":"max-snippet:-1","max-image-preview":"max-image-preview:large","max-video-preview":"max-video-preview:-1"},"canonical":"https:\/\/armin-knab-gymnasium.de\/Home\/2020\/03\/02\/jugendkreistag-2020-wahlrecht-mit-16\/","og_locale":"de_DE","og_type":"article","og_title":"Jugendkreistag 2020 \u2013 Wahlrecht mit 16? - Armin-Knab-Gymnasium Kitzingen","og_description":"Mit dieser Fragestellung besch\u00e4ftigten sich Sch\u00fclerinnen und Sch\u00fcler der Klassen 10d\/e in der Vorbereitung auf den Jugendkreistag, der am 19. Februar 2020 zum 25. Mal im gro\u00dfen Sitzungssaal des Landratsamtes... weiterlesen &raquo;","og_url":"https:\/\/armin-knab-gymnasium.de\/Home\/2020\/03\/02\/jugendkreistag-2020-wahlrecht-mit-16\/","og_site_name":"Armin-Knab-Gymnasium Kitzingen","article_published_time":"2020-03-02T14:37:39+00:00","og_image":[{"width":569,"height":399,"url":"https:\/\/armin-knab-gymnasium.de\/Home\/wp-content\/uploads\/2020\/03\/Jugendkreistag-1.jpg","type":"image\/jpeg"}],"author":"Ina Redweik","twitter_card":"summary_large_image","twitter_misc":{"Verfasst von":"Ina Redweik","Gesch\u00e4tzte Lesezeit":"1\u00a0Minute","Written by":"Ina Redweik"},"schema":{"@context":"https:\/\/schema.org","@graph":[{"@type":"Article","@id":"https:\/\/armin-knab-gymnasium.de\/Home\/2020\/03\/02\/jugendkreistag-2020-wahlrecht-mit-16\/#article","isPartOf":{"@id":"https:\/\/armin-knab-gymnasium.de\/Home\/2020\/03\/02\/jugendkreistag-2020-wahlrecht-mit-16\/"},"author":{"name":"Ina Redweik","@id":"https:\/\/armin-knab-gymnasium.de\/Home\/#\/schema\/person\/01a0a9f04b194099382490a0115f04f1"},"headline":"Jugendkreistag 2020 \u2013 Wahlrecht mit 16?","datePublished":"2020-03-02T14:37:39+00:00","mainEntityOfPage":{"@id":"https:\/\/armin-knab-gymnasium.de\/Home\/2020\/03\/02\/jugendkreistag-2020-wahlrecht-mit-16\/"},"wordCount":197,"publisher":{"@id":"https:\/\/armin-knab-gymnasium.de\/Home\/#organization"},"image":{"@id":"https:\/\/armin-knab-gymnasium.de\/Home\/2020\/03\/02\/jugendkreistag-2020-wahlrecht-mit-16\/#primaryimage"},"thumbnailUrl":"https:\/\/armin-knab-gymnasium.de\/Home\/wp-content\/uploads\/2020\/03\/Jugendkreistag-1.jpg","articleSection":["Sozialkunde"],"inLanguage":"de"},{"@type":"WebPage","@id":"https:\/\/armin-knab-gymnasium.de\/Home\/2020\/03\/02\/jugendkreistag-2020-wahlrecht-mit-16\/","url":"https:\/\/armin-knab-gymnasium.de\/Home\/2020\/03\/02\/jugendkreistag-2020-wahlrecht-mit-16\/","name":"Jugendkreistag 2020 \u2013 Wahlrecht mit 16? - Armin-Knab-Gymnasium Kitzingen","isPartOf":{"@id":"https:\/\/armin-knab-gymnasium.de\/Home\/#website"},"primaryImageOfPage":{"@id":"https:\/\/armin-knab-gymnasium.de\/Home\/2020\/03\/02\/jugendkreistag-2020-wahlrecht-mit-16\/#primaryimage"},"image":{"@id":"https:\/\/armin-knab-gymnasium.de\/Home\/2020\/03\/02\/jugendkreistag-2020-wahlrecht-mit-16\/#primaryimage"},"thumbnailUrl":"https:\/\/armin-knab-gymnasium.de\/Home\/wp-content\/uploads\/2020\/03\/Jugendkreistag-1.jpg","datePublished":"2020-03-02T14:37:39+00:00","breadcrumb":{"@id":"https:\/\/armin-knab-gymnasium.de\/Home\/2020\/03\/02\/jugendkreistag-2020-wahlrecht-mit-16\/#breadcrumb"},"inLanguage":"de","potentialAction":[{"@type":"ReadAction","target":["https:\/\/armin-knab-gymnasium.de\/Home\/2020\/03\/02\/jugendkreistag-2020-wahlrecht-mit-16\/"]}]},{"@type":"ImageObject","inLanguage":"de","@id":"https:\/\/armin-knab-gymnasium.de\/Home\/2020\/03\/02\/jugendkreistag-2020-wahlrecht-mit-16\/#primaryimage","url":"https:\/\/armin-knab-gymnasium.de\/Home\/wp-content\/uploads\/2020\/03\/Jugendkreistag-1.jpg","contentUrl":"https:\/\/armin-knab-gymnasium.de\/Home\/wp-content\/uploads\/2020\/03\/Jugendkreistag-1.jpg","width":569,"height":399},{"@type":"BreadcrumbList","@id":"https:\/\/armin-knab-gymnasium.de\/Home\/2020\/03\/02\/jugendkreistag-2020-wahlrecht-mit-16\/#breadcrumb","itemListElement":[{"@type":"ListItem","position":1,"name":"Startseite","item":"https:\/\/armin-knab-gymnasium.de\/Home\/"},{"@type":"ListItem","position":2,"name":"Jugendkreistag 2020 \u2013 Wahlrecht mit 16?"}]},{"@type":"WebSite","@id":"https:\/\/armin-knab-gymnasium.de\/Home\/#website","url":"https:\/\/armin-knab-gymnasium.de\/Home\/","name":"Armin-Knab-Gymnasium Kitzingen","description":"Naturwissenschaftlich-technologisches und sprachliches Gymnasium","publisher":{"@id":"https:\/\/armin-knab-gymnasium.de\/Home\/#organization"},"potentialAction":[{"@type":"SearchAction","target":{"@type":"EntryPoint","urlTemplate":"https:\/\/armin-knab-gymnasium.de\/Home\/?s={search_term_string}"},"query-input":{"@type":"PropertyValueSpecification","valueRequired":true,"valueName":"search_term_string"}}],"inLanguage":"de"},{"@type":"Organization","@id":"https:\/\/armin-knab-gymnasium.de\/Home\/#organization","name":"Armin-Knab-Gymnasium Kitzingen","url":"https:\/\/armin-knab-gymnasium.de\/Home\/","logo":{"@type":"ImageObject","inLanguage":"de","@id":"https:\/\/armin-knab-gymnasium.de\/Home\/#\/schema\/logo\/image\/","url":"https:\/\/armin-knab-gymnasium.de\/Home\/wp-content\/uploads\/2016\/11\/LogoIcon.png","contentUrl":"https:\/\/armin-knab-gymnasium.de\/Home\/wp-content\/uploads\/2016\/11\/LogoIcon.png","width":512,"height":512,"caption":"Armin-Knab-Gymnasium Kitzingen"},"image":{"@id":"https:\/\/armin-knab-gymnasium.de\/Home\/#\/schema\/logo\/image\/"}},{"@type":"Person","@id":"https:\/\/armin-knab-gymnasium.de\/Home\/#\/schema\/person\/01a0a9f04b194099382490a0115f04f1","name":"Ina Redweik","image":{"@type":"ImageObject","inLanguage":"de","@id":"https:\/\/secure.gravatar.com\/avatar\/403ab5c05dd49ff8611bb7522d0e8ae95fa42f881e351bc57560170f26e4cba3?s=96&d=mm&r=g134ae2f8d8b6472a0c44bed060514868","url":"https:\/\/secure.gravatar.com\/avatar\/403ab5c05dd49ff8611bb7522d0e8ae95fa42f881e351bc57560170f26e4cba3?s=96&d=mm&r=g","contentUrl":"https:\/\/secure.gravatar.com\/avatar\/403ab5c05dd49ff8611bb7522d0e8ae95fa42f881e351bc57560170f26e4cba3?s=96&d=mm&r=g","caption":"Ina Redweik"},"sameAs":["https:\/\/armin-knab-gymnasium.de\/Home"],"url":"https:\/\/armin-knab-gymnasium.de\/Home\/author\/rek\/"}]}},"publishpress_future_action":{"enabled":false,"date":"2026-05-08 13:56:45","action":"change-status","newStatus":"draft","terms":[],"taxonomy":"category","extraData":[]},"publishpress_future_workflow_manual_trigger":{"enabledWorkflows":[]},"_links":{"self":[{"href":"https:\/\/armin-knab-gymnasium.de\/Home\/wp-json\/wp\/v2\/posts\/7738","targetHints":{"allow":["GET"]}}],"collection":[{"href":"https:\/\/armin-knab-gymnasium.de\/Home\/wp-json\/wp\/v2\/posts"}],"about":[{"href":"https:\/\/armin-knab-gymnasium.de\/Home\/wp-json\/wp\/v2\/types\/post"}],"author":[{"embeddable":true,"href":"https:\/\/armin-knab-gymnasium.de\/Home\/wp-json\/wp\/v2\/users\/1050"}],"replies":[{"embeddable":true,"href":"https:\/\/armin-knab-gymnasium.de\/Home\/wp-json\/wp\/v2\/comments?post=7738"}],"version-history":[{"count":1,"href":"https:\/\/armin-knab-gymnasium.de\/Home\/wp-json\/wp\/v2\/posts\/7738\/revisions"}],"predecessor-version":[{"id":7740,"href":"https:\/\/armin-knab-gymnasium.de\/Home\/wp-json\/wp\/v2\/posts\/7738\/revisions\/7740"}],"wp:featuredmedia":[{"embeddable":true,"href":"https:\/\/armin-knab-gymnasium.de\/Home\/wp-json\/wp\/v2\/media\/7739"}],"wp:attachment":[{"href":"https:\/\/armin-knab-gymnasium.de\/Home\/wp-json\/wp\/v2\/media?parent=7738"}],"wp:term":[{"taxonomy":"category","embeddable":true,"href":"https:\/\/armin-knab-gymnasium.de\/Home\/wp-json\/wp\/v2\/categories?post=7738"},{"taxonomy":"post_tag","embeddable":true,"href":"https:\/\/armin-knab-gymnasium.de\/Home\/wp-json\/wp\/v2\/tags?post=7738"},{"taxonomy":"author","embeddable":true,"href":"https:\/\/armin-knab-gymnasium.de\/Home\/wp-json\/wp\/v2\/coauthors?post=7738"}],"curies":[{"name":"wp","href":"https:\/\/api.w.org\/{rel}","templated":true}]}}