{"id":9739,"date":"2026-01-07T08:20:29","date_gmt":"2026-01-07T07:20:29","guid":{"rendered":"http:\/\/armin-knab-gymnasium.de\/Home\/?p=9739"},"modified":"2026-03-05T07:22:19","modified_gmt":"2026-03-05T06:22:19","slug":"extreme-wetterverhaeltnisse-schulweginfo-bus-etc","status":"publish","type":"post","link":"https:\/\/armin-knab-gymnasium.de\/Home\/2026\/01\/07\/extreme-wetterverhaeltnisse-schulweginfo-bus-etc\/","title":{"rendered":"Extreme Wetterverh\u00e4ltnisse &#8211; Schulweginfo, Bus etc."},"content":{"rendered":"\n<p>Aufgrund von extremen winterlichen Wetterverh\u00e4ltnissen kann es auch im Landkreis Kitzingen zu Behinderungen in der Sch\u00fclerbef\u00f6rderung kommen.<\/p>\n\n\n\n<p>Die Information des Landratsamtes Kitzingen, die nach wie vor G\u00fcltigkeit hat, finden Sie <a href=\"https:\/\/armin-knab-gymnasium.de\/Home\/wp-content\/uploads\/2024\/12\/Winterliche-Wetterverhaeltnisse_24-01-19.pdf\">hier.<\/a><\/p>\n\n\n\n<p><\/p>\n","protected":false},"excerpt":{"rendered":"<p>Aufgrund von extremen winterlichen Wetterverh\u00e4ltnissen kann es auch im Landkreis Kitzingen zu Behinderungen in der Sch\u00fclerbef\u00f6rderung kommen. Die Information des Landratsamtes Kitzingen, die nach wie vor G\u00fcltigkeit hat, finden Sie&#8230; <a href=\"https:\/\/armin-knab-gymnasium.de\/Home\/2026\/01\/07\/extreme-wetterverhaeltnisse-schulweginfo-bus-etc\/\">weiterlesen &raquo;<\/a><\/p>\n","protected":false},"author":12,"featured_media":9740,"comment_status":"closed","ping_status":"closed","sticky":false,"template":"","format":"standard","meta":{"ghostkit_customizer_options":"","ghostkit_custom_css":"","ghostkit_custom_js_head":"","ghostkit_custom_js_foot":"","ghostkit_typography":"","footnotes":""},"categories":[1],"tags":[],"coauthors":[45],"class_list":["post-9739","post","type-post","status-publish","format-standard","has-post-thumbnail","hentry","category-allgemein"],"yoast_head":"<!-- This site is optimized with the Yoast SEO plugin v27.4 - https:\/\/yoast.com\/product\/yoast-seo-wordpress\/ -->\n<title>Extreme Wetterverh\u00e4ltnisse - Schulweginfo, Bus etc. - Armin-Knab-Gymnasium Kitzingen<\/title>\n<meta name=\"robots\" content=\"index, follow, max-snippet:-1, max-image-preview:large, max-video-preview:-1\" \/>\n<link rel=\"canonical\" href=\"https:\/\/armin-knab-gymnasium.de\/Home\/2026\/01\/07\/extreme-wetterverhaeltnisse-schulweginfo-bus-etc\/\" \/>\n<meta property=\"og:locale\" content=\"de_DE\" \/>\n<meta property=\"og:type\" content=\"article\" \/>\n<meta property=\"og:title\" content=\"Extreme Wetterverh\u00e4ltnisse - Schulweginfo, Bus etc. - Armin-Knab-Gymnasium Kitzingen\" \/>\n<meta property=\"og:description\" content=\"Aufgrund von extremen winterlichen Wetterverh\u00e4ltnissen kann es auch im Landkreis Kitzingen zu Behinderungen in der Sch\u00fclerbef\u00f6rderung kommen. Die Information des Landratsamtes Kitzingen, die nach wie vor G\u00fcltigkeit hat, finden Sie... weiterlesen &raquo;\" \/>\n<meta property=\"og:url\" content=\"https:\/\/armin-knab-gymnasium.de\/Home\/2026\/01\/07\/extreme-wetterverhaeltnisse-schulweginfo-bus-etc\/\" \/>\n<meta property=\"og:site_name\" content=\"Armin-Knab-Gymnasium Kitzingen\" \/>\n<meta property=\"article:published_time\" content=\"2026-01-07T07:20:29+00:00\" \/>\n<meta property=\"article:modified_time\" content=\"2026-03-05T06:22:19+00:00\" \/>\n<meta property=\"og:image\" content=\"https:\/\/armin-knab-gymnasium.de\/Home\/wp-content\/uploads\/2021\/02\/20170220_134513-scaled.jpg\" \/>\n\t<meta property=\"og:image:width\" content=\"2560\" \/>\n\t<meta property=\"og:image:height\" content=\"1440\" \/>\n\t<meta property=\"og:image:type\" content=\"image\/jpeg\" \/>\n<meta name=\"author\" content=\"Kerstin Fischer\" \/>\n<meta name=\"twitter:card\" content=\"summary_large_image\" \/>\n<meta name=\"twitter:label1\" content=\"Verfasst von\" \/>\n\t<meta name=\"twitter:data1\" content=\"Kerstin Fischer\" \/>\n\t<meta name=\"twitter:label2\" content=\"Gesch\u00e4tzte Lesezeit\" \/>\n\t<meta name=\"twitter:data2\" content=\"1\u00a0Minute\" \/>\n\t<meta name=\"twitter:label3\" content=\"Written by\" \/>\n\t<meta name=\"twitter:data3\" content=\"Kerstin Fischer\" \/>\n<script type=\"application\/ld+json\" class=\"yoast-schema-graph\">{\"@context\":\"https:\\\/\\\/schema.org\",\"@graph\":[{\"@type\":\"Article\",\"@id\":\"https:\\\/\\\/armin-knab-gymnasium.de\\\/Home\\\/2026\\\/01\\\/07\\\/extreme-wetterverhaeltnisse-schulweginfo-bus-etc\\\/#article\",\"isPartOf\":{\"@id\":\"https:\\\/\\\/armin-knab-gymnasium.de\\\/Home\\\/2026\\\/01\\\/07\\\/extreme-wetterverhaeltnisse-schulweginfo-bus-etc\\\/\"},\"author\":{\"name\":\"Kerstin Fischer\",\"@id\":\"https:\\\/\\\/armin-knab-gymnasium.de\\\/Home\\\/#\\\/schema\\\/person\\\/95d5a5ac4ade135fa472bfba70c2c81f\"},\"headline\":\"Extreme Wetterverh\u00e4ltnisse &#8211; Schulweginfo, Bus etc.\",\"datePublished\":\"2026-01-07T07:20:29+00:00\",\"dateModified\":\"2026-03-05T06:22:19+00:00\",\"mainEntityOfPage\":{\"@id\":\"https:\\\/\\\/armin-knab-gymnasium.de\\\/Home\\\/2026\\\/01\\\/07\\\/extreme-wetterverhaeltnisse-schulweginfo-bus-etc\\\/\"},\"wordCount\":42,\"publisher\":{\"@id\":\"https:\\\/\\\/armin-knab-gymnasium.de\\\/Home\\\/#organization\"},\"image\":{\"@id\":\"https:\\\/\\\/armin-knab-gymnasium.de\\\/Home\\\/2026\\\/01\\\/07\\\/extreme-wetterverhaeltnisse-schulweginfo-bus-etc\\\/#primaryimage\"},\"thumbnailUrl\":\"https:\\\/\\\/armin-knab-gymnasium.de\\\/Home\\\/wp-content\\\/uploads\\\/2021\\\/02\\\/20170220_134513-scaled.jpg\",\"inLanguage\":\"de\"},{\"@type\":\"WebPage\",\"@id\":\"https:\\\/\\\/armin-knab-gymnasium.de\\\/Home\\\/2026\\\/01\\\/07\\\/extreme-wetterverhaeltnisse-schulweginfo-bus-etc\\\/\",\"url\":\"https:\\\/\\\/armin-knab-gymnasium.de\\\/Home\\\/2026\\\/01\\\/07\\\/extreme-wetterverhaeltnisse-schulweginfo-bus-etc\\\/\",\"name\":\"Extreme Wetterverh\u00e4ltnisse - Schulweginfo, Bus etc. - Armin-Knab-Gymnasium Kitzingen\",\"isPartOf\":{\"@id\":\"https:\\\/\\\/armin-knab-gymnasium.de\\\/Home\\\/#website\"},\"primaryImageOfPage\":{\"@id\":\"https:\\\/\\\/armin-knab-gymnasium.de\\\/Home\\\/2026\\\/01\\\/07\\\/extreme-wetterverhaeltnisse-schulweginfo-bus-etc\\\/#primaryimage\"},\"image\":{\"@id\":\"https:\\\/\\\/armin-knab-gymnasium.de\\\/Home\\\/2026\\\/01\\\/07\\\/extreme-wetterverhaeltnisse-schulweginfo-bus-etc\\\/#primaryimage\"},\"thumbnailUrl\":\"https:\\\/\\\/armin-knab-gymnasium.de\\\/Home\\\/wp-content\\\/uploads\\\/2021\\\/02\\\/20170220_134513-scaled.jpg\",\"datePublished\":\"2026-01-07T07:20:29+00:00\",\"dateModified\":\"2026-03-05T06:22:19+00:00\",\"breadcrumb\":{\"@id\":\"https:\\\/\\\/armin-knab-gymnasium.de\\\/Home\\\/2026\\\/01\\\/07\\\/extreme-wetterverhaeltnisse-schulweginfo-bus-etc\\\/#breadcrumb\"},\"inLanguage\":\"de\",\"potentialAction\":[{\"@type\":\"ReadAction\",\"target\":[\"https:\\\/\\\/armin-knab-gymnasium.de\\\/Home\\\/2026\\\/01\\\/07\\\/extreme-wetterverhaeltnisse-schulweginfo-bus-etc\\\/\"]}]},{\"@type\":\"ImageObject\",\"inLanguage\":\"de\",\"@id\":\"https:\\\/\\\/armin-knab-gymnasium.de\\\/Home\\\/2026\\\/01\\\/07\\\/extreme-wetterverhaeltnisse-schulweginfo-bus-etc\\\/#primaryimage\",\"url\":\"https:\\\/\\\/armin-knab-gymnasium.de\\\/Home\\\/wp-content\\\/uploads\\\/2021\\\/02\\\/20170220_134513-scaled.jpg\",\"contentUrl\":\"https:\\\/\\\/armin-knab-gymnasium.de\\\/Home\\\/wp-content\\\/uploads\\\/2021\\\/02\\\/20170220_134513-scaled.jpg\",\"width\":2560,\"height\":1440},{\"@type\":\"BreadcrumbList\",\"@id\":\"https:\\\/\\\/armin-knab-gymnasium.de\\\/Home\\\/2026\\\/01\\\/07\\\/extreme-wetterverhaeltnisse-schulweginfo-bus-etc\\\/#breadcrumb\",\"itemListElement\":[{\"@type\":\"ListItem\",\"position\":1,\"name\":\"Startseite\",\"item\":\"https:\\\/\\\/armin-knab-gymnasium.de\\\/Home\\\/\"},{\"@type\":\"ListItem\",\"position\":2,\"name\":\"Extreme Wetterverh\u00e4ltnisse &#8211; Schulweginfo, Bus etc.\"}]},{\"@type\":\"WebSite\",\"@id\":\"https:\\\/\\\/armin-knab-gymnasium.de\\\/Home\\\/#website\",\"url\":\"https:\\\/\\\/armin-knab-gymnasium.de\\\/Home\\\/\",\"name\":\"Armin-Knab-Gymnasium Kitzingen\",\"description\":\"Naturwissenschaftlich-technologisches und sprachliches Gymnasium\",\"publisher\":{\"@id\":\"https:\\\/\\\/armin-knab-gymnasium.de\\\/Home\\\/#organization\"},\"potentialAction\":[{\"@type\":\"SearchAction\",\"target\":{\"@type\":\"EntryPoint\",\"urlTemplate\":\"https:\\\/\\\/armin-knab-gymnasium.de\\\/Home\\\/?s={search_term_string}\"},\"query-input\":{\"@type\":\"PropertyValueSpecification\",\"valueRequired\":true,\"valueName\":\"search_term_string\"}}],\"inLanguage\":\"de\"},{\"@type\":\"Organization\",\"@id\":\"https:\\\/\\\/armin-knab-gymnasium.de\\\/Home\\\/#organization\",\"name\":\"Armin-Knab-Gymnasium Kitzingen\",\"url\":\"https:\\\/\\\/armin-knab-gymnasium.de\\\/Home\\\/\",\"logo\":{\"@type\":\"ImageObject\",\"inLanguage\":\"de\",\"@id\":\"https:\\\/\\\/armin-knab-gymnasium.de\\\/Home\\\/#\\\/schema\\\/logo\\\/image\\\/\",\"url\":\"https:\\\/\\\/armin-knab-gymnasium.de\\\/Home\\\/wp-content\\\/uploads\\\/2016\\\/11\\\/LogoIcon.png\",\"contentUrl\":\"https:\\\/\\\/armin-knab-gymnasium.de\\\/Home\\\/wp-content\\\/uploads\\\/2016\\\/11\\\/LogoIcon.png\",\"width\":512,\"height\":512,\"caption\":\"Armin-Knab-Gymnasium Kitzingen\"},\"image\":{\"@id\":\"https:\\\/\\\/armin-knab-gymnasium.de\\\/Home\\\/#\\\/schema\\\/logo\\\/image\\\/\"}},{\"@type\":\"Person\",\"@id\":\"https:\\\/\\\/armin-knab-gymnasium.de\\\/Home\\\/#\\\/schema\\\/person\\\/95d5a5ac4ade135fa472bfba70c2c81f\",\"name\":\"Kerstin Fischer\",\"image\":{\"@type\":\"ImageObject\",\"inLanguage\":\"de\",\"@id\":\"https:\\\/\\\/secure.gravatar.com\\\/avatar\\\/7bdbf83899237cbc65555695b45b91f6924bfc710e71db53ad8637fc3de3eb54?s=96&d=mm&r=gd04ef5d85aac6e82f1173ac7b41753a3\",\"url\":\"https:\\\/\\\/secure.gravatar.com\\\/avatar\\\/7bdbf83899237cbc65555695b45b91f6924bfc710e71db53ad8637fc3de3eb54?s=96&d=mm&r=g\",\"contentUrl\":\"https:\\\/\\\/secure.gravatar.com\\\/avatar\\\/7bdbf83899237cbc65555695b45b91f6924bfc710e71db53ad8637fc3de3eb54?s=96&d=mm&r=g\",\"caption\":\"Kerstin Fischer\"},\"sameAs\":[\"https:\\\/\\\/armin-knab-gymnasium.de\\\/Home\"],\"url\":\"https:\\\/\\\/armin-knab-gymnasium.de\\\/Home\\\/author\\\/kweber\\\/\"}]}<\/script>\n<!-- \/ Yoast SEO plugin. -->","yoast_head_json":{"title":"Extreme Wetterverh\u00e4ltnisse - Schulweginfo, Bus etc. - Armin-Knab-Gymnasium Kitzingen","robots":{"index":"index","follow":"follow","max-snippet":"max-snippet:-1","max-image-preview":"max-image-preview:large","max-video-preview":"max-video-preview:-1"},"canonical":"https:\/\/armin-knab-gymnasium.de\/Home\/2026\/01\/07\/extreme-wetterverhaeltnisse-schulweginfo-bus-etc\/","og_locale":"de_DE","og_type":"article","og_title":"Extreme Wetterverh\u00e4ltnisse - Schulweginfo, Bus etc. - Armin-Knab-Gymnasium Kitzingen","og_description":"Aufgrund von extremen winterlichen Wetterverh\u00e4ltnissen kann es auch im Landkreis Kitzingen zu Behinderungen in der Sch\u00fclerbef\u00f6rderung kommen. Die Information des Landratsamtes Kitzingen, die nach wie vor G\u00fcltigkeit hat, finden Sie... weiterlesen &raquo;","og_url":"https:\/\/armin-knab-gymnasium.de\/Home\/2026\/01\/07\/extreme-wetterverhaeltnisse-schulweginfo-bus-etc\/","og_site_name":"Armin-Knab-Gymnasium Kitzingen","article_published_time":"2026-01-07T07:20:29+00:00","article_modified_time":"2026-03-05T06:22:19+00:00","og_image":[{"width":2560,"height":1440,"url":"https:\/\/armin-knab-gymnasium.de\/Home\/wp-content\/uploads\/2021\/02\/20170220_134513-scaled.jpg","type":"image\/jpeg"}],"author":"Kerstin Fischer","twitter_card":"summary_large_image","twitter_misc":{"Verfasst von":"Kerstin Fischer","Gesch\u00e4tzte Lesezeit":"1\u00a0Minute","Written by":"Kerstin Fischer"},"schema":{"@context":"https:\/\/schema.org","@graph":[{"@type":"Article","@id":"https:\/\/armin-knab-gymnasium.de\/Home\/2026\/01\/07\/extreme-wetterverhaeltnisse-schulweginfo-bus-etc\/#article","isPartOf":{"@id":"https:\/\/armin-knab-gymnasium.de\/Home\/2026\/01\/07\/extreme-wetterverhaeltnisse-schulweginfo-bus-etc\/"},"author":{"name":"Kerstin Fischer","@id":"https:\/\/armin-knab-gymnasium.de\/Home\/#\/schema\/person\/95d5a5ac4ade135fa472bfba70c2c81f"},"headline":"Extreme Wetterverh\u00e4ltnisse &#8211; Schulweginfo, Bus etc.","datePublished":"2026-01-07T07:20:29+00:00","dateModified":"2026-03-05T06:22:19+00:00","mainEntityOfPage":{"@id":"https:\/\/armin-knab-gymnasium.de\/Home\/2026\/01\/07\/extreme-wetterverhaeltnisse-schulweginfo-bus-etc\/"},"wordCount":42,"publisher":{"@id":"https:\/\/armin-knab-gymnasium.de\/Home\/#organization"},"image":{"@id":"https:\/\/armin-knab-gymnasium.de\/Home\/2026\/01\/07\/extreme-wetterverhaeltnisse-schulweginfo-bus-etc\/#primaryimage"},"thumbnailUrl":"https:\/\/armin-knab-gymnasium.de\/Home\/wp-content\/uploads\/2021\/02\/20170220_134513-scaled.jpg","inLanguage":"de"},{"@type":"WebPage","@id":"https:\/\/armin-knab-gymnasium.de\/Home\/2026\/01\/07\/extreme-wetterverhaeltnisse-schulweginfo-bus-etc\/","url":"https:\/\/armin-knab-gymnasium.de\/Home\/2026\/01\/07\/extreme-wetterverhaeltnisse-schulweginfo-bus-etc\/","name":"Extreme Wetterverh\u00e4ltnisse - Schulweginfo, Bus etc. - Armin-Knab-Gymnasium Kitzingen","isPartOf":{"@id":"https:\/\/armin-knab-gymnasium.de\/Home\/#website"},"primaryImageOfPage":{"@id":"https:\/\/armin-knab-gymnasium.de\/Home\/2026\/01\/07\/extreme-wetterverhaeltnisse-schulweginfo-bus-etc\/#primaryimage"},"image":{"@id":"https:\/\/armin-knab-gymnasium.de\/Home\/2026\/01\/07\/extreme-wetterverhaeltnisse-schulweginfo-bus-etc\/#primaryimage"},"thumbnailUrl":"https:\/\/armin-knab-gymnasium.de\/Home\/wp-content\/uploads\/2021\/02\/20170220_134513-scaled.jpg","datePublished":"2026-01-07T07:20:29+00:00","dateModified":"2026-03-05T06:22:19+00:00","breadcrumb":{"@id":"https:\/\/armin-knab-gymnasium.de\/Home\/2026\/01\/07\/extreme-wetterverhaeltnisse-schulweginfo-bus-etc\/#breadcrumb"},"inLanguage":"de","potentialAction":[{"@type":"ReadAction","target":["https:\/\/armin-knab-gymnasium.de\/Home\/2026\/01\/07\/extreme-wetterverhaeltnisse-schulweginfo-bus-etc\/"]}]},{"@type":"ImageObject","inLanguage":"de","@id":"https:\/\/armin-knab-gymnasium.de\/Home\/2026\/01\/07\/extreme-wetterverhaeltnisse-schulweginfo-bus-etc\/#primaryimage","url":"https:\/\/armin-knab-gymnasium.de\/Home\/wp-content\/uploads\/2021\/02\/20170220_134513-scaled.jpg","contentUrl":"https:\/\/armin-knab-gymnasium.de\/Home\/wp-content\/uploads\/2021\/02\/20170220_134513-scaled.jpg","width":2560,"height":1440},{"@type":"BreadcrumbList","@id":"https:\/\/armin-knab-gymnasium.de\/Home\/2026\/01\/07\/extreme-wetterverhaeltnisse-schulweginfo-bus-etc\/#breadcrumb","itemListElement":[{"@type":"ListItem","position":1,"name":"Startseite","item":"https:\/\/armin-knab-gymnasium.de\/Home\/"},{"@type":"ListItem","position":2,"name":"Extreme Wetterverh\u00e4ltnisse &#8211; Schulweginfo, Bus etc."}]},{"@type":"WebSite","@id":"https:\/\/armin-knab-gymnasium.de\/Home\/#website","url":"https:\/\/armin-knab-gymnasium.de\/Home\/","name":"Armin-Knab-Gymnasium Kitzingen","description":"Naturwissenschaftlich-technologisches und sprachliches Gymnasium","publisher":{"@id":"https:\/\/armin-knab-gymnasium.de\/Home\/#organization"},"potentialAction":[{"@type":"SearchAction","target":{"@type":"EntryPoint","urlTemplate":"https:\/\/armin-knab-gymnasium.de\/Home\/?s={search_term_string}"},"query-input":{"@type":"PropertyValueSpecification","valueRequired":true,"valueName":"search_term_string"}}],"inLanguage":"de"},{"@type":"Organization","@id":"https:\/\/armin-knab-gymnasium.de\/Home\/#organization","name":"Armin-Knab-Gymnasium Kitzingen","url":"https:\/\/armin-knab-gymnasium.de\/Home\/","logo":{"@type":"ImageObject","inLanguage":"de","@id":"https:\/\/armin-knab-gymnasium.de\/Home\/#\/schema\/logo\/image\/","url":"https:\/\/armin-knab-gymnasium.de\/Home\/wp-content\/uploads\/2016\/11\/LogoIcon.png","contentUrl":"https:\/\/armin-knab-gymnasium.de\/Home\/wp-content\/uploads\/2016\/11\/LogoIcon.png","width":512,"height":512,"caption":"Armin-Knab-Gymnasium Kitzingen"},"image":{"@id":"https:\/\/armin-knab-gymnasium.de\/Home\/#\/schema\/logo\/image\/"}},{"@type":"Person","@id":"https:\/\/armin-knab-gymnasium.de\/Home\/#\/schema\/person\/95d5a5ac4ade135fa472bfba70c2c81f","name":"Kerstin Fischer","image":{"@type":"ImageObject","inLanguage":"de","@id":"https:\/\/secure.gravatar.com\/avatar\/7bdbf83899237cbc65555695b45b91f6924bfc710e71db53ad8637fc3de3eb54?s=96&d=mm&r=gd04ef5d85aac6e82f1173ac7b41753a3","url":"https:\/\/secure.gravatar.com\/avatar\/7bdbf83899237cbc65555695b45b91f6924bfc710e71db53ad8637fc3de3eb54?s=96&d=mm&r=g","contentUrl":"https:\/\/secure.gravatar.com\/avatar\/7bdbf83899237cbc65555695b45b91f6924bfc710e71db53ad8637fc3de3eb54?s=96&d=mm&r=g","caption":"Kerstin Fischer"},"sameAs":["https:\/\/armin-knab-gymnasium.de\/Home"],"url":"https:\/\/armin-knab-gymnasium.de\/Home\/author\/kweber\/"}]}},"publishpress_future_action":{"enabled":false,"date":"2026-05-05 10:19:55","action":"change-status","newStatus":"draft","terms":[],"taxonomy":"category","extraData":[]},"publishpress_future_workflow_manual_trigger":{"enabledWorkflows":[]},"_links":{"self":[{"href":"https:\/\/armin-knab-gymnasium.de\/Home\/wp-json\/wp\/v2\/posts\/9739","targetHints":{"allow":["GET"]}}],"collection":[{"href":"https:\/\/armin-knab-gymnasium.de\/Home\/wp-json\/wp\/v2\/posts"}],"about":[{"href":"https:\/\/armin-knab-gymnasium.de\/Home\/wp-json\/wp\/v2\/types\/post"}],"author":[{"embeddable":true,"href":"https:\/\/armin-knab-gymnasium.de\/Home\/wp-json\/wp\/v2\/users\/12"}],"replies":[{"embeddable":true,"href":"https:\/\/armin-knab-gymnasium.de\/Home\/wp-json\/wp\/v2\/comments?post=9739"}],"version-history":[{"count":10,"href":"https:\/\/armin-knab-gymnasium.de\/Home\/wp-json\/wp\/v2\/posts\/9739\/revisions"}],"predecessor-version":[{"id":17619,"href":"https:\/\/armin-knab-gymnasium.de\/Home\/wp-json\/wp\/v2\/posts\/9739\/revisions\/17619"}],"wp:featuredmedia":[{"embeddable":true,"href":"https:\/\/armin-knab-gymnasium.de\/Home\/wp-json\/wp\/v2\/media\/9740"}],"wp:attachment":[{"href":"https:\/\/armin-knab-gymnasium.de\/Home\/wp-json\/wp\/v2\/media?parent=9739"}],"wp:term":[{"taxonomy":"category","embeddable":true,"href":"https:\/\/armin-knab-gymnasium.de\/Home\/wp-json\/wp\/v2\/categories?post=9739"},{"taxonomy":"post_tag","embeddable":true,"href":"https:\/\/armin-knab-gymnasium.de\/Home\/wp-json\/wp\/v2\/tags?post=9739"},{"taxonomy":"author","embeddable":true,"href":"https:\/\/armin-knab-gymnasium.de\/Home\/wp-json\/wp\/v2\/coauthors?post=9739"}],"curies":[{"name":"wp","href":"https:\/\/api.w.org\/{rel}","templated":true}]}}